{"id":150500,"date":"2026-03-08T12:45:32","date_gmt":"2026-03-08T11:45:32","guid":{"rendered":"https:\/\/www.mojevrijeme.hr\/magazin\/?p=150500"},"modified":"2026-03-08T12:45:33","modified_gmt":"2026-03-08T11:45:33","slug":"mate-uzinic-zene-su-i-danas-zakinute-i-neravnopravno-tretirane","status":"publish","type":"post","link":"https:\/\/www.mojevrijeme.hr\/magazin\/2026\/03\/mate-uzinic-zene-su-i-danas-zakinute-i-neravnopravno-tretirane\/","title":{"rendered":"Mate Uzini\u0107: \u017dene su i danas zakinute i neravnopravno tretirane"},"content":{"rendered":"\n<p>Povodom Me\u0111unarodnog dana \u017eena, rije\u010dki nasbiskup <strong>Mate Uzini\u0107<\/strong>, objavio je kratku ali sadr\u017eajnu poruku koja nas podsje\u0107a na ulogu i na polo\u017eaj moderne \u017eene. Ka\u017ee, zauzimanje za dostojanstvo \u017eena i njihova prava, i u dru\u0161tvu i u Crkvi, trajna je zada\u0107a svih nas.<\/p>\n\n\n\n<p>&#8220;Pre\u010desto ne vidimo nepravde koje vas poga\u0111aju. A kada o njima progovorite, va\u0161e rije\u010di ponekad do\u017eivljavamo kao napad, umjesto kao poziv u pomo\u0107 i poziv na obra\u0107enje&#8221;, navodi Uzini\u0107.<\/p>\n\n\n\n<p>&#8220;Isusov susret sa \u017eenom Samarijankom u dana\u0161njem evan\u0111elju pokazuje nam da je mogu\u0107e i druk\u010dije. Isus nas u\u010di da su nam \u017eene potrebne kao ravnopravne sugovornice i suradnice, a ne tek kao one koje \u0161utke nose teret, bez prava glasa i bez mjesta u odlu\u010divanju. To je put po\u0161tovanja, razgovora i vra\u0107anja dostojanstva&#8221;, upozorava nadbsiskup. <\/p><div id=\"mojev-2069285721\" class=\"mojev-u-tekstu mojev-entity-placement\" style=\"margin-left: auto;margin-right: auto;text-align: center;\"><div class=\"mojev-adlabel\">oglas<\/div><div style=\"height: 250px;\"><script async src=\"https:\/\/pagead2.googlesyndication.com\/pagead\/js\/adsbygoogle.js?client=ca-pub-8106111766207173\"\r\n     crossorigin=\"anonymous\"><\/script>\r\n<!-- Prikazni 1 u tekstu -->\r\n<ins class=\"adsbygoogle\"\r\n     style=\"display:block\"\r\n     data-ad-client=\"ca-pub-8106111766207173\"\r\n     data-ad-slot=\"8535551207\"\r\n     data-ad-format=\"auto\"\r\n     data-full-width-responsive=\"true\"><\/ins>\r\n<script>\r\n     (adsbygoogle = window.adsbygoogle || []).push({});\r\n<\/script><\/div><\/div><br style=\"clear: both; display: block; float: none;\"\/>\n\n\n\n<p>No, obja\u0161njava, nije dovoljno to samo prepoznati. Nije dovoljno ni priznati koliko tereta \u017eene nose, osobito u obiteljskom \u017eivotu. Potrebno je u\u010diniti vi\u0161e od toga.<\/p>\n\n\n\n<p>&#8220;Potrebno je da postanemo svjesni koliko ste jo\u0161 uvijek zakinute i neravnopravno tretirane samo zato \u0161to ste \u017eene. Potrebno je i da s vama ponesemo svoj dio tereta i odgovornosti te se zauzmemo za potrebne promjene. Neka ovaj dan bude poticaj na promjenu i obra\u0107enje, osobito u ovom korizmenom vremenu&#8221;, objavio je Uzini\u0107 uz \u010destitku: &#8220;A vama, drage \u017eene, hvala \u0161to postojite. Hvala vam za sve dobro koje \u010dinite. Neka vas i sve nas prati Bo\u017eji blagoslov. Sretan vam Dan \u017eena!&#8221;<\/p>\n<div id=\"mojev-2646588710\" class=\"mojev-kraj-teksta mojev-entity-placement\" style=\"margin-bottom: 20px;margin-left: auto;margin-right: auto;text-align: center;\"><div class=\"mojev-adlabel\">oglas<\/div><div style=\"height: 250px;\"><script async src=\"https:\/\/pagead2.googlesyndication.com\/pagead\/js\/adsbygoogle.js?client=ca-pub-8106111766207173\"\r\n     crossorigin=\"anonymous\"><\/script>\r\n<!-- Display-1 -->\r\n<ins class=\"adsbygoogle\"\r\n     style=\"display:block\"\r\n     data-ad-client=\"ca-pub-8106111766207173\"\r\n     data-ad-slot=\"1465712950\"\r\n     data-ad-format=\"auto\"\r\n     data-full-width-responsive=\"true\"><\/ins>\r\n<script>\r\n     (adsbygoogle = window.adsbygoogle || []).push({});\r\n<\/script><\/div><\/div>","protected":false},"excerpt":{"rendered":"<p>Povodom Me\u0111unarodnog dana \u017eena, rije\u010dki nasbiskup Mate Uzini\u0107, objavio je kratku ali sadr\u017eajnu poruku koja nas podsje\u0107a na ulogu i na polo\u017eaj moderne \u017eene. Ka\u017ee, zauzimanje za dostojanstvo \u017eena i njihova prava, i u dru\u0161tvu i u Crkvi, trajna je zada\u0107a svih nas. &#8220;Pre\u010desto ne vidimo nepravde koje vas poga\u0111aju. A kada o njima progovorite, [&hellip;]<\/p>\n","protected":false},"author":1,"featured_media":150503,"comment_status":"closed","ping_status":"closed","sticky":false,"template":"","format":"standard","meta":{"footnotes":""},"categories":[9],"tags":[772,285,2716],"class_list":["post-150500","post","type-post","status-publish","format-standard","has-post-thumbnail","hentry","category-vijesti","tag-dan-zena","tag-feminizam","tag-mate-uzinic"],"_links":{"self":[{"href":"https:\/\/www.mojevrijeme.hr\/magazin\/wp-json\/wp\/v2\/posts\/150500","targetHints":{"allow":["GET"]}}],"collection":[{"href":"https:\/\/www.mojevrijeme.hr\/magazin\/wp-json\/wp\/v2\/posts"}],"about":[{"href":"https:\/\/www.mojevrijeme.hr\/magazin\/wp-json\/wp\/v2\/types\/post"}],"author":[{"embeddable":true,"href":"https:\/\/www.mojevrijeme.hr\/magazin\/wp-json\/wp\/v2\/users\/1"}],"replies":[{"embeddable":true,"href":"https:\/\/www.mojevrijeme.hr\/magazin\/wp-json\/wp\/v2\/comments?post=150500"}],"version-history":[{"count":3,"href":"https:\/\/www.mojevrijeme.hr\/magazin\/wp-json\/wp\/v2\/posts\/150500\/revisions"}],"predecessor-version":[{"id":150504,"href":"https:\/\/www.mojevrijeme.hr\/magazin\/wp-json\/wp\/v2\/posts\/150500\/revisions\/150504"}],"wp:featuredmedia":[{"embeddable":true,"href":"https:\/\/www.mojevrijeme.hr\/magazin\/wp-json\/wp\/v2\/media\/150503"}],"wp:attachment":[{"href":"https:\/\/www.mojevrijeme.hr\/magazin\/wp-json\/wp\/v2\/media?parent=150500"}],"wp:term":[{"taxonomy":"category","embeddable":true,"href":"https:\/\/www.mojevrijeme.hr\/magazin\/wp-json\/wp\/v2\/categories?post=150500"},{"taxonomy":"post_tag","embeddable":true,"href":"https:\/\/www.mojevrijeme.hr\/magazin\/wp-json\/wp\/v2\/tags?post=150500"}],"curies":[{"name":"wp","href":"https:\/\/api.w.org\/{rel}","templated":true}]}}