{"id":150514,"date":"2026-03-08T17:22:12","date_gmt":"2026-03-08T16:22:12","guid":{"rendered":"https:\/\/www.mojevrijeme.hr\/magazin\/?p=150514"},"modified":"2026-03-08T17:22:13","modified_gmt":"2026-03-08T16:22:13","slug":"milanovic-povodom-8-marta-nazadni-stavovi-prema-pravima-zena-i-dalje-postoje","status":"publish","type":"post","link":"https:\/\/www.mojevrijeme.hr\/magazin\/2026\/03\/milanovic-povodom-8-marta-nazadni-stavovi-prema-pravima-zena-i-dalje-postoje\/","title":{"rendered":"Milanovi\u0107 povodom 8. marta: Nazadni stavovi prema pravima \u017eena i dalje postoje"},"content":{"rendered":"\n<p>Predsjednik Republike <strong>Zoran Milanovi\u0107<\/strong> \u010destitao je gra\u0111ankama Hrvatske Me\u0111unarodni dan \u017eena, uz upozorenje da postignuta prava \u017eena nisu nepovratna i da ih je potrebno stalno \u0161tititi.<\/p>\n\n\n\n<p>U poruci objavljenoj povodom 8. o\u017eujka predsjednik podsje\u0107a da \u017eene danas sudjeluju u svim podru\u010djima javnog, gospodarskog i politi\u010dkog \u017eivota, ali da takav polo\u017eaj nije oduvijek bio zajam\u010den. &#8220;I u hrvatskom dru\u0161tvu jo\u0161 uvijek postoje zagovornici nazadnih i neprihvatljivih stavova koji osporavaju davno postignuta \u017eenska prava&#8221;, napisao je Milanovi\u0107.<\/p>\n\n\n\n<p>U \u010destitki tako\u0111er isti\u010de da dr\u017eava mora imati aktivnu ulogu u za\u0161titi temeljnih prava i u uklanjanju prepreka koje sprje\u010davaju potpunu ravnopravnost \u017eena i mu\u0161karaca, osobito u podru\u010djima u kojima sna\u017ean utjecaj imaju tr\u017ei\u0161te rada i ekonomski interesi.<\/p><div id=\"mojev-3897928987\" class=\"mojev-u-tekstu mojev-entity-placement\" style=\"margin-left: auto;margin-right: auto;text-align: center;\"><div class=\"mojev-adlabel\">oglas<\/div><div style=\"height: 250px;\"><script async src=\"https:\/\/pagead2.googlesyndication.com\/pagead\/js\/adsbygoogle.js?client=ca-pub-8106111766207173\"\r\n     crossorigin=\"anonymous\"><\/script>\r\n<!-- Prikazni 1 u tekstu -->\r\n<ins class=\"adsbygoogle\"\r\n     style=\"display:block\"\r\n     data-ad-client=\"ca-pub-8106111766207173\"\r\n     data-ad-slot=\"8535551207\"\r\n     data-ad-format=\"auto\"\r\n     data-full-width-responsive=\"true\"><\/ins>\r\n<script>\r\n     (adsbygoogle = window.adsbygoogle || []).push({});\r\n<\/script><\/div><\/div><br style=\"clear: both; display: block; float: none;\"\/>\n\n\n\n<p>Milanovi\u0107 je zahvalio svima koji rade na promicanju ravnopravnosti \u017eena, ocijeniv\u0161i da je postizanje pune jednakosti va\u017ean doprinos razvoju ure\u0111enog i naprednog dru\u0161tva. &#8220;Postizanje potpune ravnopravnosti \u017eena zapravo je doprinos civiliziranom, ure\u0111enom i naprednom dru\u0161tvu kakvo Hrvatska mo\u017ee i mora biti&#8221;, kazao je predsjednik.<\/p>\n<div id=\"mojev-2480153658\" class=\"mojev-kraj-teksta mojev-entity-placement\" style=\"margin-bottom: 20px;margin-left: auto;margin-right: auto;text-align: center;\"><div class=\"mojev-adlabel\">oglas<\/div><div style=\"height: 250px;\"><script async src=\"https:\/\/pagead2.googlesyndication.com\/pagead\/js\/adsbygoogle.js?client=ca-pub-8106111766207173\"\r\n     crossorigin=\"anonymous\"><\/script>\r\n<!-- Display-1 -->\r\n<ins class=\"adsbygoogle\"\r\n     style=\"display:block\"\r\n     data-ad-client=\"ca-pub-8106111766207173\"\r\n     data-ad-slot=\"1465712950\"\r\n     data-ad-format=\"auto\"\r\n     data-full-width-responsive=\"true\"><\/ins>\r\n<script>\r\n     (adsbygoogle = window.adsbygoogle || []).push({});\r\n<\/script><\/div><\/div>","protected":false},"excerpt":{"rendered":"<p>Predsjednik Zoran Milanovi\u0107 \u010destitao je Dan \u017eena uz upozorenje da u hrvatskom dru\u0161tvu i dalje postoje zagovornici nazadnih i neprihvatljivih stavova koji dovode u pitanje ve\u0107 ostvarena prava \u017eena.<\/p>\n","protected":false},"author":1,"featured_media":115017,"comment_status":"closed","ping_status":"closed","sticky":false,"template":"","format":"standard","meta":{"footnotes":""},"categories":[9],"tags":[772,300],"class_list":["post-150514","post","type-post","status-publish","format-standard","has-post-thumbnail","hentry","category-vijesti","tag-dan-zena","tag-zoran-milanovic"],"_links":{"self":[{"href":"https:\/\/www.mojevrijeme.hr\/magazin\/wp-json\/wp\/v2\/posts\/150514","targetHints":{"allow":["GET"]}}],"collection":[{"href":"https:\/\/www.mojevrijeme.hr\/magazin\/wp-json\/wp\/v2\/posts"}],"about":[{"href":"https:\/\/www.mojevrijeme.hr\/magazin\/wp-json\/wp\/v2\/types\/post"}],"author":[{"embeddable":true,"href":"https:\/\/www.mojevrijeme.hr\/magazin\/wp-json\/wp\/v2\/users\/1"}],"replies":[{"embeddable":true,"href":"https:\/\/www.mojevrijeme.hr\/magazin\/wp-json\/wp\/v2\/comments?post=150514"}],"version-history":[{"count":2,"href":"https:\/\/www.mojevrijeme.hr\/magazin\/wp-json\/wp\/v2\/posts\/150514\/revisions"}],"predecessor-version":[{"id":150516,"href":"https:\/\/www.mojevrijeme.hr\/magazin\/wp-json\/wp\/v2\/posts\/150514\/revisions\/150516"}],"wp:featuredmedia":[{"embeddable":true,"href":"https:\/\/www.mojevrijeme.hr\/magazin\/wp-json\/wp\/v2\/media\/115017"}],"wp:attachment":[{"href":"https:\/\/www.mojevrijeme.hr\/magazin\/wp-json\/wp\/v2\/media?parent=150514"}],"wp:term":[{"taxonomy":"category","embeddable":true,"href":"https:\/\/www.mojevrijeme.hr\/magazin\/wp-json\/wp\/v2\/categories?post=150514"},{"taxonomy":"post_tag","embeddable":true,"href":"https:\/\/www.mojevrijeme.hr\/magazin\/wp-json\/wp\/v2\/tags?post=150514"}],"curies":[{"name":"wp","href":"https:\/\/api.w.org\/{rel}","templated":true}]}}