{"id":150540,"date":"2026-03-09T15:32:12","date_gmt":"2026-03-09T14:32:12","guid":{"rendered":"https:\/\/www.mojevrijeme.hr\/magazin\/?p=150540"},"modified":"2026-03-09T15:32:14","modified_gmt":"2026-03-09T14:32:14","slug":"tihomira-gradska-sam-cura-s-velikom-penzijom-nije-za-mene-motika","status":"publish","type":"post","link":"https:\/\/www.mojevrijeme.hr\/magazin\/2026\/03\/tihomira-gradska-sam-cura-s-velikom-penzijom-nije-za-mene-motika\/","title":{"rendered":"Tihomira: &#8216;Gradska sam cura s velikom penzijom, nije za mene motika&#8217;"},"content":{"rendered":"\n<p>Ispovijest u kojoj <a href=\"https:\/\/www.mojevrijeme.hr\/magazin\/2026\/03\/ana-77-imam-penziju-od-980-eura-ali-ne-sjedim-prekrizenih-ruku-kao-drugi\/\">umirovljenica <strong>Ana<\/strong> priznaje<\/a> da unato\u010d lijepoj mirovini i dalje vrijedno obra\u0111uje veliku njivu umjesto da \u201dsjedi prekri\u017eenih ruku poput mnogih drugih\u201d, javila nam se i umriovljena <strong>Tihomira (69)<\/strong> iz centra Zagreba.<\/p>\n\n\n\n<p>Ova umirovljenica smatra da ne treba veli\u010dati oranje i kopanje u mirovini te da obra\u0111ivanje zemlje nije jedini smisao \u017eivota niti zna\u010di da oni koji ne dr\u017ee motiku sjede i dangube.<\/p>\n\n\n\n<p>&#8220;Ako ste dru\u0161tvena osoba i otvorena srca i ne dr\u017eite se ku\u0107nog praga, lako mo\u017eete prona\u0107i motivaciju i u drugim zanimacijama osim motike. Meni su, recimo, dra\u017ei moji rituali s prijateljicama. Godinama se nedjeljom nalazimo na tr\u017enici Britanac, obavimo plac, a potom sjedimo na kavi na suncu. Poslije pojedemo burek, \u0107evape ili lignje, i taj dan ne kuhamo pa nam se nikud ne \u017euri&#8221;, otkriva umirovljenica Tihomira.<\/p><div id=\"mojev-3308594529\" class=\"mojev-u-tekstu mojev-entity-placement\" style=\"margin-left: auto;margin-right: auto;text-align: center;\"><div class=\"mojev-adlabel\">oglas<\/div><div style=\"height: 250px;\"><script async src=\"https:\/\/pagead2.googlesyndication.com\/pagead\/js\/adsbygoogle.js?client=ca-pub-8106111766207173\"\r\n     crossorigin=\"anonymous\"><\/script>\r\n<!-- Prikazni 1 u tekstu -->\r\n<ins class=\"adsbygoogle\"\r\n     style=\"display:block\"\r\n     data-ad-client=\"ca-pub-8106111766207173\"\r\n     data-ad-slot=\"8535551207\"\r\n     data-ad-format=\"auto\"\r\n     data-full-width-responsive=\"true\"><\/ins>\r\n<script>\r\n     (adsbygoogle = window.adsbygoogle || []).push({});\r\n<\/script><\/div><\/div><br style=\"clear: both; display: block; float: none;\"\/>\n\n\n\n<h2 class=\"wp-block-heading\">Pregr\u0161t zanimacija u mirovini<\/h2>\n\n\n\n<p>&#8220;Tako\u0111er, sve tri imamo pretplatu za Lisinski, tako da smo \u010desto na koncertu ili odemo na neku predstavu. Imamo omiljenu slasti\u010darnu na Ilici gdje su starinske krem\u0161nite po euro i pol i tu odemo barem jednom tjedno. Ni\u017ee na Ilici, prema Trgu, imamo i mjesto gdje u tjednu kava ujutro ko\u0161ta jedan euro. Bude tu puno umirovljenika koji <em>\u0161paraju<\/em>, ali se svojih gu\u0161ta ne odri\u010du. Mnoge ve\u0107 znamo iz vi\u0111enja i pozdravljamo se, uvijek bude zabavno&#8221;, isti\u010de.<\/p>\n\n\n\n<p>&#8220;Dvije od nas smo udovice i \u010dujemo se svaki dan, ponekad podijelimo i ru\u010dak ili kola\u010d jer \u017eivimo dvije zgrade jedna od druge. Ne stigne \u010dovjeku biti dosadno ako ima dru\u0161tvo, solidnu penziju i ako je poslo\u017een&#8221;, smatra i dodaje da ljeti ide na otok Bra\u010d i ne bi se odrekla mora zbog nikakvog pljevljenja niti zalijevanja.<\/p>\n\n\n\n<p>Dodatno potkrepljuje za\u0161to joj nije dosadno bez vrtlarenja: &#8220;Na sve to, pla\u0107am si bazen u jednom hotelu u blizni, imam veliku penziju pa si to mogu priu\u0161titi. Kad mi se ho\u0107e, a barem jednom tjedno, odem i na vje\u017ebanje preko programa <em>Sport za sve<\/em>. Vje\u017ebe su prilago\u0111ene ljudima tre\u0107e \u017eivotne dobi, \u010dlanarina je 60 eura godi\u0161nje i mislim da je to priu\u0161tivo svakome. Mo\u017eda netko tko kopa i sadi misli da je i to dangubljenje, ali svoj \u017eivot smatram sadr\u017eajnim i ni sa kim se ne bih mijenjala. Uostalom, odradila sam svojih 40 godina, vrijeme je da u\u017eivam.&#8221;<\/p>\n\n\n\n<h2 class=\"wp-block-heading\">Zaslu\u017eena sloboda i mirovina<\/h2>\n\n\n\n<p>Tu su i druge povremene, ali redovite radosti gospo\u0111e Tihomire. &#8220;Sutra imam termin kod frizerke, a poslije se nalazim s nekada\u0161njom kolegicom s posla kojoj se jako veselim. Zato neka ore tko \u017eeli orati, ali neka ne misli da mi koji ne oremo sjedimo prekri\u017eenih ruku. Tko si zna osmisliti vrijeme itekako mo\u017ee na mnoge druge na\u010dine. Toliko od jedne zadovoljne gradske gospo\u0111e u najboljim godinama, koja u\u017eiva u zaslu\u017eenoj slobodi i mirovini i nimalo joj ne nedostaje motika&#8221;, zaklju\u010duje gospo\u0111a Tihomira.<\/p>\n\n\n\n<p>S druge strane, pristalica kopanja vrta je i na\u0161a \u010ditateljica <strong>Nada<\/strong>, koja ka\u017ee da se od vrtlarenja <a href=\"https:\/\/www.mojevrijeme.hr\/magazin\/2026\/03\/nada-ide-u-mirovinu-od-610-eura-veselim-se-kopanju-vrta-jos-cu-i-zaraditi\/\">u mirovini mo\u017ee i zaraditi<\/a>.<\/p>\n\n\n\n<div id=\"crveno\"><\/p>\n\n\n\n<h3 class=\"wp-block-heading\">Zanima nas va\u0161a pri\u010da<\/h3>\n\n\n\n<p>\u017delite li i vi, posve anonimno, podijeliti svoje iskustvo i vi\u0111enje ove teme s nama i na\u0161im \u010ditateljima, mo\u017eete to u\u010diniti putem web obrasca <a rel=\"noreferrer noopener\" href=\"https:\/\/www.mojevrijeme.hr\/magazin\/povjerljivo\/\" target=\"_blank\">Povjerljivo<\/a>. Napi\u0161ite svoju pri\u010du!<\/p>\n\n\n\n<p><\/div>\n<div id=\"mojev-702896904\" class=\"mojev-kraj-teksta mojev-entity-placement\" style=\"margin-bottom: 20px;margin-left: auto;margin-right: auto;text-align: center;\"><div class=\"mojev-adlabel\">oglas<\/div><div style=\"height: 250px;\"><script async src=\"https:\/\/pagead2.googlesyndication.com\/pagead\/js\/adsbygoogle.js?client=ca-pub-8106111766207173\"\r\n     crossorigin=\"anonymous\"><\/script>\r\n<!-- Display-1 -->\r\n<ins class=\"adsbygoogle\"\r\n     style=\"display:block\"\r\n     data-ad-client=\"ca-pub-8106111766207173\"\r\n     data-ad-slot=\"1465712950\"\r\n     data-ad-format=\"auto\"\r\n     data-full-width-responsive=\"true\"><\/ins>\r\n<script>\r\n     (adsbygoogle = window.adsbygoogle || []).push({});\r\n<\/script><\/div><\/div>","protected":false},"excerpt":{"rendered":"<p>Su\u010deljavanje stavova na\u0161ih \u010ditatelja o aktivnostima u mirovini nastavlja se. Jedni tvrde da je najljep\u0161e uzeti motiku u ruke i gledati plodove svog rada, dok drugi smatraju da je rad u tim godinama precijenjen i da \u017eivot ima smisla i u \u010davrljanju uz \u0107evape, namakanju u toplicama i dru\u017eenju uz kavu i kola\u010d.<\/p>\n","protected":false},"author":17,"featured_media":104988,"comment_status":"closed","ping_status":"closed","sticky":false,"template":"","format":"standard","meta":{"footnotes":""},"categories":[3552],"tags":[18,960],"class_list":["post-150540","post","type-post","status-publish","format-standard","has-post-thumbnail","hentry","category-povjerljivo","tag-mirovine","tag-vrtlarstvo"],"_links":{"self":[{"href":"https:\/\/www.mojevrijeme.hr\/magazin\/wp-json\/wp\/v2\/posts\/150540","targetHints":{"allow":["GET"]}}],"collection":[{"href":"https:\/\/www.mojevrijeme.hr\/magazin\/wp-json\/wp\/v2\/posts"}],"about":[{"href":"https:\/\/www.mojevrijeme.hr\/magazin\/wp-json\/wp\/v2\/types\/post"}],"author":[{"embeddable":true,"href":"https:\/\/www.mojevrijeme.hr\/magazin\/wp-json\/wp\/v2\/users\/17"}],"replies":[{"embeddable":true,"href":"https:\/\/www.mojevrijeme.hr\/magazin\/wp-json\/wp\/v2\/comments?post=150540"}],"version-history":[{"count":13,"href":"https:\/\/www.mojevrijeme.hr\/magazin\/wp-json\/wp\/v2\/posts\/150540\/revisions"}],"predecessor-version":[{"id":150592,"href":"https:\/\/www.mojevrijeme.hr\/magazin\/wp-json\/wp\/v2\/posts\/150540\/revisions\/150592"}],"wp:featuredmedia":[{"embeddable":true,"href":"https:\/\/www.mojevrijeme.hr\/magazin\/wp-json\/wp\/v2\/media\/104988"}],"wp:attachment":[{"href":"https:\/\/www.mojevrijeme.hr\/magazin\/wp-json\/wp\/v2\/media?parent=150540"}],"wp:term":[{"taxonomy":"category","embeddable":true,"href":"https:\/\/www.mojevrijeme.hr\/magazin\/wp-json\/wp\/v2\/categories?post=150540"},{"taxonomy":"post_tag","embeddable":true,"href":"https:\/\/www.mojevrijeme.hr\/magazin\/wp-json\/wp\/v2\/tags?post=150540"}],"curies":[{"name":"wp","href":"https:\/\/api.w.org\/{rel}","templated":true}]}}