{"id":150566,"date":"2026-03-14T10:34:10","date_gmt":"2026-03-14T09:34:10","guid":{"rendered":"https:\/\/www.mojevrijeme.hr\/magazin\/?p=150566"},"modified":"2026-03-14T10:34:22","modified_gmt":"2026-03-14T09:34:22","slug":"primalja-svi-su-me-u-vlaku-osudivali-a-starija-me-zena-pohvalila","status":"publish","type":"post","link":"https:\/\/www.mojevrijeme.hr\/magazin\/2026\/03\/primalja-svi-su-me-u-vlaku-osudivali-a-starija-me-zena-pohvalila\/","title":{"rendered":"Primalja: &#8216;Svi su me u vlaku osu\u0111ivali, a starija me \u017eena pohvalila&#8217;"},"content":{"rendered":"\n<p>Primalja u zrelim godinama, koja je rodila jo\u0161 kao tinejd\u017eerica, prisjetila se koliko joj je kao mladoj majci bilo te\u0161ko s bebom, a najte\u017ee ako se u javnosti ne bi odmah sna\u0161la. \u010cesto je bila na rubu suza zbog osu\u0111uju\u0107ih pogleda drugih ljudi, a onda ju je zauvijek promijenila gesta nepoznate starije \u017eene, kojoj je i desetlje\u0107ima kasnije zahvalna.<\/p>\n\n\n\n<p>&#8220;Prvo sam dijete rodila s 19 godina. Nije mi bilo lako s bebom i svako malo osvijestila sam da me ljudi u javnosti promatraju i osu\u0111uju. Jedno poslijepodne silom sam se prilika ku\u0107i vra\u0107ala prepunim vlakom ba\u0161 u vrijeme najve\u0107e gu\u017eve, kad su ljudi i\u0161li s posla. To je bilo i vrijeme kad se mom dvogodi\u0161njem sinu spavalo i bio je razdra\u017eljiv. Po\u010deo je gubiti strpljenje pa sam ga poku\u0161avala zabaviti smije\u0161nim zvukovima i grimasama \u0161to je uglavnom upalilo jer se smijao i veselo cvrkutao&#8221;, ispri\u010dala je u ispovijesti za <em>The Guardian<\/em>.<\/p>\n\n\n\n<h2 class=\"wp-block-heading\">Nitko joj nije ponudio mjesto u vlaku<\/h2>\n\n\n\n<p>&#8220;No, primijetila sam da to nekim putnicima smeta, a alternativa je bio jo\u0161 glasniji pla\u010d koji bi svima bio daleko neugodniji. Situaciju je dodatno ote\u017eavalo to \u0161to mi apsolutno nitko nije ponudio mjesto za sjesti. Stajala sam tako s djetetom u naru\u010dju uz bok drugim naguranim putnicima koji su postajali sve nervozniji, pogledavali me i direktno i ispod oka i ubrzo sam bila na rubu suza&#8221;, prisjetila se.<\/p><div id=\"mojev-1981945389\" class=\"mojev-u-tekstu mojev-entity-placement\" style=\"margin-left: auto;margin-right: auto;text-align: center;\"><div class=\"mojev-adlabel\">oglas<\/div><div style=\"height: 250px;\"><script async src=\"https:\/\/pagead2.googlesyndication.com\/pagead\/js\/adsbygoogle.js?client=ca-pub-8106111766207173\"\r\n     crossorigin=\"anonymous\"><\/script>\r\n<!-- Prikazni 1 u tekstu -->\r\n<ins class=\"adsbygoogle\"\r\n     style=\"display:block\"\r\n     data-ad-client=\"ca-pub-8106111766207173\"\r\n     data-ad-slot=\"8535551207\"\r\n     data-ad-format=\"auto\"\r\n     data-full-width-responsive=\"true\"><\/ins>\r\n<script>\r\n     (adsbygoogle = window.adsbygoogle || []).push({});\r\n<\/script><\/div><\/div><br style=\"clear: both; display: block; float: none;\"\/>\n\n\n\n<p>U tom o\u010daju, ispri\u010dala je, pri\u0161la joj je starija \u017eena. &#8220;Stala je pokraj mene i neko vrijeme promatrala situaciju, a zatim mi je nje\u017eno stavila ruku na nadlakticu i rekla: &#8216;Odli\u010dno radite svoj posao.&#8217; Bilo je to za mene ogromno olak\u0161anje i stresni trenutak odmah je postao podno\u0161ljiviji. Njezine rije\u010di ohrabrenja zauvijek su mi ostale u sje\u0107anju. Bila sam sigurna da je ova gospo\u0111a u zlatnim godinama i sama majka, baka, a mo\u017eda i prabaka i da razumije kroz \u0161to prolazim&#8221;, svjedo\u010di.<\/p>\n\n\n\n<h2 class=\"wp-block-heading\">Ne ote\u017eavajte majkama u neugodnim situacijama<\/h2>\n\n\n\n<p>Na kraju je ispri\u010dala da se, kao primalja, i danas \u010desto prisjeti te \u017eene. &#8220;Kad vidim majke na rubu izdr\u017eljivosti, nastojim im prenijeti istu dobrotu koju sam tada do\u017eivjela i ka\u017eem im: \u2018Va\u0161a je beba voljena i sita, radite dobar posao.\u2019 Iz iskustva vam mogu re\u0107i da mnoge majke to ne \u010duju dovoljno \u010desto. Neke uop\u0107e. U javnosti su pod ve\u0107im pove\u0107alom nego o\u010devi, a osje\u0107aj da vas drugi promatraju i procjenjuju mo\u017ee biti vrlo te\u017eak. Iz vlastitog iskustva znam da nekoliko rije\u010di ohrabrenja \u017eeni mo\u017ee promijeniti dan i u\u010diniti joj te\u0161ke trenutke barem malo lak\u0161ima. Upamtite to svi&#8221;, zaklju\u010duje primalja.<\/p>\n\n\n\n<div id=\"crveno\"><\/p>\n\n\n\n<h3 class=\"wp-block-heading\">Zanima nas va\u0161a pri\u010da<\/h3>\n\n\n\n<p>\u017delite li i vi, posve anonimno, podijeliti svoje iskustvo i vi\u0111enje ove teme s nama i na\u0161im \u010ditateljima, mo\u017eete to u\u010diniti putem web obrasca <a rel=\"noreferrer noopener\" href=\"https:\/\/www.mojevrijeme.hr\/magazin\/povjerljivo\/\" target=\"_blank\">Povjerljivo<\/a>. Napi\u0161ite svoju pri\u010du!<\/p>\n\n\n\n<p><\/div>\n<div id=\"mojev-1031924515\" class=\"mojev-kraj-teksta mojev-entity-placement\" style=\"margin-bottom: 20px;margin-left: auto;margin-right: auto;text-align: center;\"><div class=\"mojev-adlabel\">oglas<\/div><div style=\"height: 250px;\"><script async src=\"https:\/\/pagead2.googlesyndication.com\/pagead\/js\/adsbygoogle.js?client=ca-pub-8106111766207173\"\r\n     crossorigin=\"anonymous\"><\/script>\r\n<!-- Display-1 -->\r\n<ins class=\"adsbygoogle\"\r\n     style=\"display:block\"\r\n     data-ad-client=\"ca-pub-8106111766207173\"\r\n     data-ad-slot=\"1465712950\"\r\n     data-ad-format=\"auto\"\r\n     data-full-width-responsive=\"true\"><\/ins>\r\n<script>\r\n     (adsbygoogle = window.adsbygoogle || []).push({});\r\n<\/script><\/div><\/div>","protected":false},"excerpt":{"rendered":"<p>Ponekad i sasvim mala gesta neznanca, kao \u0161to je topli stisak ruke uz nekoliko rije\u010di ohrabrenja kad smo u neugodnoj situaciji, mo\u017ee ostaviti dubok trag u na\u0161em \u017eivotu. Va\u017enost takvih susreta \u010desto nadilazi sam trenutak jer mo\u017ee promijeniti na\u0161 pogled na ljude i potaknuti nas da budemo obazriviji.<\/p>\n","protected":false},"author":17,"featured_media":76057,"comment_status":"closed","ping_status":"closed","sticky":false,"template":"","format":"standard","meta":{"footnotes":""},"categories":[2],"tags":[878,1447],"class_list":["post-150566","post","type-post","status-publish","format-standard","has-post-thumbnail","hentry","category-mozaik","tag-javni-prijevoz","tag-majcinstvo"],"_links":{"self":[{"href":"https:\/\/www.mojevrijeme.hr\/magazin\/wp-json\/wp\/v2\/posts\/150566","targetHints":{"allow":["GET"]}}],"collection":[{"href":"https:\/\/www.mojevrijeme.hr\/magazin\/wp-json\/wp\/v2\/posts"}],"about":[{"href":"https:\/\/www.mojevrijeme.hr\/magazin\/wp-json\/wp\/v2\/types\/post"}],"author":[{"embeddable":true,"href":"https:\/\/www.mojevrijeme.hr\/magazin\/wp-json\/wp\/v2\/users\/17"}],"replies":[{"embeddable":true,"href":"https:\/\/www.mojevrijeme.hr\/magazin\/wp-json\/wp\/v2\/comments?post=150566"}],"version-history":[{"count":8,"href":"https:\/\/www.mojevrijeme.hr\/magazin\/wp-json\/wp\/v2\/posts\/150566\/revisions"}],"predecessor-version":[{"id":150779,"href":"https:\/\/www.mojevrijeme.hr\/magazin\/wp-json\/wp\/v2\/posts\/150566\/revisions\/150779"}],"wp:featuredmedia":[{"embeddable":true,"href":"https:\/\/www.mojevrijeme.hr\/magazin\/wp-json\/wp\/v2\/media\/76057"}],"wp:attachment":[{"href":"https:\/\/www.mojevrijeme.hr\/magazin\/wp-json\/wp\/v2\/media?parent=150566"}],"wp:term":[{"taxonomy":"category","embeddable":true,"href":"https:\/\/www.mojevrijeme.hr\/magazin\/wp-json\/wp\/v2\/categories?post=150566"},{"taxonomy":"post_tag","embeddable":true,"href":"https:\/\/www.mojevrijeme.hr\/magazin\/wp-json\/wp\/v2\/tags?post=150566"}],"curies":[{"name":"wp","href":"https:\/\/api.w.org\/{rel}","templated":true}]}}