{"id":150593,"date":"2026-03-09T17:14:17","date_gmt":"2026-03-09T16:14:17","guid":{"rendered":"https:\/\/www.mojevrijeme.hr\/magazin\/?p=150593"},"modified":"2026-03-10T22:24:11","modified_gmt":"2026-03-10T21:24:11","slug":"tri-medalje-za-hrvatske-novinare-na-svjetskom-prvenstvu-u-skijanju","status":"publish","type":"post","link":"https:\/\/www.mojevrijeme.hr\/magazin\/2026\/03\/tri-medalje-za-hrvatske-novinare-na-svjetskom-prvenstvu-u-skijanju\/","title":{"rendered":"Tri medalje za hrvatske novinare na svjetskom prvenstvu u skijanju"},"content":{"rendered":"\n<p>Hrvatski tim osvojio je tri medalje na Svjetskom prvenstvu novinara skija\u0161a koje je od 1. do 7. o\u017eujka odr\u017eano u katalonskom skija\u0161kom centru Boi Ta\u00fcll. Novinarka Indexa Ana Rai\u0107 osvojila je dva odli\u010dja &#8211; srebrnu medalju u veleslalomu u seniorskoj konkurenciji, te srebro u kombinaciji, za koju se boduju veleslalom i utrka u nordijskom skijanju.<\/p>\n\n\n\n<p>Slobodna novinarka Branka Malnar doskijala je do srebra u superseniorskoj konkurenciji. Tre\u0107i \u010dlan hrvatske ekipe fotograf Rino Gropuzzo nije u\u0161ao u borbu za odli\u010dje.<\/p>\n\n\n\n<p>Doma\u0107in ovogodi\u0161njeg Svjetskog prvenstva novinara skija\u0161a bio je Ski klub \u0161panjolskih novinara uz podr\u0161ku Turisti\u010dke zajednice Katalonije i Lleide. Boi Ta\u00fcll je najvi\u0161e skijali\u0161te u \u0161panjolskim Pirinejima.<\/p><div id=\"mojev-1911243731\" class=\"mojev-u-tekstu mojev-entity-placement\" style=\"margin-left: auto;margin-right: auto;text-align: center;\"><div class=\"mojev-adlabel\">oglas<\/div><div style=\"height: 250px;\"><script async src=\"https:\/\/pagead2.googlesyndication.com\/pagead\/js\/adsbygoogle.js?client=ca-pub-8106111766207173\"\r\n     crossorigin=\"anonymous\"><\/script>\r\n<!-- Prikazni 1 u tekstu -->\r\n<ins class=\"adsbygoogle\"\r\n     style=\"display:block\"\r\n     data-ad-client=\"ca-pub-8106111766207173\"\r\n     data-ad-slot=\"8535551207\"\r\n     data-ad-format=\"auto\"\r\n     data-full-width-responsive=\"true\"><\/ins>\r\n<script>\r\n     (adsbygoogle = window.adsbygoogle || []).push({});\r\n<\/script><\/div><\/div><br style=\"clear: both; display: block; float: none;\"\/>\n\n\n\n<p>&#8220;Boi Ta\u00fcll je skijali\u0161te koje u svom obuhvatu ima i dijelove pod UNESCO-vom za\u0161titom &#8211; romani\u010dke crkve, ali pru\u017ea i iznimni gastronomski do\u017eivljaj kojeg smo imali priliku isprobati. Kuhao nam je Oriol Castro, jedan od najpoznatijih \u0161panjolskih \u0161efova koji ima restoran s tri Michelinove zvjezdice a pripremao je jela s ov\u010dojom vunom i snijegom, odnosno vodom iz Pirinejskih izvora.<\/p>\n\n\n\n<p>Na\u0161 je tim na tzv. Nacionalnoj ve\u010deri koja se odr\u017eava u sklopu Prvenstva s ponosom izlo\u017eilo bakalar na bijelo i in\u0107une koje su nam pripremili Arbacommerce i Milena bakalar.<\/p>\n\n\n\n<p>Odli\u010dan rezultat u veleslalomu mogu zahvaliti i servisu Ski Frankie koji mi je pripremio skije. Na\u0161 su nastup podr\u017eali i Generali osiguranje, te Hrvatska turisti\u010dka zajednica&#8221;, rekla je Rai\u0107 nakon sve\u010danog zatvaranja Svjetskog prvenstva novinara skija\u0161a.<\/p>\n\n\n\n<p>Ina\u010de, Ski klub me\u0111unarodnih novinara, koji je od nedavno me\u0111unarodna neprofitna novinarska organizacija, organizira ovakve susrete ve\u0107 71 godinu. Ovogodi\u0161nji doga\u0111aj bio je i izborni za klub, te je za novu predsjednicu izabrana poznata \u0161vicarska novinarka Anne Fournier.<\/p>\n\n\n\n<p>Susret je bio i prilika za razmjenu informacija o aktualnim problemima koji priti\u0161\u0107u novinarsku profesiju, posebno gubitak povjerenja u tradicionalne medije, ali i o situaciji s klimatskim promjenama zbog kojih dolazi do nedostatka snijega pa skijali\u0161ta za ni\u017eim nadmorskim visinama ve\u0107 po\u010dinju skra\u0107ivati svoje otvorene sezone.<\/p>\n\n\n\n<p>Stru\u010dnjaci su slo\u017eni da \u0107e u idu\u0107ih 50 godina umjetni snijeg biti klju\u010dan za odr\u017eavanje skija\u0161kih natjecanja, kao i da \u0107e skijali\u0161ta na visinama preko 2.000 metara lak\u0161e odr\u017eavati svoj rad.<\/p>\n<div id=\"mojev-4212287110\" class=\"mojev-kraj-teksta mojev-entity-placement\" style=\"margin-bottom: 20px;margin-left: auto;margin-right: auto;text-align: center;\"><div class=\"mojev-adlabel\">oglas<\/div><div style=\"height: 250px;\"><script async src=\"https:\/\/pagead2.googlesyndication.com\/pagead\/js\/adsbygoogle.js?client=ca-pub-8106111766207173\"\r\n     crossorigin=\"anonymous\"><\/script>\r\n<!-- Display-1 -->\r\n<ins class=\"adsbygoogle\"\r\n     style=\"display:block\"\r\n     data-ad-client=\"ca-pub-8106111766207173\"\r\n     data-ad-slot=\"1465712950\"\r\n     data-ad-format=\"auto\"\r\n     data-full-width-responsive=\"true\"><\/ins>\r\n<script>\r\n     (adsbygoogle = window.adsbygoogle || []).push({});\r\n<\/script><\/div><\/div>","protected":false},"excerpt":{"rendered":"<p>Hrvatski novinari osvojili su tri medalje na Svjetskom prvenstvu novinara skija\u0161a u katalonskom skijali\u0161tu Boi Ta\u00fcll. Ana Rai\u0107 osvojila je dva srebra, u veleslalomu i kombinaciji, dok je Branka Malnar do\u0161la do srebra u superseniorskoj konkurenciji.<\/p>\n","protected":false},"author":16,"featured_media":150595,"comment_status":"closed","ping_status":"closed","sticky":false,"template":"","format":"standard","meta":{"footnotes":""},"categories":[9],"tags":[2817,1659,283],"class_list":["post-150593","post","type-post","status-publish","format-standard","has-post-thumbnail","hentry","category-vijesti","tag-novinari","tag-skijanje","tag-sport"],"_links":{"self":[{"href":"https:\/\/www.mojevrijeme.hr\/magazin\/wp-json\/wp\/v2\/posts\/150593","targetHints":{"allow":["GET"]}}],"collection":[{"href":"https:\/\/www.mojevrijeme.hr\/magazin\/wp-json\/wp\/v2\/posts"}],"about":[{"href":"https:\/\/www.mojevrijeme.hr\/magazin\/wp-json\/wp\/v2\/types\/post"}],"author":[{"embeddable":true,"href":"https:\/\/www.mojevrijeme.hr\/magazin\/wp-json\/wp\/v2\/users\/16"}],"replies":[{"embeddable":true,"href":"https:\/\/www.mojevrijeme.hr\/magazin\/wp-json\/wp\/v2\/comments?post=150593"}],"version-history":[{"count":1,"href":"https:\/\/www.mojevrijeme.hr\/magazin\/wp-json\/wp\/v2\/posts\/150593\/revisions"}],"predecessor-version":[{"id":150596,"href":"https:\/\/www.mojevrijeme.hr\/magazin\/wp-json\/wp\/v2\/posts\/150593\/revisions\/150596"}],"wp:featuredmedia":[{"embeddable":true,"href":"https:\/\/www.mojevrijeme.hr\/magazin\/wp-json\/wp\/v2\/media\/150595"}],"wp:attachment":[{"href":"https:\/\/www.mojevrijeme.hr\/magazin\/wp-json\/wp\/v2\/media?parent=150593"}],"wp:term":[{"taxonomy":"category","embeddable":true,"href":"https:\/\/www.mojevrijeme.hr\/magazin\/wp-json\/wp\/v2\/categories?post=150593"},{"taxonomy":"post_tag","embeddable":true,"href":"https:\/\/www.mojevrijeme.hr\/magazin\/wp-json\/wp\/v2\/tags?post=150593"}],"curies":[{"name":"wp","href":"https:\/\/api.w.org\/{rel}","templated":true}]}}