{"id":150618,"date":"2026-03-10T11:19:06","date_gmt":"2026-03-10T10:19:06","guid":{"rendered":"https:\/\/www.mojevrijeme.hr\/magazin\/?p=150618"},"modified":"2026-03-10T22:23:56","modified_gmt":"2026-03-10T21:23:56","slug":"novi-umirovljenici-imaju-63-godine-i-35-godina-staza-gdje-je-nestalo-pet-godina-rada","status":"publish","type":"post","link":"https:\/\/www.mojevrijeme.hr\/magazin\/2026\/03\/novi-umirovljenici-imaju-63-godine-i-35-godina-staza-gdje-je-nestalo-pet-godina-rada\/","title":{"rendered":"Novi umirovljenici imaju 35 godina sta\u017ea &#8211; gdje je nestalo pet godina rada?"},"content":{"rendered":"\n<p>Tko su novi umirovljenici i s koliko godina sta\u017ea odlaze u mirovinu? Pitanje je to koje se name\u0107e, posebno u svjetlu nedostatka i uvoza radne snage. No novi korisnici starosne mirovine u prosjeku imaju 63 godine i devet mjeseci \u017eivota, a u radnu knji\u017eicu upisano im je 35 godina i tri mjeseca mirovinskog sta\u017ea.<\/p>\n\n\n\n<p>Ako se uzme u obzir da ve\u0107ina ljudi na tr\u017ei\u0161te rada ulazi po\u010detkom dvadesetih godina, potencijalni radni vijek do odlaska u mirovinu mogao bi trajati oko \u010detrdeset godina. Statistika, me\u0111utim, pokazuje da prosje\u010dan novi umirovljenik ima oko pet godina sta\u017ea manje od toga.<\/p>\n\n\n\n<h2 class=\"wp-block-heading\">Za\u0161to im nedostaje sta\u017e?<\/h2>\n\n\n\n<p>U prosje\u010dnoj radnoj biografiji nalazi se nekoliko godina tijekom kojih osoba nije bila u sustavu mirovinskog osiguranja. Razlozi mogu biti razni, od nezaposlenosti preko kasnog ulaska na tr\u017ei\u0161te rada i prekarnog rada pa do rada na crno.<\/p><div id=\"mojev-492632262\" class=\"mojev-u-tekstu mojev-entity-placement\" style=\"margin-left: auto;margin-right: auto;text-align: center;\"><div class=\"mojev-adlabel\">oglas<\/div><div style=\"height: 250px;\"><script async src=\"https:\/\/pagead2.googlesyndication.com\/pagead\/js\/adsbygoogle.js?client=ca-pub-8106111766207173\"\r\n     crossorigin=\"anonymous\"><\/script>\r\n<!-- Prikazni 1 u tekstu -->\r\n<ins class=\"adsbygoogle\"\r\n     style=\"display:block\"\r\n     data-ad-client=\"ca-pub-8106111766207173\"\r\n     data-ad-slot=\"8535551207\"\r\n     data-ad-format=\"auto\"\r\n     data-full-width-responsive=\"true\"><\/ins>\r\n<script>\r\n     (adsbygoogle = window.adsbygoogle || []).push({});\r\n<\/script><\/div><\/div><br style=\"clear: both; display: block; float: none;\"\/>\n\n\n\n<p>Podaci Hrvatskog zavoda za mirovinsko osiguranje otkrivaju i razlike izme\u0111u mu\u0161karaca i \u017eena. Mu\u0161karci koji su pro\u0161le godine oti\u0161li u starosnu mirovinu imali su u prosjeku 35 godina i \u0161est mjeseci sta\u017ea, dok su \u017eene imale 34 godine i jedanaest mjeseci. Uz to, mu\u0161karci su se umirovili sa 64 godine, a \u017eene sa 63 godine i 4 mjeseca.<\/p>\n\n\n\n<h2 class=\"wp-block-heading\">U invalidsku mirovinu desetak godina ranije<\/h2>\n\n\n\n<p>Statistika pokazuje i koliko se razlikuje situacija kod invalidskih mirovina. Novi korisnici invalidske mirovine u prosjeku imaju 55 godina \u017eivota, a iza sebe 24 godine i sedam mjeseci sta\u017ea.<\/p>\n\n\n\n<p>Da bi se ovi podaci mogli pravilno kontekstualizirati, va\u017eno je znati da je lani pravo na mirovinu ostvarilo 36.898 osoba prema Zakonu o mirovinskom osiguranju (bez me\u0111unarodnih ugovora). Najve\u0107i dio njih otpada na starosne mirovine, kojih je bilo 29.280, dok je invalidsku mirovinu prvi put ostvarilo 1.898 osoba. Ostatak \u010dine obiteljske mirovine.<\/p>\n<div id=\"mojev-538438960\" class=\"mojev-kraj-teksta mojev-entity-placement\" style=\"margin-bottom: 20px;margin-left: auto;margin-right: auto;text-align: center;\"><div class=\"mojev-adlabel\">oglas<\/div><div style=\"height: 250px;\"><script async src=\"https:\/\/pagead2.googlesyndication.com\/pagead\/js\/adsbygoogle.js?client=ca-pub-8106111766207173\"\r\n     crossorigin=\"anonymous\"><\/script>\r\n<!-- Display-1 -->\r\n<ins class=\"adsbygoogle\"\r\n     style=\"display:block\"\r\n     data-ad-client=\"ca-pub-8106111766207173\"\r\n     data-ad-slot=\"1465712950\"\r\n     data-ad-format=\"auto\"\r\n     data-full-width-responsive=\"true\"><\/ins>\r\n<script>\r\n     (adsbygoogle = window.adsbygoogle || []).push({});\r\n<\/script><\/div><\/div>","protected":false},"excerpt":{"rendered":"<p>Podaci HZMO-a otkrivaju profil novih umirovljenika: 63 godine \u017eivota i 35 godina sta\u017ea. Prosjek pokazuje da u radnoj biografiji mnogih nedostaje nekoliko godina rada.<\/p>\n","protected":false},"author":10,"featured_media":91066,"comment_status":"closed","ping_status":"closed","sticky":false,"template":"","format":"standard","meta":{"footnotes":""},"categories":[9],"tags":[18,337],"class_list":["post-150618","post","type-post","status-publish","format-standard","has-post-thumbnail","hentry","category-vijesti","tag-mirovine","tag-staz"],"_links":{"self":[{"href":"https:\/\/www.mojevrijeme.hr\/magazin\/wp-json\/wp\/v2\/posts\/150618","targetHints":{"allow":["GET"]}}],"collection":[{"href":"https:\/\/www.mojevrijeme.hr\/magazin\/wp-json\/wp\/v2\/posts"}],"about":[{"href":"https:\/\/www.mojevrijeme.hr\/magazin\/wp-json\/wp\/v2\/types\/post"}],"author":[{"embeddable":true,"href":"https:\/\/www.mojevrijeme.hr\/magazin\/wp-json\/wp\/v2\/users\/10"}],"replies":[{"embeddable":true,"href":"https:\/\/www.mojevrijeme.hr\/magazin\/wp-json\/wp\/v2\/comments?post=150618"}],"version-history":[{"count":5,"href":"https:\/\/www.mojevrijeme.hr\/magazin\/wp-json\/wp\/v2\/posts\/150618\/revisions"}],"predecessor-version":[{"id":150631,"href":"https:\/\/www.mojevrijeme.hr\/magazin\/wp-json\/wp\/v2\/posts\/150618\/revisions\/150631"}],"wp:featuredmedia":[{"embeddable":true,"href":"https:\/\/www.mojevrijeme.hr\/magazin\/wp-json\/wp\/v2\/media\/91066"}],"wp:attachment":[{"href":"https:\/\/www.mojevrijeme.hr\/magazin\/wp-json\/wp\/v2\/media?parent=150618"}],"wp:term":[{"taxonomy":"category","embeddable":true,"href":"https:\/\/www.mojevrijeme.hr\/magazin\/wp-json\/wp\/v2\/categories?post=150618"},{"taxonomy":"post_tag","embeddable":true,"href":"https:\/\/www.mojevrijeme.hr\/magazin\/wp-json\/wp\/v2\/tags?post=150618"}],"curies":[{"name":"wp","href":"https:\/\/api.w.org\/{rel}","templated":true}]}}