{"id":150626,"date":"2026-03-10T13:28:02","date_gmt":"2026-03-10T12:28:02","guid":{"rendered":"https:\/\/www.mojevrijeme.hr\/magazin\/?p=150626"},"modified":"2026-03-15T19:26:20","modified_gmt":"2026-03-15T18:26:20","slug":"financijski-pritisci-mijenjaju-planove-mladi-ocekuju-kasniju-mirovinu","status":"publish","type":"post","link":"https:\/\/www.mojevrijeme.hr\/magazin\/2026\/03\/financijski-pritisci-mijenjaju-planove-mladi-ocekuju-kasniju-mirovinu\/","title":{"rendered":"Financijski pritisci mijenjaju planove: mladi o\u010dekuju kasniju mirovinu"},"content":{"rendered":"\n<p>Istra\u017eivanja diljem svijeta pokazuju da mladi ne gledaju na mirovinu kao generacije njihovih roditelja ili baka i djedova. Dapa\u010de, mnogi o\u010dekuju da \u0107e raditi dulje nego prethodne generacije. Uz to, pokazalo je i najnovije kanadsko istra\u017eivanje, sve ve\u0107u va\u017enost pridaju fleksibilnosti i ravnote\u017ei izme\u0111u posla i privatnog \u017eivota.<\/p>\n\n\n\n<p>Dvije tre\u0107ine Kana\u0111ana mla\u0111ih od 35 godina vjeruje da \u0107e mirovina za njihovu generaciju izgledati druga\u010dije nego za njihove roditelje. Gotovo polovica ispitanika (49 posto) smatra da \u0107e zbog financijskih razloga morati raditi dulje i kasnije oti\u0107i u mirovinu, dok tre\u0107ina (33 posto) ne vjeruje da \u0107e se ikada financijski mo\u0107i u potpunosti umiroviti.<\/p>\n\n\n\n<h2 class=\"wp-block-heading\">Idealan posao?<\/h2>\n\n\n\n<p>Takva o\u010dekivanja sve vi\u0161e utje\u010du na njihove karijerne prioritete. Polovica mladih Kana\u0111ana ka\u017ee da bi njihov idealan posao uklju\u010divao fleksibilno radno vrijeme, a gotovo jednako toliko (48 posto) isti\u010de va\u017enost dobre ravnote\u017ee izme\u0111u posla i privatnog \u017eivota. Oko \u010detiri od deset ispitanika (38 posto) navodi da \u017eeli vi\u0161e u\u017eivati u \u017eivotu ve\u0107 sada, dok sli\u010dan udio (40 posto) smatra privla\u010dnom ideju tzv. mikro-mirovina, odnosno kra\u0107ih pauza tijekom karijere.<\/p><div id=\"mojev-11518492\" class=\"mojev-u-tekstu mojev-entity-placement\" style=\"margin-left: auto;margin-right: auto;text-align: center;\"><div class=\"mojev-adlabel\">oglas<\/div><div style=\"height: 250px;\"><script async src=\"https:\/\/pagead2.googlesyndication.com\/pagead\/js\/adsbygoogle.js?client=ca-pub-8106111766207173\"\r\n     crossorigin=\"anonymous\"><\/script>\r\n<!-- Prikazni 1 u tekstu -->\r\n<ins class=\"adsbygoogle\"\r\n     style=\"display:block\"\r\n     data-ad-client=\"ca-pub-8106111766207173\"\r\n     data-ad-slot=\"8535551207\"\r\n     data-ad-format=\"auto\"\r\n     data-full-width-responsive=\"true\"><\/ins>\r\n<script>\r\n     (adsbygoogle = window.adsbygoogle || []).push({});\r\n<\/script><\/div><\/div><br style=\"clear: both; display: block; float: none;\"\/>\n\n\n\n<p>Financijski pritisci i dalje sna\u017eno utje\u010du na dugoro\u010dno planiranje. Manje od polovice mladih ispitanika (44 posto) ka\u017ee da uspijeva pokriti osnovne \u017eivotne tro\u0161kove i istovremeno \u0161tedjeti, dok ih 38 posto redovito \u0161tedi za mirovinu. Za usporedbu, me\u0111u Kana\u0111anima u dobi od 35 do 44 godine taj udio iznosi 54 posto.<\/p>\n\n\n\n<p>Unato\u010d izazovima, gotovo tri \u010detvrtine mladih Kana\u0111ana (72 posto) navodi da \u0161tede ili \u017eele \u0161tedjeti kako bi pobolj\u0161ali ravnote\u017eu izme\u0111u posla i privatnog \u017eivota. Ipak, manje od polovice vjeruje da \u0107e njihove trenutne investicijske navike osigurati dugoro\u010dnu financijsku stabilnos, pokazalo je istra\u017eivanje koje je provela tvrtka <em>The Co-operators Group Ltd.<\/em><\/p>\n<div id=\"mojev-710590005\" class=\"mojev-kraj-teksta mojev-entity-placement\" style=\"margin-bottom: 20px;margin-left: auto;margin-right: auto;text-align: center;\"><div class=\"mojev-adlabel\">oglas<\/div><div style=\"height: 250px;\"><script async src=\"https:\/\/pagead2.googlesyndication.com\/pagead\/js\/adsbygoogle.js?client=ca-pub-8106111766207173\"\r\n     crossorigin=\"anonymous\"><\/script>\r\n<!-- Display-1 -->\r\n<ins class=\"adsbygoogle\"\r\n     style=\"display:block\"\r\n     data-ad-client=\"ca-pub-8106111766207173\"\r\n     data-ad-slot=\"1465712950\"\r\n     data-ad-format=\"auto\"\r\n     data-full-width-responsive=\"true\"><\/ins>\r\n<script>\r\n     (adsbygoogle = window.adsbygoogle || []).push({});\r\n<\/script><\/div><\/div>","protected":false},"excerpt":{"rendered":"<p>Mladi Kana\u0111ani sve vi\u0161e o\u010dekuju da \u0107e raditi dulje i kasnije oti\u0107i u mirovinu, dok istodobno sve vi\u0161e cijene fleksibilno radno vrijeme i ravnote\u017eu izme\u0111u posla i privatnog \u017eivota, pokazuje novo istra\u017eivanje tvrtke The Co-operators Group Ltd. Gotovo polovica ispitanika smatra da \u0107e zbog financijskih razloga morati produ\u017eiti radni vijek, a tre\u0107ina ne vjeruje da \u0107e ikada mo\u0107i u potpunosti financijski oti\u0107i u mirovinu.<\/p>\n","protected":false},"author":10,"featured_media":134436,"comment_status":"closed","ping_status":"closed","sticky":false,"template":"","format":"standard","meta":{"footnotes":""},"categories":[9],"tags":[424,18],"class_list":["post-150626","post","type-post","status-publish","format-standard","has-post-thumbnail","hentry","category-vijesti","tag-kanada","tag-mirovine"],"_links":{"self":[{"href":"https:\/\/www.mojevrijeme.hr\/magazin\/wp-json\/wp\/v2\/posts\/150626","targetHints":{"allow":["GET"]}}],"collection":[{"href":"https:\/\/www.mojevrijeme.hr\/magazin\/wp-json\/wp\/v2\/posts"}],"about":[{"href":"https:\/\/www.mojevrijeme.hr\/magazin\/wp-json\/wp\/v2\/types\/post"}],"author":[{"embeddable":true,"href":"https:\/\/www.mojevrijeme.hr\/magazin\/wp-json\/wp\/v2\/users\/10"}],"replies":[{"embeddable":true,"href":"https:\/\/www.mojevrijeme.hr\/magazin\/wp-json\/wp\/v2\/comments?post=150626"}],"version-history":[{"count":3,"href":"https:\/\/www.mojevrijeme.hr\/magazin\/wp-json\/wp\/v2\/posts\/150626\/revisions"}],"predecessor-version":[{"id":150629,"href":"https:\/\/www.mojevrijeme.hr\/magazin\/wp-json\/wp\/v2\/posts\/150626\/revisions\/150629"}],"wp:featuredmedia":[{"embeddable":true,"href":"https:\/\/www.mojevrijeme.hr\/magazin\/wp-json\/wp\/v2\/media\/134436"}],"wp:attachment":[{"href":"https:\/\/www.mojevrijeme.hr\/magazin\/wp-json\/wp\/v2\/media?parent=150626"}],"wp:term":[{"taxonomy":"category","embeddable":true,"href":"https:\/\/www.mojevrijeme.hr\/magazin\/wp-json\/wp\/v2\/categories?post=150626"},{"taxonomy":"post_tag","embeddable":true,"href":"https:\/\/www.mojevrijeme.hr\/magazin\/wp-json\/wp\/v2\/tags?post=150626"}],"curies":[{"name":"wp","href":"https:\/\/api.w.org\/{rel}","templated":true}]}}