{"id":150637,"date":"2026-03-11T08:58:01","date_gmt":"2026-03-11T07:58:01","guid":{"rendered":"https:\/\/www.mojevrijeme.hr\/magazin\/?p=150637"},"modified":"2026-03-11T10:23:31","modified_gmt":"2026-03-11T09:23:31","slug":"penzionerka-mare-djeci-ne-dam-ni-eura-gotovine-ostat-ce-im-pet-apartmana","status":"publish","type":"post","link":"https:\/\/www.mojevrijeme.hr\/magazin\/2026\/03\/penzionerka-mare-djeci-ne-dam-ni-eura-gotovine-ostat-ce-im-pet-apartmana\/","title":{"rendered":"Penzionerka Mare: &#8216;Djeci ne dam ni eura gotovine, ostat \u0107e im pet apartmana&#8217;"},"content":{"rendered":"\n<p>Tro\u0161iti i u\u017eivati u plodovima vlastitog rada ili i u mirovini pomagati odrasloj djeci i \u010duvati imovinu koju ste stvarali desetlje\u0107ima? Dilema je to s kojom se suo\u010davaju mnogi umirovljenici kad po\u010dnu razmi\u0161ljati kako \u017eele \u017eivjeti godine koje su pred njima. S jedne strane prati ih osje\u0107aj odgovornosti prema djeci, a s druge sve jasnije shva\u0107aju koliko \u017eivot brzo prolazi i da je mo\u017eda upravo sada vrijeme da napokon po\u010dnu \u017eivjeti i za sebe.<\/p>\n\n\n\n<p>Jedna od onih koja se susrela s takvim pitanjima je i svje\u017ea umirovljenica iz bli\u017ee okolice Splita, 65-godi\u0161nja gospo\u0111a Mare. Priznaje da si i sama postavlja ta pitanja, osobito otkako je u mirovini, a primijetila je i kako je ljudi iz okoline sada \u010de\u0161\u0107e ispituju o planovima poput ho\u0107e li se i dalje baviti turizmom i kome \u0107e \u0161to ostaviti od djece. U jedno je, ka\u017ee, sigurna, a to je da nikome ni\u0161ta ne\u0107e dati prije smrti. &#8220;Napokon sam ja na redu i namjeravam iskoristiti godine koje dolaze za svoje gu\u0161te i planove.&#8221;<\/p>\n\n\n\n<h2 class=\"wp-block-heading\">Sama zaradila, sama \u0107e tro\u0161iti<\/h2>\n\n\n\n<p>&#8220;Pitaju me \u0161to \u0107u s novcem jer imam pet apartmana. Svih pet sam zaradila s pokojnim suprugom, i svih pet mi donosi prihod, ali i brigu koju razumije samo onaj tko ih mora odr\u017eavati, ulagati u njih, mamiti goste, tra\u017eiti \u010dista\u010dice da mi pomognu, pla\u0107ati poreze. Taj razumije da ni\u0161ta ne pada s neba, kao \u0161to mnogi misle&#8221;, govori nam.<\/p><div id=\"mojev-3448524755\" class=\"mojev-u-tekstu mojev-entity-placement\" style=\"margin-left: auto;margin-right: auto;text-align: center;\"><div class=\"mojev-adlabel\">oglas<\/div><div style=\"height: 250px;\"><script async src=\"https:\/\/pagead2.googlesyndication.com\/pagead\/js\/adsbygoogle.js?client=ca-pub-8106111766207173\"\r\n     crossorigin=\"anonymous\"><\/script>\r\n<!-- Prikazni 1 u tekstu -->\r\n<ins class=\"adsbygoogle\"\r\n     style=\"display:block\"\r\n     data-ad-client=\"ca-pub-8106111766207173\"\r\n     data-ad-slot=\"8535551207\"\r\n     data-ad-format=\"auto\"\r\n     data-full-width-responsive=\"true\"><\/ins>\r\n<script>\r\n     (adsbygoogle = window.adsbygoogle || []).push({});\r\n<\/script><\/div><\/div><br style=\"clear: both; display: block; float: none;\"\/>\n\n\n\n<p>Isti\u010de da je pla\u0107u u banci, kao i novac od turizma, ve\u0107inu \u017eivota ulagala u \u0161kolovanje djece. &#8220;K\u0107i je studirala u Italiji, a sin u Zagrebu. Sada su samostalni ljudi i dosta je bilo pomaganja i zalaganja. Odlu\u010dila sam svoj novac tro\u0161iti na sebe. Od mene ne\u0107e vidjeti ni eura gotovine, ostat \u0107e im apartmani jednog dana. Daj Bo\u017ee da dugo po\u017eivim! Unucima tu i tamo dam ne\u0161to d\u017eeparca, nije baka najve\u0107a \u0161krtica, ali vi\u0161e ne \u017eelim \u0161tedjeti na sebi&#8221;, isti\u010de.<\/p>\n\n\n\n<h2 class=\"wp-block-heading\">&#8220;Gola penzija&#8221; za osnovni \u017eivot<\/h2>\n\n\n\n<p>Prisjetila se godina kad je za \u010detvero\u010dlanu obitelj kupovala po 150 grama mesa po osobi, a u izlogu gledala cipele ili torbu i samo produ\u017eila dalje. &#8220;Zdrava sam i smatram da se dobro dr\u017eim za svoje godine. Sad \u017eelim u\u017eivati. Kupujem sve \u0161to je kvalitetno, ne samo torbu i cipele, ve\u0107 i meso i ribu, najbolje vo\u0107e i povr\u0107e. To je tako osloba\u0111aju\u0107e!&#8221;<\/p>\n\n\n\n<p>Otkriva da u\u017eiva i u putovanjima, \u0161to s &#8220;golom penzijom&#8221; ne bi mogla. &#8220;Jesenas sam bila na krstarenju do Gr\u010dke, a ove godine nakon sezone planiram putovanje oko \u0160panjolske i Portugala. Znam da me \u010deka naporno ljeto, ali to \u0107e mi biti nagrada i to me dr\u017ei. Napokon u\u017eivam u stvarima koje sam oduvijek pri\u017eeljkivala i sad si ih polako ispunjavam&#8221;, otkriva.<\/p>\n\n\n\n<h2 class=\"wp-block-heading\">Novac za preglede i dom za starije<\/h2>\n\n\n\n<p>Iako njezina mirovina nije izda\u0161na jer ima tek 28 godina sta\u017ea, dovoljna je da pokrije osnovne potrebe. Sve ostalo, ka\u017ee, pokrivaju apartmani. &#8220;Pla\u0107am si preglede, a ako jednog dana budem morala u dom za starije, stavit \u0107u sve u podnajam i ra\u010dunam da \u0107e mi to pokrivati tro\u0161kove. Ne brinem za sebe uop\u0107e&#8221;, ka\u017ee iskreno.<\/p>\n\n\n\n<div id=\"crveno\"><\/p>\n\n\n\n<h3 class=\"wp-block-heading\">Zanima nas va\u0161a pri\u010da<\/h3>\n\n\n\n<p>\u017delite li i vi, posve anonimno, podijeliti svoje iskustvo i vi\u0111enje ove teme s nama i na\u0161im \u010ditateljima, mo\u017eete to u\u010diniti putem web obrasca <a rel=\"noreferrer noopener\" href=\"https:\/\/www.mojevrijeme.hr\/magazin\/povjerljivo\/\" target=\"_blank\">Povjerljivo<\/a>. Napi\u0161ite svoju pri\u010du!<\/p>\n\n\n\n<p><\/div>\n<div id=\"mojev-798263156\" class=\"mojev-kraj-teksta mojev-entity-placement\" style=\"margin-bottom: 20px;margin-left: auto;margin-right: auto;text-align: center;\"><div class=\"mojev-adlabel\">oglas<\/div><div style=\"height: 250px;\"><script async src=\"https:\/\/pagead2.googlesyndication.com\/pagead\/js\/adsbygoogle.js?client=ca-pub-8106111766207173\"\r\n     crossorigin=\"anonymous\"><\/script>\r\n<!-- Display-1 -->\r\n<ins class=\"adsbygoogle\"\r\n     style=\"display:block\"\r\n     data-ad-client=\"ca-pub-8106111766207173\"\r\n     data-ad-slot=\"1465712950\"\r\n     data-ad-format=\"auto\"\r\n     data-full-width-responsive=\"true\"><\/ins>\r\n<script>\r\n     (adsbygoogle = window.adsbygoogle || []).push({});\r\n<\/script><\/div><\/div>","protected":false},"excerpt":{"rendered":"<p>Ulaskom u mirovinu mnogi po\u010dinju razmi\u0161ljati o na\u010dinu na koji \u017eele \u017eivjeti zlatne godine. Pojavljuju se pitanja o crnom fondu, oporuci, raspodjeli imovine, ali i o vlastitim \u017eeljama i u\u017eicima koje su godinama odga\u0111ali.<\/p>\n","protected":false},"author":17,"featured_media":138523,"comment_status":"closed","ping_status":"closed","sticky":false,"template":"","format":"standard","meta":{"footnotes":""},"categories":[3552],"tags":[3683,957],"class_list":["post-150637","post","type-post","status-publish","format-standard","has-post-thumbnail","hentry","category-povjerljivo","tag-apartmani","tag-mirovina"],"_links":{"self":[{"href":"https:\/\/www.mojevrijeme.hr\/magazin\/wp-json\/wp\/v2\/posts\/150637","targetHints":{"allow":["GET"]}}],"collection":[{"href":"https:\/\/www.mojevrijeme.hr\/magazin\/wp-json\/wp\/v2\/posts"}],"about":[{"href":"https:\/\/www.mojevrijeme.hr\/magazin\/wp-json\/wp\/v2\/types\/post"}],"author":[{"embeddable":true,"href":"https:\/\/www.mojevrijeme.hr\/magazin\/wp-json\/wp\/v2\/users\/17"}],"replies":[{"embeddable":true,"href":"https:\/\/www.mojevrijeme.hr\/magazin\/wp-json\/wp\/v2\/comments?post=150637"}],"version-history":[{"count":7,"href":"https:\/\/www.mojevrijeme.hr\/magazin\/wp-json\/wp\/v2\/posts\/150637\/revisions"}],"predecessor-version":[{"id":150648,"href":"https:\/\/www.mojevrijeme.hr\/magazin\/wp-json\/wp\/v2\/posts\/150637\/revisions\/150648"}],"wp:featuredmedia":[{"embeddable":true,"href":"https:\/\/www.mojevrijeme.hr\/magazin\/wp-json\/wp\/v2\/media\/138523"}],"wp:attachment":[{"href":"https:\/\/www.mojevrijeme.hr\/magazin\/wp-json\/wp\/v2\/media?parent=150637"}],"wp:term":[{"taxonomy":"category","embeddable":true,"href":"https:\/\/www.mojevrijeme.hr\/magazin\/wp-json\/wp\/v2\/categories?post=150637"},{"taxonomy":"post_tag","embeddable":true,"href":"https:\/\/www.mojevrijeme.hr\/magazin\/wp-json\/wp\/v2\/tags?post=150637"}],"curies":[{"name":"wp","href":"https:\/\/api.w.org\/{rel}","templated":true}]}}