{"id":150655,"date":"2026-03-11T19:31:56","date_gmt":"2026-03-11T18:31:56","guid":{"rendered":"https:\/\/www.mojevrijeme.hr\/magazin\/?p=150655"},"modified":"2026-03-11T19:33:21","modified_gmt":"2026-03-11T18:33:21","slug":"besplatne-radionice-kreativnog-pisanja-za-starije-od-65-prijave-su-u-tijeku","status":"publish","type":"post","link":"https:\/\/www.mojevrijeme.hr\/magazin\/2026\/03\/besplatne-radionice-kreativnog-pisanja-za-starije-od-65-prijave-su-u-tijeku\/","title":{"rendered":"Besplatne radionice kreativnog pisanja za starije od 65 &#8211; prijave su u tijeku"},"content":{"rendered":"\n<p><em>Online <\/em>radionica kreativnog pisanja za osobe 65+ u sklopu programa <strong>Zlatna dob u digitalno vrijeme<\/strong> kombinira vo\u0111ene vje\u017ebe pisanja s blagim radom s dahom i pa\u017enjom (disanje, kratke meditacije, osvje\u0161tavanje tjelesnih senzacija). Vje\u017ebe \u0107e se prilago\u0111avati interesima i mogu\u0107nostima polaznica i polaznika, uz podr\u017eavaju\u0107u atmosferu i prostor za dijeljenje iskustava.<\/p>\n\n\n\n<h2 class=\"wp-block-heading\">Kako se prijaviti<\/h2>\n\n\n\n<p>Prijaviti se mo\u017eete tako da nam se javite na e-adresu: <strong><a href=\"mailto:office@ckd.hr\">office@ckd.hr<\/a><\/strong> ili nas nazovete ili po\u0161aljete SMS na <strong>095 578 0343<\/strong> sa svojim podacima: ime i prezime, e-mail adresa, broj telefona i termin kad \u017eelite poha\u0111ati <em>online <\/em>te\u010daj. Prijavite se \u0161to prije, jer tko prvi, njegovo mjesto na te\u010daju.<\/p>\n\n\n\n<h2 class=\"wp-block-heading\">O voditeljici<\/h2>\n\n\n\n<p>Aida Bagi\u0107 (Zagreb, 1965) pjesnikinja je, prozaistica i savjetodavna terapeutkinja tjelesne psihoterapije. Diplomirala je op\u0107u lingvistiku i filozofiju u Zagrebu, a magistrirala politi\u010dke znanosti u SAD-u. Sudjelovala je u brojnim feministi\u010dkim i mirovnim inicijativama.<\/p><div id=\"mojev-100756483\" class=\"mojev-u-tekstu mojev-entity-placement\" style=\"margin-left: auto;margin-right: auto;text-align: center;\"><div class=\"mojev-adlabel\">oglas<\/div><div style=\"height: 250px;\"><script async src=\"https:\/\/pagead2.googlesyndication.com\/pagead\/js\/adsbygoogle.js?client=ca-pub-8106111766207173\"\r\n     crossorigin=\"anonymous\"><\/script>\r\n<!-- Prikazni 1 u tekstu -->\r\n<ins class=\"adsbygoogle\"\r\n     style=\"display:block\"\r\n     data-ad-client=\"ca-pub-8106111766207173\"\r\n     data-ad-slot=\"8535551207\"\r\n     data-ad-format=\"auto\"\r\n     data-full-width-responsive=\"true\"><\/ins>\r\n<script>\r\n     (adsbygoogle = window.adsbygoogle || []).push({});\r\n<\/script><\/div><\/div><br style=\"clear: both; display: block; float: none;\"\/>\n\n\n\n<p>Objavila je tri zbirke poezije; <em>Ako se zovem Sylvia<\/em>, <em>Tijela su laka meta<\/em> i <em>Nizvodno, rijekama<\/em> te zbirke kratkih proza <em>Znam li ja gdje \u017eivim<\/em> i <em>#otvoreniprozor<\/em>. Njezini su tekstovi prevedeni na vi\u0161e jezika i uvr\u0161teni u regionalne antologije.<\/p>\n\n\n\n<h2 class=\"wp-block-heading\">\u0160to vam sve treba za poha\u0111anje <em>online <\/em>te\u010daja<\/h2>\n\n\n\n<p>Te\u010daj je besplatan, samo vam treba dobra internetska veza i kompjuter ili laptop. Trebat \u0107e vam pisaljka i papir.<\/p>\n\n\n\n<p>Nemojte se bojati ho\u0107ete li se uspjeti sna\u0107i s tehnologijom i ho\u0107ete li uspjeti slijediti \u0161to se zbiva. Radionice su prilago\u0111ene <em>online <\/em>okru\u017eenju, a pola sata prije i tijekom radionica imat \u0107ete tehni\u010dku pomo\u0107 ako bude problema sa spajanjem.<\/p>\n\n\n\n<p>Poslat \u0107emo vam jednostavne upute kako se spojiti na ZOOM preko interneta i kako osposobiti mikrofon i kameru. Mo\u0107i \u0107ete nas nazvati da vas provedemo kroz jednostavan postupak spajanja.<\/p>\n\n\n\n<h2 class=\"wp-block-heading\">Tko mo\u017ee poha\u0111ati te\u010daj<\/h2>\n\n\n\n<p>Te\u010daj je namijenjen osobama koje imaju 65 i vi\u0161e godina, dr\u017eavljanke su ili dr\u017eavljani Hrvatske, voljne su napisati svoju adresu i datum ro\u0111enja i mogu prisustvovati na barem polovini radionica. Nema nikakvih drugih kriterija. Ne morate imati nikakvo predznanje niti prirodni talent. Dovoljno je da donesete sa sobom \u017eelju i znati\u017eelju.<\/p>\n\n\n\n<h2 class=\"wp-block-heading\">O te\u010daju<\/h2>\n\n\n\n<p>Te\u010daj uklju\u010duje 6 radionica po 90 minuta. Odvija se u grupama s maksimalno 12 polaznika\/ca. <strong>Ve\u010dernji termin<\/strong> su zakazani svaki utorak od 19.00 do 20.30, od 24. o\u017eujka do 28. travnja 2026. Jutarnji termini \u0107e se odr\u017eavati svaku srijedu od 7.00 do 8.30, od 25. o\u017eujka do 29. travnja 2026.<\/p>\n<div id=\"mojev-2689860733\" class=\"mojev-kraj-teksta mojev-entity-placement\" style=\"margin-bottom: 20px;margin-left: auto;margin-right: auto;text-align: center;\"><div class=\"mojev-adlabel\">oglas<\/div><div style=\"height: 250px;\"><script async src=\"https:\/\/pagead2.googlesyndication.com\/pagead\/js\/adsbygoogle.js?client=ca-pub-8106111766207173\"\r\n     crossorigin=\"anonymous\"><\/script>\r\n<!-- Display-1 -->\r\n<ins class=\"adsbygoogle\"\r\n     style=\"display:block\"\r\n     data-ad-client=\"ca-pub-8106111766207173\"\r\n     data-ad-slot=\"1465712950\"\r\n     data-ad-format=\"auto\"\r\n     data-full-width-responsive=\"true\"><\/ins>\r\n<script>\r\n     (adsbygoogle = window.adsbygoogle || []).push({});\r\n<\/script><\/div><\/div>","protected":false},"excerpt":{"rendered":"<p>Besplatne online radionice kreativnog pisanja vodi Aida Bagi\u0107, a na njima mogu sudjelovati osobe starije od 65 godina. Prijave su otvorene, a sudjelovanje je mogu\u0107e u jutarnjem ili ve\u010dernjem terminu putem Zooma.<\/p>\n","protected":false},"author":1,"featured_media":52574,"comment_status":"closed","ping_status":"closed","sticky":false,"template":"","format":"standard","meta":{"footnotes":""},"categories":[9],"tags":[2880,163],"class_list":["post-150655","post","type-post","status-publish","format-standard","has-post-thumbnail","hentry","category-vijesti","tag-aida-bagic","tag-tecaj"],"_links":{"self":[{"href":"https:\/\/www.mojevrijeme.hr\/magazin\/wp-json\/wp\/v2\/posts\/150655","targetHints":{"allow":["GET"]}}],"collection":[{"href":"https:\/\/www.mojevrijeme.hr\/magazin\/wp-json\/wp\/v2\/posts"}],"about":[{"href":"https:\/\/www.mojevrijeme.hr\/magazin\/wp-json\/wp\/v2\/types\/post"}],"author":[{"embeddable":true,"href":"https:\/\/www.mojevrijeme.hr\/magazin\/wp-json\/wp\/v2\/users\/1"}],"replies":[{"embeddable":true,"href":"https:\/\/www.mojevrijeme.hr\/magazin\/wp-json\/wp\/v2\/comments?post=150655"}],"version-history":[{"count":3,"href":"https:\/\/www.mojevrijeme.hr\/magazin\/wp-json\/wp\/v2\/posts\/150655\/revisions"}],"predecessor-version":[{"id":150659,"href":"https:\/\/www.mojevrijeme.hr\/magazin\/wp-json\/wp\/v2\/posts\/150655\/revisions\/150659"}],"wp:featuredmedia":[{"embeddable":true,"href":"https:\/\/www.mojevrijeme.hr\/magazin\/wp-json\/wp\/v2\/media\/52574"}],"wp:attachment":[{"href":"https:\/\/www.mojevrijeme.hr\/magazin\/wp-json\/wp\/v2\/media?parent=150655"}],"wp:term":[{"taxonomy":"category","embeddable":true,"href":"https:\/\/www.mojevrijeme.hr\/magazin\/wp-json\/wp\/v2\/categories?post=150655"},{"taxonomy":"post_tag","embeddable":true,"href":"https:\/\/www.mojevrijeme.hr\/magazin\/wp-json\/wp\/v2\/tags?post=150655"}],"curies":[{"name":"wp","href":"https:\/\/api.w.org\/{rel}","templated":true}]}}