{"id":150705,"date":"2026-03-12T22:35:24","date_gmt":"2026-03-12T21:35:24","guid":{"rendered":"https:\/\/www.mojevrijeme.hr\/magazin\/?p=150705"},"modified":"2026-03-12T22:35:25","modified_gmt":"2026-03-12T21:35:25","slug":"odbili-su-krstiti-sina-svekrva-je-ukljucila-i-zupnika","status":"publish","type":"post","link":"https:\/\/www.mojevrijeme.hr\/magazin\/2026\/03\/odbili-su-krstiti-sina-svekrva-je-ukljucila-i-zupnika\/","title":{"rendered":"Odbili su krstiti sina, svekrva je uklju\u010dila i \u017eupnika"},"content":{"rendered":"\n<p>Odgoj djece \u010desto je razlog sukoba izme\u0111u roditelja, djedova i baka. Posebno je te\u017eak taj nesklad kad se mladi roditelji odlu\u010de za svjetonazorski put koji je njihovim roditeljima potpunoma neprihvatljiv i stran. Jedan takav slu\u010daj u povjerljivom pismu opisala nam je mlada majka iz Zagorja koja se potpisala pseudonimom <strong>&#8220;Bijela Vrana&#8221;<\/strong>. <\/p>\n\n\n\n<p>Kako navodi, \u017eivi u pitomom zagorskom kraju, u prostranoj obiteljskoj ku\u0107i koju su napravili svekar i svekrva: &#8220;Oni \u017eive na katu, a mu\u017e, na\u0161 trogodi\u0161njak i ja samo si uredili donji kat. Nema razloga da ne budemo sretni u \u017eivotu, jer imamo sve \u0161to nam treba. Ja sam s djetetom, radim od doma na pola radnog vremena, mu\u017e radi i jo\u0161 sa svekrom radi na na\u0161em obiteljskom poljoprivrednom gospodarstvu. Iako sam iz Zagreba do\u0161la u selo i malogra\u0111ansku sredinu, to je sve o \u010demu sam sanjala.&#8221; Zvu\u010di idili\u010dno, ali nastavak pisma donosi mu\u010dnu obiteljsku situaciju koja \u0107e se te\u0161ko razrije\u0161iti na zadovoljstvo svih uklju\u010denih strana. <\/p>\n\n\n\n<p>Naime, \u010ditateljica i suprug nisu religiozni, niti su krstili sina. &#8220;Odlu\u010dili smo da \u0107emo mu dopustiti da odabere svoju vjeru kad bude punoljetan. Ne\u0107emo ga dati na vjeronauk. Suprug je primio sakramente, ali me potpuno podr\u017eava i ovo je na\u0161a zajedni\u010dka odluka. \u017delimo da na\u0161e dijete raste neoptere\u0107eno blebetanjima o paklu i kaznama bo\u017ejima&#8221;, pi\u0161e. <\/p><div id=\"mojev-3015681190\" class=\"mojev-u-tekstu mojev-entity-placement\" style=\"margin-left: auto;margin-right: auto;text-align: center;\"><div class=\"mojev-adlabel\">oglas<\/div><div style=\"height: 250px;\"><script async src=\"https:\/\/pagead2.googlesyndication.com\/pagead\/js\/adsbygoogle.js?client=ca-pub-8106111766207173\"\r\n     crossorigin=\"anonymous\"><\/script>\r\n<!-- Prikazni 1 u tekstu -->\r\n<ins class=\"adsbygoogle\"\r\n     style=\"display:block\"\r\n     data-ad-client=\"ca-pub-8106111766207173\"\r\n     data-ad-slot=\"8535551207\"\r\n     data-ad-format=\"auto\"\r\n     data-full-width-responsive=\"true\"><\/ins>\r\n<script>\r\n     (adsbygoogle = window.adsbygoogle || []).push({});\r\n<\/script><\/div><\/div><br style=\"clear: both; display: block; float: none;\"\/>\n\n\n\n<p>Na\u017ealost, ova odluka nije izazvala odu\u0161evljenje kod svekrve koja je tradicionalna i duboko religiozna \u017eena iz male sredine. &#8220;Svakodnevno nas maltretira i priti\u0161\u0107e da krstimo dijete. Iako zna da nisam vjernica, uporno mi donosi razne kipi\u0107e i svije\u0107e s hodo\u010da\u0161\u0107a. Primim, ne glumim odu\u0161evljenje, ali primim i ka\u017eem &#8216;hvala&#8217;. Iako smatram da je to ba\u0161 jako nepristojno. No kada je rije\u010d o mojem djetetu, podvla\u010dim crtu i ne odstupam ni milimetra. Lavica sam kada treba braniti dijete&#8221;, odlu\u010dno govori mlada majka.<\/p>\n\n\n\n<h3 class=\"wp-block-heading\">Uklju\u010dila je i \u017eupnika u kampanju<\/h3>\n\n\n\n<p>&#8220;\u0160to vrijeme vi\u0161e odmi\u010de, ona kao da gubi razum. Oti\u0161la je toliko daleko da je <em>napuntala <\/em>\u017eupnika da nas zaustavlja na cesti i pita kad \u0107e kr\u0161tenje. Moram li re\u0107i da je moja reakcija bila opravdano bezobrazna? To ju je posebno razjarilo i od tada neprestano pri\u010da o paklu i propovijeda nam o va\u017enosti kr\u0161tenja. \u010cini se kao da je zaljubljena u \u017eupnika vi\u0161e nego u vlastitog mu\u017ea. Stalno je u tom krugu \u017eena koje se natje\u010du koja \u0107e bolje \u010distiti crkvu i biti \u0161to bli\u017ee sve\u0107eniku&#8221;, nastavlja novope\u010dena Zagorka.<\/p>\n\n\n\n<p>&#8220;Poku\u0161ala je okrenuti i moje roditelje, ali nije uspjela. Kad god poku\u0161amo objasniti svoje stavove, sve zavr\u0161i neutje\u0161nim jecanjem i optu\u017ebama da je ona to &#8216;nije zaslu\u017eila&#8217;. Jesenas je jaukala, cvilila i zavijala po dvori\u0161tu, \u010dupala kosu, toliko da je susjeda dotr\u010dala misliv\u0161i da je svekar umro. Na neki na\u010din mi je to bilo smije\u0161no. Ali nedavno je, nakon rasprave o kr\u0161tenju, glumila nesvjesticu i svekar ju je vozio na hitnu da joj daju ne\u0161to za smirenje. To je za mene bila kap koja je prelila \u010da\u0161u. Shvatila sam da jednostavno moram ne\u0161to poduzeti. Obitelj nam je postala sprdnja u na\u0161em kraju, a strah me je kako \u0107e sve to utjecati na na\u0161e dijete.&#8221;<\/p>\n\n\n\n<h3 class=\"wp-block-heading\">Joga kao slavljenje vraga?<\/h3>\n\n\n\n<p>U svoju obranu, mlada majka i snaha nudi dodatni argument: &#8220;Koliko je zadrta govori i epizoda u kojoj je poludjela kad je \u010dula da sam sa sestrom u Zagrebu bila na jogi u parku. Rekla mi je da vje\u017ebanjem joge ljubim stra\u017enjicu Belzebubu. Nakon toga svaka normalna osoba bi prestala razgovarati s njom.&#8221;<\/p>\n\n\n\n<p>&#8220;Ali ja sam pristojna, iako je to izgubilo smisao. Sada gledam ne izlaziti na dvori\u0161te kada je ona vani. Stalno vrti iste argumente i nije spremna \u010duti na\u0161e razloge. Ho\u0107emo li ikada prona\u0107i mir u ovoj ku\u0107i ili \u0107e na\u0161 jedini izlaz biti iseljenje&#8221;, pita na\u0161a \u010ditateljica potpisana kao &#8220;Bijela Vrana&#8221;. \u0160to biste joj vi savjetovali? <em>(r)<\/em><\/p>\n\n\n\n<div id=\"crveno\"><\/p>\n\n\n\n<h3 class=\"wp-block-heading\">Zanima nas va\u0161a pri\u010da<\/h3>\n\n\n\n<p>\u017delite li i vi, posve anonimno, podijeliti svoje iskustvo i vi\u0111enje ove teme s nama i na\u0161im \u010ditateljima, mo\u017eete to u\u010diniti putem web obrasca <a rel=\"noreferrer noopener\" href=\"https:\/\/www.mojevrijeme.hr\/magazin\/povjerljivo\/\" target=\"_blank\">Povjerljivo<\/a>. Napi\u0161ite svoju pri\u010du!<\/p>\n\n\n\n<p><\/div>\n<div id=\"mojev-2808151579\" class=\"mojev-kraj-teksta mojev-entity-placement\" style=\"margin-bottom: 20px;margin-left: auto;margin-right: auto;text-align: center;\"><div class=\"mojev-adlabel\">oglas<\/div><div style=\"height: 250px;\"><script async src=\"https:\/\/pagead2.googlesyndication.com\/pagead\/js\/adsbygoogle.js?client=ca-pub-8106111766207173\"\r\n     crossorigin=\"anonymous\"><\/script>\r\n<!-- Display-1 -->\r\n<ins class=\"adsbygoogle\"\r\n     style=\"display:block\"\r\n     data-ad-client=\"ca-pub-8106111766207173\"\r\n     data-ad-slot=\"1465712950\"\r\n     data-ad-format=\"auto\"\r\n     data-full-width-responsive=\"true\"><\/ins>\r\n<script>\r\n     (adsbygoogle = window.adsbygoogle || []).push({});\r\n<\/script><\/div><\/div>","protected":false},"excerpt":{"rendered":"<p>Mlada majka iz Zagorja vjerovala je da \u0107e \u017eivot u velikoj obiteljskoj ku\u0107i biti miran i sretan. No odluka da ne krste trogodi\u0161njeg sina pretvorila je svakodnevicu u iscrpljuju\u0107i sukob sa svekrvom koja ne odustaje. Ho\u0107e li ova obitelj prona\u0107i na\u010din da ponovno \u017eivi u miru pod istim krovom?<\/p>\n","protected":false},"author":1,"featured_media":150708,"comment_status":"closed","ping_status":"closed","sticky":false,"template":"","format":"standard","meta":{"footnotes":""},"categories":[3552],"tags":[303,3550],"class_list":["post-150705","post","type-post","status-publish","format-standard","has-post-thumbnail","hentry","category-povjerljivo","tag-religija","tag-svekrve-i-snahe"],"_links":{"self":[{"href":"https:\/\/www.mojevrijeme.hr\/magazin\/wp-json\/wp\/v2\/posts\/150705","targetHints":{"allow":["GET"]}}],"collection":[{"href":"https:\/\/www.mojevrijeme.hr\/magazin\/wp-json\/wp\/v2\/posts"}],"about":[{"href":"https:\/\/www.mojevrijeme.hr\/magazin\/wp-json\/wp\/v2\/types\/post"}],"author":[{"embeddable":true,"href":"https:\/\/www.mojevrijeme.hr\/magazin\/wp-json\/wp\/v2\/users\/1"}],"replies":[{"embeddable":true,"href":"https:\/\/www.mojevrijeme.hr\/magazin\/wp-json\/wp\/v2\/comments?post=150705"}],"version-history":[{"count":2,"href":"https:\/\/www.mojevrijeme.hr\/magazin\/wp-json\/wp\/v2\/posts\/150705\/revisions"}],"predecessor-version":[{"id":150707,"href":"https:\/\/www.mojevrijeme.hr\/magazin\/wp-json\/wp\/v2\/posts\/150705\/revisions\/150707"}],"wp:featuredmedia":[{"embeddable":true,"href":"https:\/\/www.mojevrijeme.hr\/magazin\/wp-json\/wp\/v2\/media\/150708"}],"wp:attachment":[{"href":"https:\/\/www.mojevrijeme.hr\/magazin\/wp-json\/wp\/v2\/media?parent=150705"}],"wp:term":[{"taxonomy":"category","embeddable":true,"href":"https:\/\/www.mojevrijeme.hr\/magazin\/wp-json\/wp\/v2\/categories?post=150705"},{"taxonomy":"post_tag","embeddable":true,"href":"https:\/\/www.mojevrijeme.hr\/magazin\/wp-json\/wp\/v2\/tags?post=150705"}],"curies":[{"name":"wp","href":"https:\/\/api.w.org\/{rel}","templated":true}]}}