{"id":150748,"date":"2026-03-13T13:48:15","date_gmt":"2026-03-13T12:48:15","guid":{"rendered":"https:\/\/www.mojevrijeme.hr\/magazin\/?p=150748"},"modified":"2026-03-13T13:49:50","modified_gmt":"2026-03-13T12:49:50","slug":"119-000-umirovljenika-od-ponedjeljka-dobiva-osjetno-vece-mirovine-stizu-i-zaostaci","status":"publish","type":"post","link":"https:\/\/www.mojevrijeme.hr\/magazin\/2026\/03\/119-000-umirovljenika-od-ponedjeljka-dobiva-osjetno-vece-mirovine-stizu-i-zaostaci\/","title":{"rendered":"119.000 umirovljenika od ponedjeljka dobiva osjetno ve\u0107e mirovine &#8211; sti\u017eu i zaostaci"},"content":{"rendered":"\n<p><strong>U ponedjeljak 16. o\u017eujka 2026.\u00a0<\/strong>po\u010dinje isplata pove\u0107anog dijela prijevremenih starosnih mirovina korisnicima ra\u010duna otvorenih u poslovnim bankama, objavio je Hrvatski zavod za mirovinsko osiguranje (HZMO).<\/p>\n\n\n\n<p>Naime, prema odredbama Zakona o mirovinskom osiguranju koje su na snazi od 1. sije\u010dnja 2026., korisnicima prijevremene starosne mirovine ukida se penalizacija prvog dana idu\u0107eg mjeseca nakon \u0161to navr\u0161e 70 godina \u017eivota. <\/p>\n\n\n\n<p>Prema slu\u017ebenim podacima, mirovina bez smanjenja polaznog faktora (tzv. penalizacije) odre\u0111ena je za ukupno&nbsp;119.033&nbsp;korisnika, za \u0161to je osigurano&nbsp;11.936.408,50&nbsp;eura iz dr\u017eavnog prora\u010duna. Prosje\u010dan iznos pove\u0107anja mirovine po korisniku iznosi&nbsp;52,69 eura&nbsp;mjese\u010dno. &#8220;Navedenim korisnicima pove\u0107ani dio mirovine isplatiti \u0107e se za sije\u010danj i velja\u010du 2026&#8221;, objavio je HZMO.<\/p><div id=\"mojev-828038698\" class=\"mojev-u-tekstu mojev-entity-placement\" style=\"margin-left: auto;margin-right: auto;text-align: center;\"><div class=\"mojev-adlabel\">oglas<\/div><div style=\"height: 250px;\"><script async src=\"https:\/\/pagead2.googlesyndication.com\/pagead\/js\/adsbygoogle.js?client=ca-pub-8106111766207173\"\r\n     crossorigin=\"anonymous\"><\/script>\r\n<!-- Prikazni 1 u tekstu -->\r\n<ins class=\"adsbygoogle\"\r\n     style=\"display:block\"\r\n     data-ad-client=\"ca-pub-8106111766207173\"\r\n     data-ad-slot=\"8535551207\"\r\n     data-ad-format=\"auto\"\r\n     data-full-width-responsive=\"true\"><\/ins>\r\n<script>\r\n     (adsbygoogle = window.adsbygoogle || []).push({});\r\n<\/script><\/div><\/div><br style=\"clear: both; display: block; float: none;\"\/>\n\n\n\n<p>&#8220;Ovime \u017eelimo posti\u0107i, ne samo ukidanje penalizacije, nego\u00a0pobolj\u0161anje financijskog stanja umirovljenika\u00a0te ostvarenje na\u0161eg kontinuiranog djelovanja u pogledu dostizanja postavljenih financijskih ciljeva&#8221;, izjavio je pred novinarima ministar mirovinskog sustava <strong>Alen Ru\u017ei\u0107<\/strong>.<\/p>\n\n\n\n<p>Ministar je poru\u010dio da je odluka donesena kroz socijalni dijalog u okviru Nacionalnog vije\u0107a za umirovljenike i starije osobe, uz konzultacije s predstavnicima razli\u010ditih skupina i po\u0161tivanje posebnih zakonskih rje\u0161enja.<\/p>\n\n\n\n<p>Naglasio je da se ne zala\u017ee za rje\u0161avanje pojedina\u010dnih slu\u010dajeva zasebno, nego da takve situacije vidi kao signal za sustavne promjene koje \u0107e obuhvatiti sve u sli\u010dnoj poziciji i sprije\u010diti ponavljanje problema. Dodao je i da pove\u0107anje prijevremenih mirovina od 50 eura mjese\u010dno, odnosno oko 600 eura godi\u0161nje, predstavlja zna\u010dajno pobolj\u0161anje za umirovljenike.<br><\/p>\n<div id=\"mojev-3972953497\" class=\"mojev-kraj-teksta mojev-entity-placement\" style=\"margin-bottom: 20px;margin-left: auto;margin-right: auto;text-align: center;\"><div class=\"mojev-adlabel\">oglas<\/div><div style=\"height: 250px;\"><script async src=\"https:\/\/pagead2.googlesyndication.com\/pagead\/js\/adsbygoogle.js?client=ca-pub-8106111766207173\"\r\n     crossorigin=\"anonymous\"><\/script>\r\n<!-- Display-1 -->\r\n<ins class=\"adsbygoogle\"\r\n     style=\"display:block\"\r\n     data-ad-client=\"ca-pub-8106111766207173\"\r\n     data-ad-slot=\"1465712950\"\r\n     data-ad-format=\"auto\"\r\n     data-full-width-responsive=\"true\"><\/ins>\r\n<script>\r\n     (adsbygoogle = window.adsbygoogle || []).push({});\r\n<\/script><\/div><\/div>","protected":false},"excerpt":{"rendered":"<p>Od ponedjeljka 16. o\u017eujka po\u010dinje isplata pove\u0107anog dijela prijevremenih starosnih mirovina za 119.033 korisnika. Nakon ukidanja penalizacije s navr\u0161enih 70 godina, mirovine u prosjeku rastu za 52,69 eura mjese\u010dno, a isplatit \u0107e se i zaostaci za sije\u010danj i velja\u010du.<\/p>\n","protected":false},"author":1,"featured_media":134780,"comment_status":"closed","ping_status":"closed","sticky":false,"template":"","format":"standard","meta":{"footnotes":""},"categories":[9],"tags":[4912,18,3498],"class_list":["post-150748","post","type-post","status-publish","format-standard","has-post-thumbnail","hentry","category-vijesti","tag-alen-ruzic","tag-mirovine","tag-penalizacija"],"_links":{"self":[{"href":"https:\/\/www.mojevrijeme.hr\/magazin\/wp-json\/wp\/v2\/posts\/150748","targetHints":{"allow":["GET"]}}],"collection":[{"href":"https:\/\/www.mojevrijeme.hr\/magazin\/wp-json\/wp\/v2\/posts"}],"about":[{"href":"https:\/\/www.mojevrijeme.hr\/magazin\/wp-json\/wp\/v2\/types\/post"}],"author":[{"embeddable":true,"href":"https:\/\/www.mojevrijeme.hr\/magazin\/wp-json\/wp\/v2\/users\/1"}],"replies":[{"embeddable":true,"href":"https:\/\/www.mojevrijeme.hr\/magazin\/wp-json\/wp\/v2\/comments?post=150748"}],"version-history":[{"count":4,"href":"https:\/\/www.mojevrijeme.hr\/magazin\/wp-json\/wp\/v2\/posts\/150748\/revisions"}],"predecessor-version":[{"id":150752,"href":"https:\/\/www.mojevrijeme.hr\/magazin\/wp-json\/wp\/v2\/posts\/150748\/revisions\/150752"}],"wp:featuredmedia":[{"embeddable":true,"href":"https:\/\/www.mojevrijeme.hr\/magazin\/wp-json\/wp\/v2\/media\/134780"}],"wp:attachment":[{"href":"https:\/\/www.mojevrijeme.hr\/magazin\/wp-json\/wp\/v2\/media?parent=150748"}],"wp:term":[{"taxonomy":"category","embeddable":true,"href":"https:\/\/www.mojevrijeme.hr\/magazin\/wp-json\/wp\/v2\/categories?post=150748"},{"taxonomy":"post_tag","embeddable":true,"href":"https:\/\/www.mojevrijeme.hr\/magazin\/wp-json\/wp\/v2\/tags?post=150748"}],"curies":[{"name":"wp","href":"https:\/\/api.w.org\/{rel}","templated":true}]}}