{"id":150753,"date":"2026-03-13T19:12:38","date_gmt":"2026-03-13T18:12:38","guid":{"rendered":"https:\/\/www.mojevrijeme.hr\/magazin\/?p=150753"},"modified":"2026-03-13T19:40:34","modified_gmt":"2026-03-13T18:40:34","slug":"muska-brazilka-vise-nije-tabu-sve-je-vise-starijih-muskaraca-koji-traze-ovaj-tretman","status":"publish","type":"post","link":"https:\/\/www.mojevrijeme.hr\/magazin\/2026\/03\/muska-brazilka-vise-nije-tabu-sve-je-vise-starijih-muskaraca-koji-traze-ovaj-tretman\/","title":{"rendered":"Mu\u0161ka brazilka vi\u0161e nije tabu, sve je vi\u0161e starijih mu\u0161karaca koji tra\u017ee ovaj tretman"},"content":{"rendered":"\n<p>Njegovan izgled odavno vi\u0161e nije samo \u201c\u017eenska pri\u010da\u201d, a to se sve jasnije vidi i u kozmeti\u010dkim salonima. U ve\u0107im hrvatskim gradovima mu\u0161ka depilacija danas je posve ravnopravna \u017eenskoj. <\/p>\n\n\n\n<p>Mu\u0161karci sve \u010de\u0161\u0107e tra\u017ee i brazilsku depilaciju, nerijetko u paketu s depilacijom cijelog tijela. Me\u0111u njima je, ka\u017ee nam jedna zagreba\u010dka kozmeti\u010darka, sve vi\u0161e starijih mu\u0161karaca koji uklanjanjem sijedih dla\u010dica \u017eele zadr\u017eati mla\u0111i i uredniji izgled.<\/p>\n\n\n\n<p>Mu\u0161ka brazilka, znana i kao <em>manzilian<\/em>, obuhva\u0107a depilaciju prednjeg i stra\u017enjeg dijela intimnog podru\u010dja, naj\u010de\u0161\u0107e uz potpuno ili gotovo potpuno uklanjanje dla\u010dica. Za razliku od obi\u010dnog ure\u0111ivanja, rije\u010d je o temeljitijem tretmanu na koji se mu\u0161karci odlu\u010duju iz estetskih, higijenskih, ali i vrlo prakti\u010dnih razloga. Zahvat je ne\u0161to zahtjevniji nego kod \u017eena, ponajprije zbog mu\u0161ke anatomije, pa traje ne\u0161to dulje.<\/p><div id=\"mojev-1078918155\" class=\"mojev-u-tekstu mojev-entity-placement\" style=\"margin-left: auto;margin-right: auto;text-align: center;\"><div class=\"mojev-adlabel\">oglas<\/div><div style=\"height: 250px;\"><script async src=\"https:\/\/pagead2.googlesyndication.com\/pagead\/js\/adsbygoogle.js?client=ca-pub-8106111766207173\"\r\n     crossorigin=\"anonymous\"><\/script>\r\n<!-- Prikazni 1 u tekstu -->\r\n<ins class=\"adsbygoogle\"\r\n     style=\"display:block\"\r\n     data-ad-client=\"ca-pub-8106111766207173\"\r\n     data-ad-slot=\"8535551207\"\r\n     data-ad-format=\"auto\"\r\n     data-full-width-responsive=\"true\"><\/ins>\r\n<script>\r\n     (adsbygoogle = window.adsbygoogle || []).push({});\r\n<\/script><\/div><\/div><br style=\"clear: both; display: block; float: none;\"\/>\n\n\n\n<p>\u201cKlijenti danas o tome govore puno otvorenije nego prije\u201d, ka\u017ee na\u0161a sugovornica. Otkriva i da joj sve \u010de\u0161\u0107e dolaze stariji mu\u0161karci koji odr\u017eavaju tijelo u teretani, osobito uo\u010di ljeta i odlaska na pla\u017eu. Dio njih \u017eeli uredniji i zategnutiji dojam, smetaju im guste dla\u010dice i poja\u010dano znojenje, a neki se jednostavno ne mire sa sijedim dlakama pa se odlu\u010duju na potpuno uklanjanje.<\/p>\n\n\n\n<p>\u201cStariji mu\u0161karci posebice su osjetljivi na svoje tijelo, osobito ako redovito vje\u017ebaju i \u017eele da se rezultati bolje vide. Kad su depilirani, osje\u0107aju se mla\u0111e\u201d, govori nam.<\/p>\n\n\n\n<h2 class=\"wp-block-heading\">Oprezno s lijekovima i prepraratima<\/h2>\n\n\n\n<p>Prije takvog tretmana ipak treba znati nekoliko va\u017enih stvari. Dla\u010dice ne smiju biti prekratke jer ih vosak tada te\u017ee hvata, a ko\u017ea ne bi smjela biti nadra\u017eena ni izgrebana. Na tretman treba do\u0107i \u010dist, bez krema i ulja na ko\u017ei.<\/p>\n\n\n\n<p>Mnogi stariji mu\u0161karci koriste razne preparate protiv isu\u0161ivanja i starenja ko\u017ee, ali neki sastojci mogu dodatno poja\u010dati osjetljivost nakon depilacije. Depilacija voskom ne preporu\u010duje se osobama koje uzimaju izotretinoin, koriste tretinoin na ko\u017ei ili su na antibiotskoj terapiji, jer takvi pripravci i lijekovi mogu pove\u0107ati osjetljivost ko\u017ee.<\/p>\n\n\n\n<p>Upravo zato brazilsku depilaciju treba povjeriti provjerenom salonu. Uz to, starija ko\u017ea mo\u017ee biti tanja, osjetljivija i sklonija crvenilu, a to posebno vrijedi za podru\u010dje mo\u0161nji, pa je dobra priprema va\u017enija nego kod mla\u0111ih klijenata.<\/p>\n\n\n\n<h2 class=\"wp-block-heading\">Nelagoda brzo nestane<\/h2>\n\n\n\n<p>Po\u010detna nelagoda kod mu\u0161karaca koji prvi put dolaze na tretman, ka\u017eu u salonima, naj\u010de\u0161\u0107e nestane \u010dim vide da je sve profesionalno, brzo i bez neugodnosti. Kad se jednom odlu\u010de, mu\u0161karci se naj\u010de\u0161\u0107e vra\u0107aju bez puno razmi\u0161ljanja.<\/p>\n\n\n\n<p>Ovisno o pragu boli, intimna depilacija nekima mo\u017ee biti bolnija nego drugima. Zato je dobro prije termina izbjegavati kavu i alkohol, a sat vremena prije tretmana dobro je uzeti neki analgetik poput ibuprofena.<\/p>\n\n\n\n<p>Nakon depilacije mogu\u0107i su crvenilo, peckanje i osjetljivost ko\u017ee. Zato se preporu\u010duje izbjegavati vru\u0107i tu\u0161, saunu, usku odje\u0107u i ja\u010de trenje barem nekoliko dana nakon tretmana. Ko\u017ei tada vi\u0161e odgovara mir, lagana i prozra\u010dna odje\u0107a, \u0161ire bokserice od pamuka te blaga njega. Koliko \u010desto \u0107e mu\u0161karac ponavljati brazilku, ovisi o brzini rasta dla\u010dica i osjetljivosti ko\u017ee, ali oni koji se na nju naviknu uglavnom joj se redovito vra\u0107aju.<\/p>\n\n\n\n<div id=\"crveno\"><\/p>\n\n\n\n<h3 class=\"wp-block-heading\">Zanima nas va\u0161a pri\u010da<\/h3>\n\n\n\n<p>\u017delite li i vi, posve anonimno, podijeliti svoje iskustvo i vi\u0111enje ove teme s nama i na\u0161im \u010ditateljima, mo\u017eete to u\u010diniti putem web obrasca <a rel=\"noreferrer noopener\" href=\"https:\/\/www.mojevrijeme.hr\/magazin\/povjerljivo\/\" target=\"_blank\">Povjerljivo<\/a>. Napi\u0161ite svoju pri\u010du!<\/p>\n\n\n\n<p><\/div>\n<div id=\"mojev-1450727514\" class=\"mojev-kraj-teksta mojev-entity-placement\" style=\"margin-bottom: 20px;margin-left: auto;margin-right: auto;text-align: center;\"><div class=\"mojev-adlabel\">oglas<\/div><div style=\"height: 250px;\"><script async src=\"https:\/\/pagead2.googlesyndication.com\/pagead\/js\/adsbygoogle.js?client=ca-pub-8106111766207173\"\r\n     crossorigin=\"anonymous\"><\/script>\r\n<!-- Display-1 -->\r\n<ins class=\"adsbygoogle\"\r\n     style=\"display:block\"\r\n     data-ad-client=\"ca-pub-8106111766207173\"\r\n     data-ad-slot=\"1465712950\"\r\n     data-ad-format=\"auto\"\r\n     data-full-width-responsive=\"true\"><\/ins>\r\n<script>\r\n     (adsbygoogle = window.adsbygoogle || []).push({});\r\n<\/script><\/div><\/div>","protected":false},"excerpt":{"rendered":"<p>Mu\u0161ka brazilska depilacija vi\u0161e nije tabu ni me\u0111u starijima. U salonima sve \u010de\u0161\u0107e tra\u017ee uklanjanje dla\u010dica s prednjeg i stra\u017enjeg intimnog podru\u010dja, \u010desto i zbog urednijeg, mla\u0111eg izgleda.<\/p>\n","protected":false},"author":17,"featured_media":150763,"comment_status":"closed","ping_status":"closed","sticky":false,"template":"","format":"standard","meta":{"footnotes":""},"categories":[86],"tags":[4901,123],"class_list":["post-150753","post","type-post","status-publish","format-standard","has-post-thumbnail","hentry","category-stil-i-ljepota","tag-depilacija","tag-muskarci"],"_links":{"self":[{"href":"https:\/\/www.mojevrijeme.hr\/magazin\/wp-json\/wp\/v2\/posts\/150753","targetHints":{"allow":["GET"]}}],"collection":[{"href":"https:\/\/www.mojevrijeme.hr\/magazin\/wp-json\/wp\/v2\/posts"}],"about":[{"href":"https:\/\/www.mojevrijeme.hr\/magazin\/wp-json\/wp\/v2\/types\/post"}],"author":[{"embeddable":true,"href":"https:\/\/www.mojevrijeme.hr\/magazin\/wp-json\/wp\/v2\/users\/17"}],"replies":[{"embeddable":true,"href":"https:\/\/www.mojevrijeme.hr\/magazin\/wp-json\/wp\/v2\/comments?post=150753"}],"version-history":[{"count":13,"href":"https:\/\/www.mojevrijeme.hr\/magazin\/wp-json\/wp\/v2\/posts\/150753\/revisions"}],"predecessor-version":[{"id":150770,"href":"https:\/\/www.mojevrijeme.hr\/magazin\/wp-json\/wp\/v2\/posts\/150753\/revisions\/150770"}],"wp:featuredmedia":[{"embeddable":true,"href":"https:\/\/www.mojevrijeme.hr\/magazin\/wp-json\/wp\/v2\/media\/150763"}],"wp:attachment":[{"href":"https:\/\/www.mojevrijeme.hr\/magazin\/wp-json\/wp\/v2\/media?parent=150753"}],"wp:term":[{"taxonomy":"category","embeddable":true,"href":"https:\/\/www.mojevrijeme.hr\/magazin\/wp-json\/wp\/v2\/categories?post=150753"},{"taxonomy":"post_tag","embeddable":true,"href":"https:\/\/www.mojevrijeme.hr\/magazin\/wp-json\/wp\/v2\/tags?post=150753"}],"curies":[{"name":"wp","href":"https:\/\/api.w.org\/{rel}","templated":true}]}}