{"id":150771,"date":"2026-03-13T20:11:09","date_gmt":"2026-03-13T19:11:09","guid":{"rendered":"https:\/\/www.mojevrijeme.hr\/magazin\/?p=150771"},"modified":"2026-03-13T20:11:10","modified_gmt":"2026-03-13T19:11:10","slug":"105-eura-odjednom-53-eura-vise-mjesecno-krece-isplata-vecih-penzija","status":"publish","type":"post","link":"https:\/\/www.mojevrijeme.hr\/magazin\/2026\/03\/105-eura-odjednom-53-eura-vise-mjesecno-krece-isplata-vecih-penzija\/","title":{"rendered":"105 eura odjednom, 53 eura vi\u0161e mjese\u010dno: Kre\u0107e isplata ve\u0107ih penzija"},"content":{"rendered":"\n<p>Ministar mirovinskog sustava <strong>Alen Ru\u017ei\u0107<\/strong> (HDZ) najavio da u ponedjeljak 16. o\u017eujka po\u010dinje isplata uve\u0107anog dijela prijevremenih starosnih mirovina za 119.000 umirovljenika s navr\u0161enih 70 godina, bez podno\u0161enja zahtjeva, a sukladno ukidanju penalizacije te kategorije umirovljenika.<\/p>\n\n\n\n<p>Prosjek isplate za dva prethodna mjeseca po umirovljeniku iznosi 105,38 eura, kazao je Ru\u017ei\u0107 dodaju\u0107i da je to prosje\u010dno mjese\u010dno uve\u0107anje mirovina od 52,7 eura za umirovljenike koji su oti\u0161li ranije u mirovinu i kojima se od ove godine ukida penalizacija.<\/p>\n\n\n\n<h2 class=\"wp-block-heading\">Godi\u0161nje jo\u0161 jedna mirovina<\/h2>\n\n\n\n<p>&#8220;Na godi\u0161njoj razini to je 600 eura pove\u0107anja primanja, \u0161to \u0107e zna\u010dajno doprinijeti svakom umirovljeniku&#8221;, istaknuo je ministar i dodao kako je Vlada u dr\u017eavnom prora\u010dunu za ovu mjeru osigurala gotovo 12 milijuna eura koja \u0107e do kraja godine obuhvatiti \u010dak 127.000 umirovljenika. <\/p><div id=\"mojev-1709831399\" class=\"mojev-u-tekstu mojev-entity-placement\" style=\"margin-left: auto;margin-right: auto;text-align: center;\"><div class=\"mojev-adlabel\">oglas<\/div><div style=\"height: 250px;\"><script async src=\"https:\/\/pagead2.googlesyndication.com\/pagead\/js\/adsbygoogle.js?client=ca-pub-8106111766207173\"\r\n     crossorigin=\"anonymous\"><\/script>\r\n<!-- Prikazni 1 u tekstu -->\r\n<ins class=\"adsbygoogle\"\r\n     style=\"display:block\"\r\n     data-ad-client=\"ca-pub-8106111766207173\"\r\n     data-ad-slot=\"8535551207\"\r\n     data-ad-format=\"auto\"\r\n     data-full-width-responsive=\"true\"><\/ins>\r\n<script>\r\n     (adsbygoogle = window.adsbygoogle || []).push({});\r\n<\/script><\/div><\/div><br style=\"clear: both; display: block; float: none;\"\/>\n\n\n\n<p>U Sindikatu umirovljenika Hrvatske (SUH) ka\u017eu da je ukidanje penalizacije korak naprijed. &#8220;Me\u0111utim ono \u0161to nas mu\u010di je da \u0107e to tek biti sa 70 godina i ono \u0161to nas tu mu\u010di je da \u0107e \u017eene biti diskriminiranije. Zato \u0161to imaju prelazni period, \u010dekat \u0107e du\u017ee nego \u0161to to \u010dekaju mu\u0161ki. Smatramo da bi penalizacija, ako bi bilo po pravdi, trebala biti ukinuta sa 65 godina kada se zapravo stvarno ostvaruju uvjeti za starosnu mirovinu&#8221;, rekla je za <a href=\"https:\/\/vijesti.hrt.hr\/\" target=\"_blank\" rel=\"noreferrer noopener\">HRT <\/a>predsjednica SUH-a <strong>Vi\u0161nja Stani\u0161i\u0107<\/strong>.<\/p>\n\n\n\n<h2 class=\"wp-block-heading\">Je li prijevremena mirovina nagrada?<\/h2>\n\n\n\n<p>S druge strane, otvara se i pitanje mo\u017ee li ukidanje penalizacije utjecati na gra\u0111ane da se ipak odlu\u010de na odlazak u prijevremenu starosnu mirovinu? U Upravi za mirovinski sustav smatraju da to ne\u0107e biti slu\u010daj.<\/p>\n\n\n\n<p>&#8220;Ideja je da se osobe ne odlu\u010duju za odlazak u prijevremenu, nego da ostvaruju starosnu mirovinu. Podsjetila bih da smo propisali daleko ve\u0107u bonifikaciju za starosnu mirovinu. Mislimo da je 0,45 posto za svaki mjesec du\u017eeg ostanka u svijetu rada dobar poticaj&#8221;, rekla je za javnu televiziju ravnateljica Uprave za mirovinski sustav <strong>Melita \u010ci\u010dak<\/strong>.<\/p>\n<div id=\"mojev-3868224011\" class=\"mojev-kraj-teksta mojev-entity-placement\" style=\"margin-bottom: 20px;margin-left: auto;margin-right: auto;text-align: center;\"><div class=\"mojev-adlabel\">oglas<\/div><div style=\"height: 250px;\"><script async src=\"https:\/\/pagead2.googlesyndication.com\/pagead\/js\/adsbygoogle.js?client=ca-pub-8106111766207173\"\r\n     crossorigin=\"anonymous\"><\/script>\r\n<!-- Display-1 -->\r\n<ins class=\"adsbygoogle\"\r\n     style=\"display:block\"\r\n     data-ad-client=\"ca-pub-8106111766207173\"\r\n     data-ad-slot=\"1465712950\"\r\n     data-ad-format=\"auto\"\r\n     data-full-width-responsive=\"true\"><\/ins>\r\n<script>\r\n     (adsbygoogle = window.adsbygoogle || []).push({});\r\n<\/script><\/div><\/div>","protected":false},"excerpt":{"rendered":"<p>119.000 prijevremenih umirovljenika starijih od 70 godina od ponedjeljka dobiva ve\u0107e mirovine jer im se ukida penalizacija. Prosje\u010dno pove\u0107anje iznosi oko 53 eura mjese\u010dno, odnosno oko 600 eura godi\u0161nje, a isplata sti\u017ee automatski bez podno\u0161enja zahtjeva.<\/p>\n","protected":false},"author":1,"featured_media":138091,"comment_status":"closed","ping_status":"closed","sticky":false,"template":"","format":"standard","meta":{"footnotes":""},"categories":[9],"tags":[4912,18,3498,1684],"class_list":["post-150771","post","type-post","status-publish","format-standard","has-post-thumbnail","hentry","category-vijesti","tag-alen-ruzic","tag-mirovine","tag-penalizacija","tag-visnja-stanisic"],"_links":{"self":[{"href":"https:\/\/www.mojevrijeme.hr\/magazin\/wp-json\/wp\/v2\/posts\/150771","targetHints":{"allow":["GET"]}}],"collection":[{"href":"https:\/\/www.mojevrijeme.hr\/magazin\/wp-json\/wp\/v2\/posts"}],"about":[{"href":"https:\/\/www.mojevrijeme.hr\/magazin\/wp-json\/wp\/v2\/types\/post"}],"author":[{"embeddable":true,"href":"https:\/\/www.mojevrijeme.hr\/magazin\/wp-json\/wp\/v2\/users\/1"}],"replies":[{"embeddable":true,"href":"https:\/\/www.mojevrijeme.hr\/magazin\/wp-json\/wp\/v2\/comments?post=150771"}],"version-history":[{"count":3,"href":"https:\/\/www.mojevrijeme.hr\/magazin\/wp-json\/wp\/v2\/posts\/150771\/revisions"}],"predecessor-version":[{"id":150774,"href":"https:\/\/www.mojevrijeme.hr\/magazin\/wp-json\/wp\/v2\/posts\/150771\/revisions\/150774"}],"wp:featuredmedia":[{"embeddable":true,"href":"https:\/\/www.mojevrijeme.hr\/magazin\/wp-json\/wp\/v2\/media\/138091"}],"wp:attachment":[{"href":"https:\/\/www.mojevrijeme.hr\/magazin\/wp-json\/wp\/v2\/media?parent=150771"}],"wp:term":[{"taxonomy":"category","embeddable":true,"href":"https:\/\/www.mojevrijeme.hr\/magazin\/wp-json\/wp\/v2\/categories?post=150771"},{"taxonomy":"post_tag","embeddable":true,"href":"https:\/\/www.mojevrijeme.hr\/magazin\/wp-json\/wp\/v2\/tags?post=150771"}],"curies":[{"name":"wp","href":"https:\/\/api.w.org\/{rel}","templated":true}]}}