{"id":150780,"date":"2026-03-14T11:14:57","date_gmt":"2026-03-14T10:14:57","guid":{"rendered":"https:\/\/www.mojevrijeme.hr\/magazin\/?p=150780"},"modified":"2026-03-14T11:20:21","modified_gmt":"2026-03-14T10:20:21","slug":"odlazite-u-mirovinu-sa-65-evo-koliko-dugo-cete-primati-mirovinu","status":"publish","type":"post","link":"https:\/\/www.mojevrijeme.hr\/magazin\/2026\/03\/odlazite-u-mirovinu-sa-65-evo-koliko-dugo-cete-primati-mirovinu\/","title":{"rendered":"Odlazite u mirovinu sa 65? Evo koliko dugo \u0107ete primati mirovinu"},"content":{"rendered":"\n<p>Proslavili ste 65. ro\u0111endan i vrijeme je za mirovinu. No \u010desto \u010dujete da mirovina danas kratko traje. &#8220;S posla u grob&#8221;, \u010desto ka\u017eu sindikalisti. No to ba\u0161 i nije istina jer pred vama su jo\u0161 desetlje\u0107a \u017eivota. <\/p>\n\n\n\n<p>Koliko \u0107e to\u010dno trajati va\u0161a mirovina, ovisi ponajprije o spolu, zdravlju i \u017eivotnim okolnostima, no statistika daje prili\u010dno jasnu sliku. Prema demografskim i aktuarskim procjenama, osoba koja u Hrvatskoj navr\u0161i 65 godina mo\u017ee o\u010dekivati od 15 do 17 godina \u017eivota, ako je mu\u0161karac. Ako je \u017eena, pred njom je od 19 do 21 godine. To dakako zna\u010di da \u0107e neki do\u017eivjeti manje, no drugi \u0107e do\u017eivjeti i puno vi\u0161e od toga.<\/p>\n\n\n\n<p>Nakon pandemije COVID-a i privremenog sni\u017eavanja o\u010dekivanog \u017eivotnog vijeka sa 65 godina, brojke se vra\u0107aju na staro. Dapa\u010de, mo\u017eemo o\u010dekivati da \u0107e u idu\u0107im godinama dodatno rasti i prema\u0161iti op\u0107i prosjek od 17 do 19 godina \u017eivota nakon 65. godine.<\/p><div id=\"mojev-3262236956\" class=\"mojev-u-tekstu mojev-entity-placement\" style=\"margin-left: auto;margin-right: auto;text-align: center;\"><div class=\"mojev-adlabel\">oglas<\/div><div style=\"height: 250px;\"><script async src=\"https:\/\/pagead2.googlesyndication.com\/pagead\/js\/adsbygoogle.js?client=ca-pub-8106111766207173\"\r\n     crossorigin=\"anonymous\"><\/script>\r\n<!-- Prikazni 1 u tekstu -->\r\n<ins class=\"adsbygoogle\"\r\n     style=\"display:block\"\r\n     data-ad-client=\"ca-pub-8106111766207173\"\r\n     data-ad-slot=\"8535551207\"\r\n     data-ad-format=\"auto\"\r\n     data-full-width-responsive=\"true\"><\/ins>\r\n<script>\r\n     (adsbygoogle = window.adsbygoogle || []).push({});\r\n<\/script><\/div><\/div><br style=\"clear: both; display: block; float: none;\"\/>\n\n\n\n<p>Nedavno provedena anketa u Sjedinjenim Dr\u017eavama, a koju su prenijeli brojni mediji, pokazala je da ljudi zapravo ne znaju koliko ih \u017eivota o\u010dekuje nakon \u0161to prime prvi umirovljeni\u010dki odrezak. Ni u Hrvatskoj situacija nije puno bolja. &#8220;Malo tko do\u017eivi 70&#8221;, pi\u0161e nam \u010ditateljica, jedna od mnogih. No \u010dinjenica je da svaki deseti umirovljenik u Hrvatskoj ima vi\u0161e od 85 godina, kao i to da su umirovljeni\u010dki domovi iznena\u0111uju\u0107e &#8220;puni&#8221; stogodi\u0161njaka.<\/p>\n\n\n\n<h2 class=\"wp-block-heading\">Planirajte najmanje dva desetlje\u0107a mirovine<\/h2>\n\n\n\n<p>Znanost, poglavito medicinske znanosti, uz porast standarda, zna\u010dajno je produ\u017eila \u017eivotni vijek pri \u010demu ne treba mije\u0161ati prosje\u010dan \u017eivotni vijek i o\u010dekivani \u017eivotni vijek sa 65 godina. Do te dobi hrvatski umirovljenik pre\u017eivio je mnoge rizi\u010dne faze \u017eivota. Upravo zato je o\u010dekivani preostali \u017eivot dulji nego \u0161to sugerira ukupni prosjek \u017eivotnog vijeka pri ro\u0111enju.<\/p>\n\n\n\n<p>Europske projekcije pokazuju da \u0107e budu\u0107e generacije 65-godi\u0161njaka \u017eivjeti jo\u0161 dulje nego dana\u0161nji umirovljenici. To zna\u010di da mnogi gra\u0111ani ve\u0107 sad u mirovini provedu <strong>\u010detvrt stolje\u0107a<\/strong>, osobito \u017eene i osobe boljeg zdravstvenog stanja.<\/p>\n\n\n\n<p>Istodobno, mnogi u Hrvatskoj imaju relativno kratak radni sta\u017e ili su radni vijek zapo\u010deli kasnije, pa se sve \u010de\u0161\u0107e doga\u0111a da razdoblje primanja mirovine bude usporedivo s brojem godina upla\u0107ivanja doprinosa ili \u010dak znatno ve\u0107e. <\/p>\n\n\n\n<h2 class=\"wp-block-heading\">Dugo \u017eivjeti ne zna\u010di nu\u017eno i dugo biti zdrav<\/h2>\n\n\n\n<p>No nije sve tako bajkovito. Iako ukupni \u017eivot nakon 65 u prosjeku mo\u017ee trajati gotovo dva desetlje\u0107a, zdrave godine \u017eivota su osjetno kra\u0107e. Procjene pokazuju da osobe u Hrvatskoj nakon 65 imaju tek nekoliko godina bez zna\u010dajnijih zdravstvenih ograni\u010denja, pet ili \u0161est, nakon \u010dega se javljaju kroni\u010dne bolesti ili smanjena funkcionalnost. Europski prosjek o\u010dekivanih zdravih godina u mirovini je gotovo dvostruko dulji.<\/p>\n\n\n\n<p>Koliko dugo, ali i kako \u0107ete \u017eivjeti nakon 65. godine, odre\u0111uju brojni \u010dimbenici. Obrazovanje i prihodi, \u017eivotni stil (pu\u0161enje, prehrana, kretanje), dostupnost zdravstvene skrbi, bra\u010dni status i uklju\u010denost u zajednicu, ali i genetika, \u010dine vi\u0161e no \u0161to mislimo. Ipak, mo\u017eemo zaklju\u010diti, ako danas odlazite u mirovinu sa 65 godina, razumno je planirati da \u0107e ona trajati <strong>barem 20 godina<\/strong>, osobito ako ste \u017eena ili dobrog zdravstvenog stanja. Nove generacije umirovljenika bit \u0107e u jo\u0161 povoljnijoj situaciji.<\/p>\n<div id=\"mojev-611700038\" class=\"mojev-kraj-teksta mojev-entity-placement\" style=\"margin-bottom: 20px;margin-left: auto;margin-right: auto;text-align: center;\"><div class=\"mojev-adlabel\">oglas<\/div><div style=\"height: 250px;\"><script async src=\"https:\/\/pagead2.googlesyndication.com\/pagead\/js\/adsbygoogle.js?client=ca-pub-8106111766207173\"\r\n     crossorigin=\"anonymous\"><\/script>\r\n<!-- Display-1 -->\r\n<ins class=\"adsbygoogle\"\r\n     style=\"display:block\"\r\n     data-ad-client=\"ca-pub-8106111766207173\"\r\n     data-ad-slot=\"1465712950\"\r\n     data-ad-format=\"auto\"\r\n     data-full-width-responsive=\"true\"><\/ins>\r\n<script>\r\n     (adsbygoogle = window.adsbygoogle || []).push({});\r\n<\/script><\/div><\/div>","protected":false},"excerpt":{"rendered":"<p>Prosje\u010dna mirovina u Hrvatskoj traje gotovo dva desetlje\u0107a, a \u017eene je primaju znatno dulje od mu\u0161karaca. Demografske procjene otkrivaju koliko godina \u017eivota u pravilu slijedi nakon umirovljenja.<\/p>\n","protected":false},"author":10,"featured_media":89967,"comment_status":"closed","ping_status":"closed","sticky":false,"template":"","format":"standard","meta":{"footnotes":""},"categories":[9],"tags":[64,18],"class_list":["post-150780","post","type-post","status-publish","format-standard","has-post-thumbnail","hentry","category-vijesti","tag-dugovjecnost","tag-mirovine"],"_links":{"self":[{"href":"https:\/\/www.mojevrijeme.hr\/magazin\/wp-json\/wp\/v2\/posts\/150780","targetHints":{"allow":["GET"]}}],"collection":[{"href":"https:\/\/www.mojevrijeme.hr\/magazin\/wp-json\/wp\/v2\/posts"}],"about":[{"href":"https:\/\/www.mojevrijeme.hr\/magazin\/wp-json\/wp\/v2\/types\/post"}],"author":[{"embeddable":true,"href":"https:\/\/www.mojevrijeme.hr\/magazin\/wp-json\/wp\/v2\/users\/10"}],"replies":[{"embeddable":true,"href":"https:\/\/www.mojevrijeme.hr\/magazin\/wp-json\/wp\/v2\/comments?post=150780"}],"version-history":[{"count":11,"href":"https:\/\/www.mojevrijeme.hr\/magazin\/wp-json\/wp\/v2\/posts\/150780\/revisions"}],"predecessor-version":[{"id":150796,"href":"https:\/\/www.mojevrijeme.hr\/magazin\/wp-json\/wp\/v2\/posts\/150780\/revisions\/150796"}],"wp:featuredmedia":[{"embeddable":true,"href":"https:\/\/www.mojevrijeme.hr\/magazin\/wp-json\/wp\/v2\/media\/89967"}],"wp:attachment":[{"href":"https:\/\/www.mojevrijeme.hr\/magazin\/wp-json\/wp\/v2\/media?parent=150780"}],"wp:term":[{"taxonomy":"category","embeddable":true,"href":"https:\/\/www.mojevrijeme.hr\/magazin\/wp-json\/wp\/v2\/categories?post=150780"},{"taxonomy":"post_tag","embeddable":true,"href":"https:\/\/www.mojevrijeme.hr\/magazin\/wp-json\/wp\/v2\/tags?post=150780"}],"curies":[{"name":"wp","href":"https:\/\/api.w.org\/{rel}","templated":true}]}}