{"id":150820,"date":"2026-03-16T10:20:56","date_gmt":"2026-03-16T09:20:56","guid":{"rendered":"https:\/\/www.mojevrijeme.hr\/magazin\/?p=150820"},"modified":"2026-03-17T13:32:04","modified_gmt":"2026-03-17T12:32:04","slug":"intervju-stanisic-ako-umirovljenici-ne-dodu-na-prosvjed-znaci-da-zive-jako-dobro","status":"publish","type":"post","link":"https:\/\/www.mojevrijeme.hr\/magazin\/2026\/03\/intervju-stanisic-ako-umirovljenici-ne-dodu-na-prosvjed-znaci-da-zive-jako-dobro\/","title":{"rendered":"INTERVJU Stani\u0161i\u0107: Ako umirovljenici ne do\u0111u na prosvjed, zna\u010di da \u017eive jako dobro"},"content":{"rendered":"\n<p>Uo\u010di velikog prosvjeda umirovljenika i radnika, s predsjednicom Sindikata umirovljenika Hrvatske (SUH) <strong>Vi\u0161njom Stani\u0161i\u0107<\/strong>, razgovarali smo o prijedlozima za pravednije uskla\u0111ivanje mirovina, porezu na mirovine, odnosima me\u0111u umirovljeni\u010dkim udrugama i strankama te mirovinskoj reformi koja je u punoj snazi od 1. sije\u010dnja.<\/p>\n\n\n\n<p><strong>Zauzimali ste se za linearno umjesto postotnog uskla\u0111ivanja mirovina. Time bi se promijenili odnosi izme\u0111u manjih i ve\u0107ih mirovina u korist manjih. Jeste li odustali od te, kako je netko od na\u0161ih \u010ditatelja to nazvao, <em>soft<\/em> uravnilovke? <\/strong><\/p>\n\n\n\n<p>Osobno jo\u0161 uvijek imam tu \u017eelju, ali Predsjedni\u0161tvo SUH-a je demokratsko tijelo koje je usuglasilo druga\u010dije ciljeve, a to je da se uskla\u0111ivanje provodi sukladno visini mirovine. Mirovine do 500 eura trebale bi biti uskla\u0111ene sa 120 posto stope, mirovine do 800 eura sa 110 posto stope, a one iznad 800 eura trebale bi se uskla\u0111ivati sa 100 posto stope uskla\u0111ivanja.<\/p><div id=\"mojev-2842195646\" class=\"mojev-u-tekstu mojev-entity-placement\" style=\"margin-left: auto;margin-right: auto;text-align: center;\"><div class=\"mojev-adlabel\">oglas<\/div><div style=\"height: 250px;\"><script async src=\"https:\/\/pagead2.googlesyndication.com\/pagead\/js\/adsbygoogle.js?client=ca-pub-8106111766207173\"\r\n     crossorigin=\"anonymous\"><\/script>\r\n<!-- Prikazni 1 u tekstu -->\r\n<ins class=\"adsbygoogle\"\r\n     style=\"display:block\"\r\n     data-ad-client=\"ca-pub-8106111766207173\"\r\n     data-ad-slot=\"8535551207\"\r\n     data-ad-format=\"auto\"\r\n     data-full-width-responsive=\"true\"><\/ins>\r\n<script>\r\n     (adsbygoogle = window.adsbygoogle || []).push({});\r\n<\/script><\/div><\/div><br style=\"clear: both; display: block; float: none;\"\/>\n\n\n\n<p><strong>Zapravo, uz uskla\u0111ivanje mirovina, ipak \u017eelite i povisiti niske mirovine u odnosu na vi\u0161e?<\/strong><\/p>\n\n\n\n<p>Tako je. Pogotovo kad gledamo na sta\u017e. Mislim da bi sta\u017e trebao biti odlu\u010duju\u0107i faktor. Nepo\u0161teno je da ljudi s 40 godina sta\u017ea nemaju mogu\u0107nosti za normalan \u017eivot. To je moj stav. <\/p>\n\n\n\n<p><strong>Umirovljenici pla\u0107aju porez na dohodak na dio mirovine koji prelazi 600 eura i uz 50 posto olak\u0161ice u odnosu na radnike. Predlo\u017eili ste da porez ostane, unato\u010d tomu \u0161to ga je Vlada odlu\u010dila ukinuti, ali da se osobni odbitak podigne na 1.500 eura. <\/strong><\/p>\n\n\n\n<p>To zna\u010di da \u0107e i oni koji imaju velike mirovine poprili\u010dno profitirati. Vlada je obe\u0107ala da \u0107e nagodinu dignuti prosje\u010dnu mirovinu na 800 eura. To \u0107e s takvim ukidanjem poreza i posti\u0107i, ali novac \u0107e do\u0107i na ra\u010dune onih s velikim mirovinama.<\/p>\n\n\n\n<p><strong>Umirovljenici do sada ili nisu pla\u0107ali porez ili su ga pla\u0107ali malo. Ne bi profitirali ni od ukidanja poreza, a ni od podizanja osobnog odbitka. Milivoj \u0160pika je na na\u0161oj stranici pitao za\u0161to onda uop\u0107e izlaziti s prijedlogom kad on ve\u0107ini ni\u0161ta ne mijenja na stvari. <\/strong><\/p>\n\n\n\n<p>Zato jer je Vlada ve\u0107 donijela odluku da \u0107e umirovljenicima ukinuti porez na dohodak. Protivim se odlukama koje se donose samo za odre\u0111ene grupe umirovljenika. Samo jedna dr\u017eava u EU ne obra\u010dunava porez na dohodak na mirovine. Za\u0161to bismo mi ba\u0161 bili izuzetak? Taj porez ipak ide lokalnoj samoupravi iz \u010dega se ispla\u0107uje bo\u017ei\u0107nice i uskrsnice onima koji su najsiroma\u0161niji. Ako podignemo osobni odbitak, onih 600.000 umirovljenika i dalje ne\u0107e dobiti ni\u0161ta, drugih 600.000 \u0107e dobiti malo ili ne\u0161to, dok oni s najvi\u0161im mirovinama ipak ne\u0107e dodatno dobiti 3.000 eura ili vi\u0161e godi\u0161nje.<\/p>\n\n\n\n<p><strong>Ukidanje &#8220;poreza na mirovine&#8221; u javnosti su naj\u017ee\u0161\u0107e zagovarale Anka Mrak-Tarita\u0161 i Dalija Ore\u0161kovi\u0107. Za\u0161to? <\/strong><\/p>\n\n\n\n<p>Ne znam. Mo\u017eda zbog svojih mirovina? Nisam politi\u010darka i ne \u017eelim biti. <\/p>\n\n\n\n<p><strong>Ali ste svejedno poku\u0161ali ujediniti umirovljeni\u010dke stranke i udruge? Mo\u017eete li se na\u0107i na zajedni\u010dkoj platformi?<\/strong><\/p>\n\n\n\n<p>\u017deljela sam napraviti zajedni\u010dki program koji bismo mi kao SUH gurali na Nacionalnom vije\u0107u za umirovljenike i starije osobe, a oni bi ih gurali na politi\u010dkoj sceni. Mislila sam da \u0107emo se slo\u017eiti oko \u010detiri-pet najva\u017enijih to\u010daka koje bi se odnosile na ve\u0107inu umirovljenika. Ali, oni su svi bili u nekom trenutku pripadnici Hrvatske stranke umirovljenika (HSU). I Gruji\u0107 i \u0160pika i Fortuna i Gabri\u010devi\u0107. Tamo su se posva\u0111ali i jednostavno jedni druge ne trpe. Osobno mislim da se neka takva suradnja ne\u0107e mo\u0107i izvesti dok se ne promijene vodstva tih stranaka. Na koncu gube umirovljenici.<\/p>\n\n\n\n<figure class=\"wp-block-image size-large\"><img loading=\"lazy\" decoding=\"async\" width=\"740\" height=\"444\" src=\"https:\/\/www.mojevrijeme.hr\/magazin\/wp-content\/uploads\/2026\/03\/stanisic-visnja-zagreb-2-740x444.jpg\" alt=\"Predsjednica SUH-a Vi\u0161nja Stani\u0161i\u0107 snimljena u \u0160ubi\u0107evoj ulici u Zagrebu.\" class=\"wp-image-150878\" srcset=\"https:\/\/www.mojevrijeme.hr\/magazin\/wp-content\/uploads\/2026\/03\/stanisic-visnja-zagreb-2-740x444.jpg 740w, https:\/\/www.mojevrijeme.hr\/magazin\/wp-content\/uploads\/2026\/03\/stanisic-visnja-zagreb-2-636x382.jpg 636w, https:\/\/www.mojevrijeme.hr\/magazin\/wp-content\/uploads\/2026\/03\/stanisic-visnja-zagreb-2-768x461.jpg 768w, https:\/\/www.mojevrijeme.hr\/magazin\/wp-content\/uploads\/2026\/03\/stanisic-visnja-zagreb-2-1536x922.jpg 1536w, https:\/\/www.mojevrijeme.hr\/magazin\/wp-content\/uploads\/2026\/03\/stanisic-visnja-zagreb-2-1500x900.jpg 1500w, https:\/\/www.mojevrijeme.hr\/magazin\/wp-content\/uploads\/2026\/03\/stanisic-visnja-zagreb-2-1600x960.jpg 1600w, https:\/\/www.mojevrijeme.hr\/magazin\/wp-content\/uploads\/2026\/03\/stanisic-visnja-zagreb-2-590x354.jpg 590w, https:\/\/www.mojevrijeme.hr\/magazin\/wp-content\/uploads\/2026\/03\/stanisic-visnja-zagreb-2-400x240.jpg 400w, https:\/\/www.mojevrijeme.hr\/magazin\/wp-content\/uploads\/2026\/03\/stanisic-visnja-zagreb-2.jpg 2000w\" sizes=\"auto, (max-width: 740px) 100vw, 740px\" \/><figcaption class=\"wp-element-caption\">Vi\u0161nja Stani\u0161i\u0107 (foto: Sini\u0161a Bogdani\u0107)<\/figcaption><\/figure>\n\n\n\n<p><strong>S obzirom na to da odr\u017eivog pove\u0107anja mirovina ne\u0107e biti bez ve\u0107ih pla\u0107a, nisu li vam radni\u010dki sindikati ipak prirodniji saveznici?<\/strong><\/p>\n\n\n\n<p>Da. Imali smo dvije opcije: suradnju s umirovljeni\u010dkim udrugama i strankama te suradnju s radni\u010dkim sindikatima. Sa sindikatima smo odmah prona\u0161li zajedni\u010dki jezik i sada idemo na zajedni\u010dki prosvjed. Jasno je da ve\u0107e pla\u0107e generiraju ve\u0107e doprinose i ve\u0107e mirovine. Osim toga, i oni \u0107e biti umirovljenici. U interesu im je podr\u017eati umirovljenike. I pla\u0107e i mirovine moraju biti adekvatne za dobar \u017eivot.<\/p>\n\n\n\n<p><strong>Umirovljenici stalno snatre o tome kome treba uzeti unutar mirovinskog sustava da bi se njima pove\u0107ale mirovine. \u010cinjenica je da i dr\u017eave koje imaju puno vi\u0161e akumuliranog radnog sta\u017ea u sustavu, puno ve\u0107e doprinose, bolji omjer radnika i umirovljenika i pritom nemaju povla\u0161tene umirovljeni\u010dke skupine, moraju mirovine krpati iz prora\u010duna. Vidite li svjetlo na kraju tunela ako se ne podigne broj radnika i ako se ne pove\u0107aju pla\u0107e?<\/strong><\/p>\n\n\n\n<p>Ne ba\u0161. Ako \u0107e mladi odlaziti u inozemstvo, a primat \u0107emo strane radnike koji rade za minimalac i pla\u0107aju minimalne doprinose, te\u0161ko da \u0107e se ne\u0161to popraviti. \u010cak i da imamo dva radnika na jednog umirovljenika, umjesto sada\u0161njih 1,4 na jednog, te\u0161ko da \u0107emo s minimalcima prosperirati. Radila sam u Mirovinskom i devedesetih godina smo na ra\u010dunu imali novca za tri ili \u010detiri isplate mirovina.<\/p>\n\n\n\n<p><strong>Ali taj novac ne bi mogao trajati do danas. Dijelom tog novca se financirao i rat, tvrde mnogi.<\/strong><\/p>\n\n\n\n<p>Da. Ali tada se po\u010delo i s mirovinama po posebnim propisima. Tada je Hrvatski zavod za mirovinsko osiguranje bio samostalan i nisu bili u javnim slu\u017ebama. Za sve te <em>ad hoc<\/em> zakone i mirovine dr\u017eava je Zavodu trebala refundirati novac, ali to nije u\u010dinila pet ili vi\u0161e godina. Tada smo do\u0161li u situaciju da smo se po\u010deli zadu\u017eivati kod banaka za mirovine. Nakon toga su mirovine pre\u0161le na riznicu, a dr\u017eava je preuzela kontrolu nad time. <\/p>\n\n\n\n<p><strong>Ka\u017eimo ne\u0161to i o ostvarenim pomacima nabolje. Mehanizam godi\u0161njeg dodatka koji se pro\u0161le godine prvi put isplatio je umno\u017eak godina mirovinskog sta\u017ea i vrijednosti godine koja se odre\u0111uje sukladno prora\u010dunskim mogu\u0107nostima. Lani je to bilo \u0161est eura po godini. Ho\u0107e li se to bitno pove\u0107ati ove godine?<\/strong><\/p>\n\n\n\n<p>Nemam takve informacije, ali zala\u017eemo se da vrijednost godine bude 80 posto AVM-a i da se tako ispla\u0107uje dva puta godi\u0161nje: u lipnju i prosincu. Ali, prema stvarnom radnom sta\u017eu, a ne pridodanom sta\u017eu koji ulazi u mirovinski sta\u017e. Ovako ispada da su oni koji su odradili svoj vijek bez ikakvih povlastica zakinuti ba\u0161 u svemu.<\/p>\n\n\n\n<p><strong>Vratimo se na tih \u0161est eura po godini sta\u017ea. Iako vas Vlada predstavlja socijalnim partnerima, zapravo ste stavljeni pred gotov \u010din, zar ne? Bez mogu\u0107nosti pregovaranja?<\/strong><\/p>\n\n\n\n<p>Da, pozvani smo na sastanak. Mislila sam da je povodom Me\u0111unarodnog dana starijih osoba, ali samo su nam rekli da \u0107e biti tih \u0161est eura. A dan ranije sam na sjednici Nacionalnog vije\u0107a pitala kada \u0107emo o tome pregovarati. Na kraju nije bilo ni razgovora ni konzultacija.<\/p>\n\n\n\n<p><strong>Mo\u017eete li sada uzeti telefon i nazvati ministra mirovinskog sustava Alena Ru\u017ei\u0107a?<\/strong><\/p>\n\n\n\n<p>Ne. Novi ministar je na sastanak pozvao \u010dlanicu Upravnog vije\u0107a HZMO-a, dr\u017eavnog tajnika i predsjednicu Nacionalnog vije\u0107a za umirovljenike i starije osobe Vi\u0161nju Fortunu. Ona zapravo ne bi smjela biti predsjedavaju\u0107a jer joj je mandat istekao. Mogu ja zatra\u017eiti razgovor s ministrom, ali sam o\u010dekivala da \u0107e pozvati ravnopravno Maticu umirovljenika i Sindikat umirovljenika. Barem da se upoznamo, ako ni\u0161ta drugo. A ni Nacionalno vije\u0107e nije sazvano vi\u0161e od 2 i pol mjeseca, iako se prema pravilniku treba sazivati barem jednom u dva mjeseca.<\/p>\n\n\n\n<p><strong>\u010cini se da rad u mirovini kod nas nije za\u017eivio&#8230;<\/strong><\/p>\n\n\n\n<p>Ni ne\u0107e!<\/p>\n\n\n\n<p><strong>Kako to da kod nas radi puno manje umirovljenika nego u bogatijim zemljama? Je li to stvar na\u0161eg mentaliteta? <\/strong><\/p>\n\n\n\n<p>Raditi u Hrvatskoj dosta je stresno. Mnogi su izlo\u017eeni i mobingu. Kad odu u mirovinu, \u017eele se odmoriti i normalno \u017eivjeti. Ako rade, rade zato \u0161to moraju i nude im se poslovi koje prije nisu radili. Moja kolegica je po\u010dela raditi u Sparu i nakon tri mjeseca je rekla da vi\u0161e ne mo\u017ee stajati. Ne znam za\u0161to se Vlada hvali tom mjerom koju ba\u0161 malo ljudi koristi.<\/p>\n\n\n\n<p><strong>No neki koriste.<\/strong><\/p>\n\n\n\n<p>Jedini koji ba\u0161 nastavljaju svoje karijere su visokokvalificirani, znanstvenici, profesori i lije\u010dnici. Sada \u0107e se i oni umiroviti i odmah nastaviti raditi kako bi primali pla\u0107u i mirovinu. S tim da \u0107e morati dobro procijeniti isplati li im se to u odnosu na bonifikaciju od 0,45 posto po mjesecu koju bi dobili da ne prekidaju radni odnos. Mislim da je bolje vrabac u ruci nego golub na grani.<\/p>\n\n\n\n<p><strong>Da vas sad nazove neki umirovljenik i da vas pita treba li prihvatiti posao na puno radno vrijeme ili pola radnog vremena, a onda shodno tome i da prima paralelno pola ili cijelu mirovinu, \u0161to biste mu savjetovali?<\/strong><\/p>\n\n\n\n<p>Pitala bih ga koliko ima godina \u017eivota, kakvog je zdravlja i kakav posao mu je ponu\u0111en. Ako \u0107e raditi fizi\u010dki posao, bolje mu je da radi pola radnog vremena i da prima cijelu mirovinu. <\/p>\n\n\n\n<figure class=\"wp-block-image size-large\"><img loading=\"lazy\" decoding=\"async\" width=\"740\" height=\"444\" src=\"https:\/\/www.mojevrijeme.hr\/magazin\/wp-content\/uploads\/2026\/03\/plenkovic-penzici-740x444.jpg\" alt=\"Premijer Andrej Plenkovi\u0107 (HDZ) i umirovljenici.\" class=\"wp-image-150604\" srcset=\"https:\/\/www.mojevrijeme.hr\/magazin\/wp-content\/uploads\/2026\/03\/plenkovic-penzici-740x444.jpg 740w, https:\/\/www.mojevrijeme.hr\/magazin\/wp-content\/uploads\/2026\/03\/plenkovic-penzici-636x382.jpg 636w, https:\/\/www.mojevrijeme.hr\/magazin\/wp-content\/uploads\/2026\/03\/plenkovic-penzici-768x461.jpg 768w, https:\/\/www.mojevrijeme.hr\/magazin\/wp-content\/uploads\/2026\/03\/plenkovic-penzici-1536x922.jpg 1536w, https:\/\/www.mojevrijeme.hr\/magazin\/wp-content\/uploads\/2026\/03\/plenkovic-penzici-1500x900.jpg 1500w, https:\/\/www.mojevrijeme.hr\/magazin\/wp-content\/uploads\/2026\/03\/plenkovic-penzici-1600x960.jpg 1600w, https:\/\/www.mojevrijeme.hr\/magazin\/wp-content\/uploads\/2026\/03\/plenkovic-penzici-590x354.jpg 590w, https:\/\/www.mojevrijeme.hr\/magazin\/wp-content\/uploads\/2026\/03\/plenkovic-penzici-400x240.jpg 400w, https:\/\/www.mojevrijeme.hr\/magazin\/wp-content\/uploads\/2026\/03\/plenkovic-penzici.jpg 2000w\" sizes=\"auto, (max-width: 740px) 100vw, 740px\" \/><figcaption class=\"wp-element-caption\">ilustracija: S. Bura\/mj<\/figcaption><\/figure>\n\n\n\n<p><strong>Dosta \u010desto govorite da Vlada \u017eeli da umirovljenika bude \u0161to manje i da \u0161to kra\u0107e \u017eive, a onda opet slu\u0161am da su umirovljenici najvjerniji bira\u010di vladaju\u0107ih. Kako pomiriti te dvije informacije?<\/strong><\/p>\n\n\n\n<p>Nije samo na\u0161oj vladi cilj da radimo \u0161to du\u017ee, a da \u0161to kra\u0107e primamo mirovinu. Po mogu\u0107nosti da direktno odemo s posla na Mirogoj. Sve \u0161to Vlada RH radi ide u tom smjeru. Kad gledate umirovljenike koji su se zaposlili, oni si doprinosima pokrivaju veliki dio mirovine. Ovi koji rade puno radno vrijeme sebi \u0107e isplatiti vi\u0161e od 70 posto mirovine. Tu je Vlada na dobitku. Druga su pri\u010da oni koji \u0107e biti na Vladinim jaslama i koji \u0107e raditi u dr\u017eavnim i javnim slu\u017ebama. Oni \u0107e primati mirovinu i pla\u0107u iz prora\u010duna pa \u0107e biti ve\u0107i tro\u0161ak.<\/p>\n\n\n\n<p><strong>Razgovarajmo malo o Sindikatu umirovljenika. Umirovljenici \u010desto o\u010dekuju da SUH mo\u017ee narediti Vladi da im isplati ve\u0107e mirovine. \u010cesto i pitaju za\u0161to su SUH i MUH Vladini socijalni partneri, kada nisu glasali za vas. <\/strong><\/p>\n\n\n\n<p>Vlada s nekim mora pregovarati. Ne mo\u017ee pregovarati sa svakim umirovljenikom ponaosob na ulici. Ne misle valjda da bi se trebalo pregovarati sa strankama? To sigurno nije u interesu niti jednog umirovljenika, pogotovo ne u dana\u0161njoj situaciji. <\/p>\n\n\n\n<p><strong>Recimo, Hrvatska stranka umirovljenika (HSU) ka\u017ee da ona pri Vladi zastupa umirovljenike. Jeste li zadovoljni tim zastupanjem? <\/strong><\/p>\n\n\n\n<p>Ne podr\u017eavam takve koalicije. Da biste ostvarili jednu jedinu stvar iz svojih izbornih obe\u0107anja, morate podr\u017eavati sve ono drugo za \u0161to niste bili. Ne podr\u017eavam koaliranje umirovljeni\u010dkih stranaka s vladaju\u0107ima, iako oni tvrde da je to jedini na\u010din da se ne\u0161to postigne za umirovljenike. Mislim da postoje i drugi na\u010dini. Probali smo i s HSU-om sura\u0111ivati, ali se nisu odazvali na sastanak umirovljeni\u010dkih stranaka i udruga.<\/p>\n\n\n\n<p><strong>Vi nemate politi\u010dkih ambicija u smislu izbora? Ho\u0107emo li vas jednog dana vidjeti u Saboru?<\/strong><\/p>\n\n\n\n<p>Nikada!<\/p>\n\n\n\n<p><strong>To je zato \u0161to u Sindikatu imate astronomska primanja? \u0160alim se, naravno. Na\u0161i \u010ditatelji nam \u010desto pi\u0161u da SUH raspola\u017ee ogromnim bud\u017eetom i pla\u0107ama. Dodu\u0161e, nitko od njih ni ne pro\u010dita financijska izvje\u0161\u0107a objavljena na stranicama Ministarstva financija. Udruge se financiraju projektno, a to zna\u010di da taj novac moraju ozbiljno odraditi i opravdati, \u010desto ispod tr\u017ei\u0161ne cijene usluga koje pru\u017eaju.<\/strong><\/p>\n\n\n\n<p>Mo\u017eemo im i mi dati financijska izvje\u0161\u0107a. (smijeh). \u010clanarina SUH-a je 12 eura godi\u0161nje, a financiramo se razli\u010ditim projektima. Sada \u0107emo odra\u0111ivati jedan projekt koji nam financira Grad Zagreb s 3.500 eura na razini godine. O\u010dekujemo da \u0107e nam Ministarstvo pravosu\u0111a financirati neke projekte pa da \u0107emo tako pokriti barem honorare kolegica koje daju pravne savjete umirovljenicima. Ako netko misli da je ovaj posao unosan, neka do\u0111e k nama raditi pa \u0107e vidjeti o kakvim se &#8220;velikim&#8221; novcima radi.<\/p>\n\n\n\n<p><strong>Za 18. travnja s radni\u010dkim sindikatima organizirate veliki prosvjed umirovljenika i radnika za ve\u0107e pla\u0107e i mirovine. Mnogi umirovljenici su glasni, no rijetko se odazivaju na bilo kakvu akciju. Kako to?<\/strong><\/p>\n\n\n\n<p>SUH \u0107e sa svoje strane u\u010diniti \u0161to mo\u017ee vi\u0161e. Znam da se sve mora izboriti i ne mogu shvatiti one koji stalno zovu i negoduju, a ne \u010dine ni\u0161ta. Sjede po kafi\u0107ima, do\u010dekuju sporta\u0161e na Trgu, a ne dolaze na prosvjede. Ovaj prosvjed do\u017eivljavam kao ne\u0161to \u0161to \u0107e mi biti pokazatelj za budu\u0107nost. Ako se umirovljenici ne odazovu, to zna\u010di da \u017eive jako dobro. <\/p>\n\n\n\n<p><strong>Ali ka\u017eu da su stari, bolesni, sprije\u010deni i da moraju \u010duvati unuke&#8230; i da ste vi pla\u0107eni da im osigurate ve\u0107u mirovinu. <\/strong><\/p>\n\n\n\n<p>I ja bih voljela da netko napravi ne\u0161to za mene. Bilo bi mi ba\u0161 lijepo sjediti doma i imati svog predstavnika koji \u0107e mi osigurati ve\u0107u mirovinu. \u017delim re\u0107i da nemamo istu pregovara\u010dku snagu ako na Trg do\u0111e 50.000 umirovljenika ili njih 5.000. Ako do\u0111e par tisu\u0107a ljudi, svatko \u0107e re\u0107i da su umirovljenici zapravo zadovoljni i da se s njima ne treba pregovarati.<\/p>\n\n\n\n<h2 class=\"wp-block-heading\">Kad je prosvjed?<\/h2>\n\n\n\n<p>Savez samostalnih sindikata Hrvatske (SSSH), Nezavisni hrvatski sindikati (NHS), Matica hrvatskih sindikata (MHS) te Sindikat umirovljenika Hrvatske (SUH) najavili su prosvjed za ve\u0107e pla\u0107e i mirovine. Prosvjed \u0107e se odr\u017eati 18. travnja u Zagrebu, pa sindikalisti pozivaju sve gra\u0111ane da do\u0111u kako bi rekli \u201cdosta\u201d nepravednoj raspodjeli zajedni\u010dke stvorene vrijednosti, niskim pla\u0107ama i niskim mirovinama. Okupljanje je predvi\u0111eno do 11 sati na Trgu Republike Hrvatske, ispred zgrade Hrvatskog narodnog kazali\u0161ta.<\/p>\n<div id=\"mojev-1373993569\" class=\"mojev-kraj-teksta mojev-entity-placement\" style=\"margin-bottom: 20px;margin-left: auto;margin-right: auto;text-align: center;\"><div class=\"mojev-adlabel\">oglas<\/div><div style=\"height: 250px;\"><script async src=\"https:\/\/pagead2.googlesyndication.com\/pagead\/js\/adsbygoogle.js?client=ca-pub-8106111766207173\"\r\n     crossorigin=\"anonymous\"><\/script>\r\n<!-- Display-1 -->\r\n<ins class=\"adsbygoogle\"\r\n     style=\"display:block\"\r\n     data-ad-client=\"ca-pub-8106111766207173\"\r\n     data-ad-slot=\"1465712950\"\r\n     data-ad-format=\"auto\"\r\n     data-full-width-responsive=\"true\"><\/ins>\r\n<script>\r\n     (adsbygoogle = window.adsbygoogle || []).push({});\r\n<\/script><\/div><\/div>","protected":false},"excerpt":{"rendered":"<p>U prvom velikom intervjuu za na\u0161 portal, predsjednica Sindikata umirovljenika Hrvatske otkriva da \u017eeli smanjiti razliku izme\u0111u velikih i malih mirovina, ali i obja\u0161njava za\u0161to uspjesi s kojima se hvali Vlada ne donose korist najsiroma\u0161nijima.<\/p>\n","protected":false},"author":10,"featured_media":150877,"comment_status":"closed","ping_status":"closed","sticky":false,"template":"","format":"standard","meta":{"footnotes":""},"categories":[9],"tags":[18,687,167,1684],"class_list":["post-150820","post","type-post","status-publish","format-standard","has-post-thumbnail","hentry","category-vijesti","tag-mirovine","tag-prosvjedi","tag-sindikat-umirovljenika","tag-visnja-stanisic"],"_links":{"self":[{"href":"https:\/\/www.mojevrijeme.hr\/magazin\/wp-json\/wp\/v2\/posts\/150820","targetHints":{"allow":["GET"]}}],"collection":[{"href":"https:\/\/www.mojevrijeme.hr\/magazin\/wp-json\/wp\/v2\/posts"}],"about":[{"href":"https:\/\/www.mojevrijeme.hr\/magazin\/wp-json\/wp\/v2\/types\/post"}],"author":[{"embeddable":true,"href":"https:\/\/www.mojevrijeme.hr\/magazin\/wp-json\/wp\/v2\/users\/10"}],"replies":[{"embeddable":true,"href":"https:\/\/www.mojevrijeme.hr\/magazin\/wp-json\/wp\/v2\/comments?post=150820"}],"version-history":[{"count":51,"href":"https:\/\/www.mojevrijeme.hr\/magazin\/wp-json\/wp\/v2\/posts\/150820\/revisions"}],"predecessor-version":[{"id":150943,"href":"https:\/\/www.mojevrijeme.hr\/magazin\/wp-json\/wp\/v2\/posts\/150820\/revisions\/150943"}],"wp:featuredmedia":[{"embeddable":true,"href":"https:\/\/www.mojevrijeme.hr\/magazin\/wp-json\/wp\/v2\/media\/150877"}],"wp:attachment":[{"href":"https:\/\/www.mojevrijeme.hr\/magazin\/wp-json\/wp\/v2\/media?parent=150820"}],"wp:term":[{"taxonomy":"category","embeddable":true,"href":"https:\/\/www.mojevrijeme.hr\/magazin\/wp-json\/wp\/v2\/categories?post=150820"},{"taxonomy":"post_tag","embeddable":true,"href":"https:\/\/www.mojevrijeme.hr\/magazin\/wp-json\/wp\/v2\/tags?post=150820"}],"curies":[{"name":"wp","href":"https:\/\/api.w.org\/{rel}","templated":true}]}}