{"id":150834,"date":"2026-03-16T08:39:42","date_gmt":"2026-03-16T07:39:42","guid":{"rendered":"https:\/\/www.mojevrijeme.hr\/magazin\/?p=150834"},"modified":"2026-03-16T08:40:47","modified_gmt":"2026-03-16T07:40:47","slug":"ima-se-moze-se-njemacka-dize-mirovine-vise-nego-sto-se-ocekivalo","status":"publish","type":"post","link":"https:\/\/www.mojevrijeme.hr\/magazin\/2026\/03\/ima-se-moze-se-njemacka-dize-mirovine-vise-nego-sto-se-ocekivalo\/","title":{"rendered":"Ima se, mo\u017ee se: Njema\u010dka di\u017ee mirovine vi\u0161e nego \u0161to se o\u010dekivalo"},"content":{"rendered":"\n<p> 77,85 eura vi\u0161e mjese\u010dno dobit \u0107e umirovljenici od 1. srpnja 2026. godine, objavilo je Savezno ministarstvo rada u Berlinu. To je nominalni rast od 4,24 posto, znatno vi\u0161e nego \u0161to se jo\u0161 jesenas o\u010dekivalo. Tada su prognoze bile oko 3,73 posto. Pove\u0107anje bi trebalo osjetiti 21 milijun korisnika njema\u010dkih mirovina.<\/p>\n\n\n\n<p>Ministrica rada <strong>B\u00e4rbel Bas<\/strong> (SPD) objasnila je da je rast prije svega posljedica dobrog kretanja pla\u0107a. Uskla\u0111ivanje se temelji na zaradama zaposlenih koji upla\u0107uju doprinose u mirovinski sustav i oslanja se na aktualne podatke Saveznog statisti\u010dkog ureda.<\/p>\n\n\n\n<p>&#8220;Dobar rast pla\u0107a ponovno dovodi do osjetnog pove\u0107anja mirovina, \u010dime se pokazuje pouzdanost zakonskog mirovinskog sustava&#8221;, izjavila je Bas za novinsku agenciju Reuters. Budu\u0107i da su mirovine vezane uz pla\u0107e, umirovljeni\u010dki standard vezan je uz standard zaposlenog stanovni\u0161tva. &#8220;Pristojne mirovine nisu luksuz, nego pitanje pravednosti prema ljudima koji su cijeli \u017eivot naporno radili&#8221;, dodala je.<\/p><div id=\"mojev-844916942\" class=\"mojev-u-tekstu mojev-entity-placement\" style=\"margin-left: auto;margin-right: auto;text-align: center;\"><div class=\"mojev-adlabel\">oglas<\/div><div style=\"height: 250px;\"><script async src=\"https:\/\/pagead2.googlesyndication.com\/pagead\/js\/adsbygoogle.js?client=ca-pub-8106111766207173\"\r\n     crossorigin=\"anonymous\"><\/script>\r\n<!-- Prikazni 1 u tekstu -->\r\n<ins class=\"adsbygoogle\"\r\n     style=\"display:block\"\r\n     data-ad-client=\"ca-pub-8106111766207173\"\r\n     data-ad-slot=\"8535551207\"\r\n     data-ad-format=\"auto\"\r\n     data-full-width-responsive=\"true\"><\/ins>\r\n<script>\r\n     (adsbygoogle = window.adsbygoogle || []).push({});\r\n<\/script><\/div><\/div><br style=\"clear: both; display: block; float: none;\"\/>\n\n\n\n<p>Predsjednica Njema\u010dkog saveznog mirovinskog osiguranja <strong>Gundula Ro\u00dfbach<\/strong> izjavila je: &#8220;Time ponovno ispunjavamo jedno od klju\u010dnih obe\u0107anja obaveznog mirovinskog osiguranja da mirovine prate rast pla\u0107a.&#8221;<\/p>\n\n\n\n<p>Zanimljiva je i usporedba s inflacijom: pove\u0107anje od 4,24 posto znatno je iznad o\u010dekivane stope inflacije za 2026., koja se procjenjuje na oko 2,1 posto.<\/p>\n<div id=\"mojev-3333499599\" class=\"mojev-kraj-teksta mojev-entity-placement\" style=\"margin-bottom: 20px;margin-left: auto;margin-right: auto;text-align: center;\"><div class=\"mojev-adlabel\">oglas<\/div><div style=\"height: 250px;\"><script async src=\"https:\/\/pagead2.googlesyndication.com\/pagead\/js\/adsbygoogle.js?client=ca-pub-8106111766207173\"\r\n     crossorigin=\"anonymous\"><\/script>\r\n<!-- Display-1 -->\r\n<ins class=\"adsbygoogle\"\r\n     style=\"display:block\"\r\n     data-ad-client=\"ca-pub-8106111766207173\"\r\n     data-ad-slot=\"1465712950\"\r\n     data-ad-format=\"auto\"\r\n     data-full-width-responsive=\"true\"><\/ins>\r\n<script>\r\n     (adsbygoogle = window.adsbygoogle || []).push({});\r\n<\/script><\/div><\/div>","protected":false},"excerpt":{"rendered":"<p>Njema\u010dka od srpnja 2026. pove\u0107ava mirovine za 4,24 posto, \u0161to je vi\u0161e nego \u0161to se o\u010dekivalo. Oko 21 milijun umirovljenika dobit \u0107e ve\u0107e isplate zahvaljuju\u0107i sna\u017enom rastu pla\u0107a i ve\u0107im doprinosima.<\/p>\n","protected":false},"author":1,"featured_media":96910,"comment_status":"closed","ping_status":"closed","sticky":false,"template":"","format":"standard","meta":{"footnotes":""},"categories":[9],"tags":[18,127],"class_list":["post-150834","post","type-post","status-publish","format-standard","has-post-thumbnail","hentry","category-vijesti","tag-mirovine","tag-njemacka"],"_links":{"self":[{"href":"https:\/\/www.mojevrijeme.hr\/magazin\/wp-json\/wp\/v2\/posts\/150834","targetHints":{"allow":["GET"]}}],"collection":[{"href":"https:\/\/www.mojevrijeme.hr\/magazin\/wp-json\/wp\/v2\/posts"}],"about":[{"href":"https:\/\/www.mojevrijeme.hr\/magazin\/wp-json\/wp\/v2\/types\/post"}],"author":[{"embeddable":true,"href":"https:\/\/www.mojevrijeme.hr\/magazin\/wp-json\/wp\/v2\/users\/1"}],"replies":[{"embeddable":true,"href":"https:\/\/www.mojevrijeme.hr\/magazin\/wp-json\/wp\/v2\/comments?post=150834"}],"version-history":[{"count":2,"href":"https:\/\/www.mojevrijeme.hr\/magazin\/wp-json\/wp\/v2\/posts\/150834\/revisions"}],"predecessor-version":[{"id":150836,"href":"https:\/\/www.mojevrijeme.hr\/magazin\/wp-json\/wp\/v2\/posts\/150834\/revisions\/150836"}],"wp:featuredmedia":[{"embeddable":true,"href":"https:\/\/www.mojevrijeme.hr\/magazin\/wp-json\/wp\/v2\/media\/96910"}],"wp:attachment":[{"href":"https:\/\/www.mojevrijeme.hr\/magazin\/wp-json\/wp\/v2\/media?parent=150834"}],"wp:term":[{"taxonomy":"category","embeddable":true,"href":"https:\/\/www.mojevrijeme.hr\/magazin\/wp-json\/wp\/v2\/categories?post=150834"},{"taxonomy":"post_tag","embeddable":true,"href":"https:\/\/www.mojevrijeme.hr\/magazin\/wp-json\/wp\/v2\/tags?post=150834"}],"curies":[{"name":"wp","href":"https:\/\/api.w.org\/{rel}","templated":true}]}}