{"id":150839,"date":"2026-03-16T13:26:52","date_gmt":"2026-03-16T12:26:52","guid":{"rendered":"https:\/\/www.mojevrijeme.hr\/magazin\/?p=150839"},"modified":"2026-03-16T13:26:52","modified_gmt":"2026-03-16T12:26:52","slug":"svekrva-nam-zeli-uzeti-bebu-kaze-da-ce-se-ona-bolje-brinuti","status":"publish","type":"post","link":"https:\/\/www.mojevrijeme.hr\/magazin\/2026\/03\/svekrva-nam-zeli-uzeti-bebu-kaze-da-ce-se-ona-bolje-brinuti\/","title":{"rendered":"&#8216;Svekrva nam \u017eeli uzeti bebu, ka\u017ee da \u0107e se ona bolje brinuti&#8217;"},"content":{"rendered":"\n<p>Dru\u0161tvene mre\u017ee \u010desto otvaraju rasprave o granicama u obiteljskim odnosima, osobito kad je rije\u010d o odgoju djece. Jedna je majka javno na <em>TikToku<\/em> ispri\u010dala da joj je svekrva, koja \u017eivi u drugoj zemlji i prvi put je upoznala unuka, nakon trotjednog posjeta predlo\u017eila da bebu povede sa sobom. I to ni manje ni vi\u0161e nego na tri mjeseca, a sve uz obja\u0161njenje da \u0107e se ona bolje brinuti o njemu dok malo ne stasa.<\/p>\n\n\n\n<p>&#8220;Najprije je rekla da joj moramo re\u0107i kad \u0107e ponovno vidjeti unuka, a na kraju nas je zamolila da joj dopustimo da dijete na du\u017ee povede sa sobom. Rekla je da bi mu mogla pru\u017eiti svu potrebnu brigu i pa\u017enju, pa \u010dak navodila kako ja ne brinem dovoljno o svom sinu, \u0161to me uvrijedilo. Vi\u0161e mi je puta rekla da se ne sla\u017ee s mojim odlukama, primjerice s tim \u0161to maleni po ku\u0107i ne nosi \u010darape, \u0161to ga ne kupam svaki dan i nisam ga cijepila&#8221;, otkriva snaha po imenu Alina.<\/p>\n\n\n\n<h2 class=\"wp-block-heading\">Suprug nalazi opravdanje za majku<\/h2>\n\n\n\n<p>Kao majka, naravno, o\u0161tro se usprotivila ideji da svekrva povede dijete. Iako tvrdi da je suprug podr\u017eava u toj odluci, poku\u0161ao je ujedno opravdati i svoju mamu. &#8220;Mu\u017e je rekao da ona jako voli unuka i \u017eeli ga \u0161to \u010de\u0161\u0107e vi\u0111ati, ali joj \u017eivotne okolnosti to ne dopu\u0161taju&#8221;, ka\u017ee Alina. Na kraju su, dodaje, ipak prona\u0161li kompromis: dijete \u0107e ostati s roditeljima, a baka \u0107e dobiti okvirni datum kad \u0107e je mlada obitelj posjetiti.<\/p><div id=\"mojev-1713521688\" class=\"mojev-u-tekstu mojev-entity-placement\" style=\"margin-left: auto;margin-right: auto;text-align: center;\"><div class=\"mojev-adlabel\">oglas<\/div><div style=\"height: 250px;\"><script async src=\"https:\/\/pagead2.googlesyndication.com\/pagead\/js\/adsbygoogle.js?client=ca-pub-8106111766207173\"\r\n     crossorigin=\"anonymous\"><\/script>\r\n<!-- Prikazni 1 u tekstu -->\r\n<ins class=\"adsbygoogle\"\r\n     style=\"display:block\"\r\n     data-ad-client=\"ca-pub-8106111766207173\"\r\n     data-ad-slot=\"8535551207\"\r\n     data-ad-format=\"auto\"\r\n     data-full-width-responsive=\"true\"><\/ins>\r\n<script>\r\n     (adsbygoogle = window.adsbygoogle || []).push({});\r\n<\/script><\/div><\/div><br style=\"clear: both; display: block; float: none;\"\/>\n\n\n\n<h2 class=\"wp-block-heading\">Na\u0161e dijete, na\u0161a briga<\/h2>\n\n\n\n<p>&#8220;Koliko god suprugu i meni bilo te\u0161ko bez i\u010dije pomo\u0107i oko bebe i ku\u0107e, snosimo punu odgovornost za svoje dijete i ne \u017eelimo je prebacivati ni na koga drugoga. Za po\u010detak smo svekrvi obe\u0107ali da \u0107emo ve\u0107 prije ljeta do\u0107i u njihovu domovinu. Beba i ja ostat \u0107emo kod nje nekoliko tjedana. To ju je donekle utje\u0161ilo, ali sam joj morala napomenuti da je datum ovako zahtjevnog putovanja neizvjestan jer sve ovisi o bebi, njezinoj razvojnoj fazi i zdravlju&#8221;, otkriva.<\/p>\n\n\n\n<p>Unato\u010d postignutom dogovoru, majka ka\u017ee da se i dalje osje\u0107a uvrije\u0111eno jer svekrva o\u010dito smatra da nije sposobna brinuti se o vlastitom djetetu, i to do te mjere da misli kako bi za bebu bilo bolje da s njom ode \u017eivjeti u drugu dr\u017eavu, daleko od majke.<\/p>\n\n\n\n<h2 class=\"wp-block-heading\">Upozorenja majci u komentarima<\/h2>\n\n\n\n<p>Pratitelji ove dru\u0161tvene mre\u017ee u komentarima su ve\u0107inom stali na stranu majke i izrazili nevjericu kako je svekrva uop\u0107e mogla iznijeti takav prijedlog. &#8220;Da ga zaista voli tako jako kako tvrdi, nikad ne bi predlo\u017eila da ga odvoji od vas&#8221;, napisala je jedna korisnica TikToka.<\/p>\n\n\n\n<p>\u201cZa mene bi nakon ovoga postala biv\u0161a svekrva. Nakon takve uvrede vi\u0161e je nikad ne bih htjela vidjeti\u201d, dodala je druga. Stiglo je i upozorenje: \u201cNemojte ga nikada ostaviti nasamo s njom. Ne znate \u0161to bi mogla u\u010diniti.\u201d<\/p>\n\n\n\n<h2 class=\"wp-block-heading\">Posljedice nedosljednosti<\/h2>\n\n\n\n<p>Iako majka tvrdi da ina\u010de ima dobar odnos sa svekrvom, priznaje da joj pre\u010desto daje ne\u017eeljene savjete o roditeljstvu. No \u010dak i da su savjeti na mjestu, nema opravdanja za svekrvinu \u017eelju da na tako dugo odvoji dijete od roditelja. Istra\u017eivanja pokazuju da takvo odvajanje mo\u017ee biti \u0161tetno osobito tijekom prve dvije godine \u017eivota djeteta, jer razvoj dje\u010djeg mozga uvelike ovisi o sna\u017enoj emocionalnoj vezi s primarnim skrbnikom. Nedosljednost roditeljske brige mo\u017ee dovesti do dugoro\u010dnih zdravstvenih problema, manjka samopouzdanja i ni\u017ee razine \u017eivotnog zadovoljstva.<\/p>\n\n\n\n<h2 class=\"wp-block-heading\">Va\u017enost postavljanja granica<\/h2>\n\n\n\n<p>Kad su svima poznate granice odnosno uloge i ograni\u010denja, odnosi mogu napredovati bez nepotrebnih napetosti i stresa. Iako ova svekrva ima pravo posje\u0107ivati i upoznavati svog unuka, naravno, uz pristanak roditelja, nema pravo odvesti ga iz jedinog doma koji poznaje samo zato \u0161to se ne sla\u017ee s maj\u010dinim na\u010dinom odgoja i \u017eeli ga imati bli\u017ee sebi.<\/p>\n\n\n\n<div id=\"crveno\"><\/p>\n\n\n\n<h3 class=\"wp-block-heading\">Zanima nas va\u0161a pri\u010da<\/h3>\n\n\n\n<p>\u017delite li i vi, posve anonimno, podijeliti svoje iskustvo i vi\u0111enje ove teme s nama i na\u0161im \u010ditateljima, mo\u017eete to u\u010diniti putem web obrasca <a rel=\"noreferrer noopener\" href=\"https:\/\/www.mojevrijeme.hr\/magazin\/povjerljivo\/\" target=\"_blank\">Povjerljivo<\/a>. Napi\u0161ite svoju pri\u010du!<\/p>\n\n\n\n<p><\/div>\n<div id=\"mojev-791680918\" class=\"mojev-kraj-teksta mojev-entity-placement\" style=\"margin-bottom: 20px;margin-left: auto;margin-right: auto;text-align: center;\"><div class=\"mojev-adlabel\">oglas<\/div><div style=\"height: 250px;\"><script async src=\"https:\/\/pagead2.googlesyndication.com\/pagead\/js\/adsbygoogle.js?client=ca-pub-8106111766207173\"\r\n     crossorigin=\"anonymous\"><\/script>\r\n<!-- Display-1 -->\r\n<ins class=\"adsbygoogle\"\r\n     style=\"display:block\"\r\n     data-ad-client=\"ca-pub-8106111766207173\"\r\n     data-ad-slot=\"1465712950\"\r\n     data-ad-format=\"auto\"\r\n     data-full-width-responsive=\"true\"><\/ins>\r\n<script>\r\n     (adsbygoogle = window.adsbygoogle || []).push({});\r\n<\/script><\/div><\/div>","protected":false},"excerpt":{"rendered":"<p>Ako roditelji ne postave jasne granice na vrijeme, odnosi s bakama i djedovima mogu se brzo pretvoriti u izvor napetosti umjesto podr\u0161ke. Mnoge snahe primje\u0107uju da, kad jednom popuste i pru\u017ee mali znak suradnje, svekrve to \u010desto tuma\u010de kao dopu\u0161tenje da preuzmu previ\u0161e kontrole nad djetetovim odgojem.<\/p>\n","protected":false},"author":17,"featured_media":150903,"comment_status":"closed","ping_status":"closed","sticky":false,"template":"","format":"standard","meta":{"footnotes":""},"categories":[2],"tags":[3437,3550],"class_list":["post-150839","post","type-post","status-publish","format-standard","has-post-thumbnail","hentry","category-mozaik","tag-obiteljski-odnosi","tag-svekrve-i-snahe"],"_links":{"self":[{"href":"https:\/\/www.mojevrijeme.hr\/magazin\/wp-json\/wp\/v2\/posts\/150839","targetHints":{"allow":["GET"]}}],"collection":[{"href":"https:\/\/www.mojevrijeme.hr\/magazin\/wp-json\/wp\/v2\/posts"}],"about":[{"href":"https:\/\/www.mojevrijeme.hr\/magazin\/wp-json\/wp\/v2\/types\/post"}],"author":[{"embeddable":true,"href":"https:\/\/www.mojevrijeme.hr\/magazin\/wp-json\/wp\/v2\/users\/17"}],"replies":[{"embeddable":true,"href":"https:\/\/www.mojevrijeme.hr\/magazin\/wp-json\/wp\/v2\/comments?post=150839"}],"version-history":[{"count":9,"href":"https:\/\/www.mojevrijeme.hr\/magazin\/wp-json\/wp\/v2\/posts\/150839\/revisions"}],"predecessor-version":[{"id":150904,"href":"https:\/\/www.mojevrijeme.hr\/magazin\/wp-json\/wp\/v2\/posts\/150839\/revisions\/150904"}],"wp:featuredmedia":[{"embeddable":true,"href":"https:\/\/www.mojevrijeme.hr\/magazin\/wp-json\/wp\/v2\/media\/150903"}],"wp:attachment":[{"href":"https:\/\/www.mojevrijeme.hr\/magazin\/wp-json\/wp\/v2\/media?parent=150839"}],"wp:term":[{"taxonomy":"category","embeddable":true,"href":"https:\/\/www.mojevrijeme.hr\/magazin\/wp-json\/wp\/v2\/categories?post=150839"},{"taxonomy":"post_tag","embeddable":true,"href":"https:\/\/www.mojevrijeme.hr\/magazin\/wp-json\/wp\/v2\/tags?post=150839"}],"curies":[{"name":"wp","href":"https:\/\/api.w.org\/{rel}","templated":true}]}}