{"id":150944,"date":"2026-03-17T16:54:58","date_gmt":"2026-03-17T15:54:58","guid":{"rendered":"https:\/\/www.mojevrijeme.hr\/magazin\/?p=150944"},"modified":"2026-03-17T17:02:56","modified_gmt":"2026-03-17T16:02:56","slug":"hrvatska-brise-penalizaciju-mirovina-sa-70-ali-ipak-ne-svima","status":"publish","type":"post","link":"https:\/\/www.mojevrijeme.hr\/magazin\/2026\/03\/hrvatska-brise-penalizaciju-mirovina-sa-70-ali-ipak-ne-svima\/","title":{"rendered":"Hrvatska bri\u0161e penalizaciju mirovina sa 70, ali ipak &#8211; ne svima"},"content":{"rendered":"\n<p>Zbog izmjena Zakona o mirovinskom osiguranju, u Hrvatskoj su trenutno na snazi \u010dak \u010detiri re\u017eima penaliziranja prijevremenih mirovina. Zakon koji je trajao od 1999. do 2010. godine je svima onima koji su se umirovili pet godina ranije mirovinu umanjio za devet posto. <\/p>\n\n\n\n<p>U re\u017eimu izme\u0111u 2010. i 2013. godine umanjenje je bilo od devet do 20,4 posto. Od 2014. do 2018. to je bilo \u0161est posto, ali gornja granica je ostalo 20,4 posto. Oni koji su se se prijevremeno umirovili od 2019. godine imaju umanjenje 0,2 posto po mjesecu ili maksimalno 12 posto. <\/p>\n\n\n\n<p>Objasnio je to u programu <a href=\"https:\/\/vijesti.hrt.hr\/hrvatska\/pocela-isplata-bez-penalizacije-vise-od-119000-umirovljenika-dobiva-vece-mirovine-12623303\" target=\"_blank\" rel=\"noreferrer noopener\">javne televizije<\/a> <strong>Sre\u0107ko Vukovi\u0107<\/strong>, zamjenik ravnatelja Hrvatskog zavoda za mirovinsko osiguranje (HZMO). Ka\u017ee, nekada je bio \u010dest slu\u010daj da se \u0161to prije odlazi u mirovinu pa su prijevremene mirovine bile \u010de\u0161\u0107e kori\u0161tene, a sada je ipak trend da ljudi ostanu \u0161to dulje na tr\u017ei\u0161tu rada, dijelom i zbog ekonomskih prilika. <\/p><div id=\"mojev-3051457830\" class=\"mojev-u-tekstu mojev-entity-placement\" style=\"margin-left: auto;margin-right: auto;text-align: center;\"><div class=\"mojev-adlabel\">oglas<\/div><div style=\"height: 250px;\"><script async src=\"https:\/\/pagead2.googlesyndication.com\/pagead\/js\/adsbygoogle.js?client=ca-pub-8106111766207173\"\r\n     crossorigin=\"anonymous\"><\/script>\r\n<!-- Prikazni 1 u tekstu -->\r\n<ins class=\"adsbygoogle\"\r\n     style=\"display:block\"\r\n     data-ad-client=\"ca-pub-8106111766207173\"\r\n     data-ad-slot=\"8535551207\"\r\n     data-ad-format=\"auto\"\r\n     data-full-width-responsive=\"true\"><\/ins>\r\n<script>\r\n     (adsbygoogle = window.adsbygoogle || []).push({});\r\n<\/script><\/div><\/div><br style=\"clear: both; display: block; float: none;\"\/>\n\n\n\n<p>&#8220;Upravo zbog takvog posebnog polo\u017eaja prijevremenih umirovljenika nakon rata, gubitka radnih mjesta, propasti poduze\u0107a, puno ljudi nije imalo drugog izlaza nego oti\u0107i u starosnu mirovinu&#8221;, izjavio je Vukovi\u0107.<\/p>\n\n\n\n<h2 class=\"wp-block-heading\">Europa na jednu, Hrvatska na drugu stranu<\/h2>\n\n\n\n<p>Kao \u0161to smo ve\u0107 pisali na <a href=\"https:\/\/www.mojevrijeme.hr\/magazin\/2026\/03\/europski-umirovljenici-mogu-zavidjeti-hrvatima-vece-mirovine-stizu-vec-sutra\/\" data-type=\"post\" data-id=\"150805\">ovoj poveznici<\/a>, u Europi je trend da umanjenje bude trajno kada netko jednom ode u prijevremenu mirovinu. Ve\u0107ina zemalja ima znatno ja\u010du i trajnu penalizaciju, no Hrvatska je odabrala druga\u010diji put i od 1. sije\u010dnja 2026. godine penalizacija se ukida za one koji su navr\u0161ili 70 godina \u017eivota. &#8220;Zato jer na\u0161i prijevremeni umirovljenici nisu birali, nego su morali oti\u0107i u prijevremenu starosnu mirovinu&#8221;, obja\u0161njava ravnatelj HZMO-a,<\/p>\n\n\n\n<p>&#8220;Trend se mijenja, mi nemamo <em>boom<\/em> s odlaskom u prijevremenu mirovinu i nadam se da ne\u0107emo ni imati. Prijevremena starosna mirovina zna\u010di manje upla\u0107enih doprinosa, vi\u0161e primanja mirovine, izlazak iz svijeta rada. To nije po\u017eeljno ni sa strane sustava pa ni sa strane samoga korisnika&#8221;, naglasio je Vukovi\u0107.<\/p>\n\n\n\n<h2 class=\"wp-block-heading\">Bonifikacijom do puno ve\u0107e mirovine<\/h2>\n\n\n\n<p>Ako mu\u0161karac nastavi raditi nakon 65. godine, a \u017eena nakon 64. godine, ima pravo na bonifikaciju od 0,45 po mjesecu duljeg ostanka u svijetu rada. &#8220;Na primjer, ako mu\u0161karac ode u mirovinu sa 67 godina, pove\u0107ava si mirovinu za 10,8 posto zato \u0161to je ostao u svijetu rada. Naravno, to je za one koji mogu i koji smatraju da su sposobni raditi nakon 65. godine&#8221;, rekao je Vukovi\u0107.<\/p>\n\n\n\n<h2 class=\"wp-block-heading\">Obiteljske mirovine ostaju penalizirane<\/h2>\n\n\n\n<p>Ukidanje penalizacije, potvrdio je, ne obuhva\u0107a obiteljske mirovine. &#8220;Oni koji su ostvarili obiteljsku mirovinu iza smrti korisnika prijevremene starosne mirovine nisu obuhva\u0107eni. Ali obiteljske mirovine su od 2023. pove\u0107ane za deset posto. Ve\u0107 su tako u\u0161le u pove\u0107anje, s obzirom da su niske u odnosu na druge mirovine. Tada smo uveli i mogu\u0107nost primanja dijela obiteljske mirovine uz osobnu mirovinu&#8221;, objasnio je Vukovi\u0107. To pak zna\u010di da uz svoju mirovinu, 116.000 korisnika prima dodatna 122 eura mjese\u010dno.<\/p>\n<div id=\"mojev-1753262077\" class=\"mojev-kraj-teksta mojev-entity-placement\" style=\"margin-bottom: 20px;margin-left: auto;margin-right: auto;text-align: center;\"><div class=\"mojev-adlabel\">oglas<\/div><div style=\"height: 250px;\"><script async src=\"https:\/\/pagead2.googlesyndication.com\/pagead\/js\/adsbygoogle.js?client=ca-pub-8106111766207173\"\r\n     crossorigin=\"anonymous\"><\/script>\r\n<!-- Display-1 -->\r\n<ins class=\"adsbygoogle\"\r\n     style=\"display:block\"\r\n     data-ad-client=\"ca-pub-8106111766207173\"\r\n     data-ad-slot=\"1465712950\"\r\n     data-ad-format=\"auto\"\r\n     data-full-width-responsive=\"true\"><\/ins>\r\n<script>\r\n     (adsbygoogle = window.adsbygoogle || []).push({});\r\n<\/script><\/div><\/div>","protected":false},"excerpt":{"rendered":"<p>Dok ve\u0107ina europskih dr\u017eava trajno ka\u017enjava raniji odlazak, Hrvatska je od 2026. postala iznimka pa bri\u0161e penalizaciju nakon navr\u0161ene 70. godine \u017eivota. Time se, obja\u0161njavaju u HZMO-u, \u017eeli ispraviti nepravda prema generacijama koje su zbog rata, gubitka posla i propasti poduze\u0107a morale napustiti tr\u017ei\u0161te rada prije vremena.<\/p>\n","protected":false},"author":1,"featured_media":150949,"comment_status":"closed","ping_status":"closed","sticky":false,"template":"","format":"standard","meta":{"footnotes":""},"categories":[9],"tags":[18,3498,3000,3380],"class_list":["post-150944","post","type-post","status-publish","format-standard","has-post-thumbnail","hentry","category-vijesti","tag-mirovine","tag-penalizacija","tag-prijevremena-mirovina","tag-srecko-vukovic"],"_links":{"self":[{"href":"https:\/\/www.mojevrijeme.hr\/magazin\/wp-json\/wp\/v2\/posts\/150944","targetHints":{"allow":["GET"]}}],"collection":[{"href":"https:\/\/www.mojevrijeme.hr\/magazin\/wp-json\/wp\/v2\/posts"}],"about":[{"href":"https:\/\/www.mojevrijeme.hr\/magazin\/wp-json\/wp\/v2\/types\/post"}],"author":[{"embeddable":true,"href":"https:\/\/www.mojevrijeme.hr\/magazin\/wp-json\/wp\/v2\/users\/1"}],"replies":[{"embeddable":true,"href":"https:\/\/www.mojevrijeme.hr\/magazin\/wp-json\/wp\/v2\/comments?post=150944"}],"version-history":[{"count":15,"href":"https:\/\/www.mojevrijeme.hr\/magazin\/wp-json\/wp\/v2\/posts\/150944\/revisions"}],"predecessor-version":[{"id":150961,"href":"https:\/\/www.mojevrijeme.hr\/magazin\/wp-json\/wp\/v2\/posts\/150944\/revisions\/150961"}],"wp:featuredmedia":[{"embeddable":true,"href":"https:\/\/www.mojevrijeme.hr\/magazin\/wp-json\/wp\/v2\/media\/150949"}],"wp:attachment":[{"href":"https:\/\/www.mojevrijeme.hr\/magazin\/wp-json\/wp\/v2\/media?parent=150944"}],"wp:term":[{"taxonomy":"category","embeddable":true,"href":"https:\/\/www.mojevrijeme.hr\/magazin\/wp-json\/wp\/v2\/categories?post=150944"},{"taxonomy":"post_tag","embeddable":true,"href":"https:\/\/www.mojevrijeme.hr\/magazin\/wp-json\/wp\/v2\/tags?post=150944"}],"curies":[{"name":"wp","href":"https:\/\/api.w.org\/{rel}","templated":true}]}}