{"id":15221,"date":"2018-05-14T10:42:01","date_gmt":"2018-05-14T08:42:01","guid":{"rendered":"https:\/\/www.mojevrijeme.hr\/magazin\/?p=15221"},"modified":"2018-05-14T10:52:45","modified_gmt":"2018-05-14T08:52:45","slug":"kako-je-govorio-tudman-danas-bi-ga-zbog-ovih-izjava-zvali-komunjarom","status":"publish","type":"post","link":"https:\/\/www.mojevrijeme.hr\/magazin\/2018\/05\/kako-je-govorio-tudman-danas-bi-ga-zbog-ovih-izjava-zvali-komunjarom\/","title":{"rendered":"Kako je govorio Tu\u0111man: Danas bi ga zbog ovih izjava zvali komunjarom"},"content":{"rendered":"<p>Da je \u017eiv, prvi hrvatski predsjednik <strong>Franjo Tu\u0111man<\/strong> danas (14. 5. 2018.) bi proslavio 96. ro\u0111endan. Za razliku od nekih njegovih politi\u010dkih nasljednika, nikada se nije odrekao ni antifa\u0161izma, ni hrvatskih partizana, ni Tita. Izdvajamo neke od Tu\u0111manovih va\u017enih izjava o kojima bismo trebali razmi\u0161ljati i u 2018. godini.<\/p>\n<h3>O antifa\u0161izmu (Sabor RH, 1995.)<\/h3>\n<p>Zbog svoje i zbog svjetske javnosti, i to ne toliko radi povijesti, ve\u0107 radi svoje sada\u0161njosti i budu\u0107nosti, Hrvatska ima \u010dvrste razloge da sudjeluje kao punopravni sudionik u pobjedi nad fa\u0161izmom. Usprkos nepobitnim povijesnim \u010dinjenicama, mi jo\u0161 uvijek moramo svijetu dokazivati da je antifa\u0161isti\u010dki pokret sa svojom partizanskom vojskom i politi\u010dkim predstavni\u0161tvom, u Hrvatskoj bio ja\u010di negoli u bilo kojoj drugoj zemlji biv\u0161e Jugoslavije pa i Europe. Hrvatskom antifa\u0161isti\u010dkom pokretu pripadaju zasluge da je u sastav Hrvatske uklju\u010dena Istra i vra\u0107ena domovini Rijeka, Zadar, otoci i od Italije okupirani dijelovi Dalmacije. U antifa\u0161isti\u010dkom pokretu stvorena je ZAVNOH-ovska federalna dr\u017eava Hrvatska i politi\u010dko-ustavna osnova jugoslavenske federacije kao zajednica ravnopravnih naroda s pravom samoodre\u0111enja. I upravo ta ste\u010devina antifa\u0161izma davala nam je pravne pretpostavke za izlaz iz Jugoslavije i progla\u0161avanje nezavisnosti.<\/p>\n<h3>O usta\u0161kim simbolima i HOS-u (OTV, 1992.)<\/h3>\n<p>Ne zanemarujem borce HOS-a. Znam da je i me\u0111u tim mladi\u0107ima bilo i hrvatskih fanatika, hrvatskih ljudi koji su imali hrvatske ideale, ali je za\u010du\u0111uju\u0107e da nasjedaju onima koji im obla\u010de crne ko\u0161ulje i fa\u0161isti\u010dke oznake iz izgubljenog Drugog svjetskog rata. \u0160to bi bilo od Njema\u010dke da se nastavila na crnoko\u0161ulja\u0161kim i sme\u0111eko\u0161ulja\u0161kim tradicijama i hakenkrojcovskim oznakama? Prema tome, to je bila jedna od glavnih smetnji za me\u0111unarodno priznanje Hrvatske. To je ne\u0161to \u0161to svijet ne mo\u017ee prihvatiti, jer se svijet gradi na na\u010delima antifa\u0161isti\u010dke koalicije.<\/p><div id=\"mojev-2369127619\" class=\"mojev-u-tekstu mojev-entity-placement\" style=\"margin-left: auto;margin-right: auto;text-align: center;\"><div class=\"mojev-adlabel\">oglas<\/div><div style=\"height: 250px;\"><script async src=\"https:\/\/pagead2.googlesyndication.com\/pagead\/js\/adsbygoogle.js?client=ca-pub-8106111766207173\"\r\n     crossorigin=\"anonymous\"><\/script>\r\n<!-- Prikazni 1 u tekstu -->\r\n<ins class=\"adsbygoogle\"\r\n     style=\"display:block\"\r\n     data-ad-client=\"ca-pub-8106111766207173\"\r\n     data-ad-slot=\"8535551207\"\r\n     data-ad-format=\"auto\"\r\n     data-full-width-responsive=\"true\"><\/ins>\r\n<script>\r\n     (adsbygoogle = window.adsbygoogle || []).push({});\r\n<\/script><\/div><\/div><br style=\"clear: both; display: block; float: none;\"\/>\n<h3>O Titu (Tu\u0111man, dokumentarac 1997.)<\/h3>\n<p>Bez dvojbe, Tito je bio jedan od najve\u0107ih dr\u017eavnika Europe razdoblja Drugog svjetskog rata. Bio je komunist, marksist, ali je bio vrlo pragmati\u010dan politi\u010dar i \u017eelio je ostvariti ravnopravnost hrvatskog naroda u okviru Jugoslavije. \u017delio je da ta njegova socijalisti\u010dka Jugoslavija bude ravnopravna u odnosu na Sovjetski savez. Zasluge Tita su \u0161to je on s antifa\u0161isti\u010dkim pokretom doveo hrvatski narod na stranu pobjedni\u010dke antifa\u0161isti\u010dke koalicije i \u0161to je prema prvom ustavu iz 1945. pa do ustava iz 1974. omogu\u0107io da imamo pravne osnove za samoodre\u0111enje i progla\u0161enje samostalne Hrvatske.<\/p>\n<p>Zasluge u me\u0111unarodnoj politi\u010dki je pru\u017eanje otpora Staljinu kad su zapadne sile bile gotovo bespomo\u0107ne u odnosu na taj jak komunisti\u010dki sovjetski blok i \u0161irenje komunizma u cijelom svijetu.<\/p>\n<p>Negativno je \u0161to je bio komunist i \u0161to je odgovoran za uvo\u0111enje komunisti\u010dkog re\u017eima, \u010dak i za sve one zlo\u010dine koje je taj re\u017eim u\u010dinio, ne samo u ratu, ve\u0107 i poslije njega. Bez obzira je li on naredio ili ne, a vjerojatno nije, snosi odgovornost za tragediju hrvatskog naroda u Bleiburgu. Poslije rata je odgovoran za progone Hrvata i nacionalno demokratskih elemenata u Hrvatskoj, a i u drugim zemljama.<\/p>\n<p>Bio je \u010dovjek koji je i kao komunist uvijek ostao Hrvat. Dokaz je tomu da se dru\u017eio i prijateljevao u Zagrebu s hrvatskim knji\u017eevnikom Miroslavom Krle\u017eom s kojim sam i sam bio prijatelj i koji me je na kraju spasio od progona svog komunisti\u010dkog re\u017eima. U vrijeme slamanja Hrvatskog prolje\u0107a 1971\/72, hrvatski komunisti\u010dki re\u017eim, po diktatu i u suglasnosti s beogradskim vlastodr\u0161cima, htio me je osuditi na 15-20 godina zbog tobo\u017enje \u0161pijuna\u017ee. Zato \u0161to sam kao profesor, pisac i direktor Instituta imao neke dodire sa znanstvenicima iz Europe i Amerike. Kad je Tito \u010duo od Krle\u017ee da za to nema razloga, poru\u010dio je hrvatskom i jugoslavenskom komunisti\u010dkom vodstvu da \u201eTu\u0111manu ne pakuju\u201c. Zna\u010di, ako nema razloga, da ga ne sude. Tako sam umjesto 20 godina, bio osu\u0111en na dvije godine.<\/p>\n<div id=\"mojev-3539433578\" class=\"mojev-kraj-teksta mojev-entity-placement\" style=\"margin-bottom: 20px;margin-left: auto;margin-right: auto;text-align: center;\"><div class=\"mojev-adlabel\">oglas<\/div><div style=\"height: 250px;\"><script async src=\"https:\/\/pagead2.googlesyndication.com\/pagead\/js\/adsbygoogle.js?client=ca-pub-8106111766207173\"\r\n     crossorigin=\"anonymous\"><\/script>\r\n<!-- Display-1 -->\r\n<ins class=\"adsbygoogle\"\r\n     style=\"display:block\"\r\n     data-ad-client=\"ca-pub-8106111766207173\"\r\n     data-ad-slot=\"1465712950\"\r\n     data-ad-format=\"auto\"\r\n     data-full-width-responsive=\"true\"><\/ins>\r\n<script>\r\n     (adsbygoogle = window.adsbygoogle || []).push({});\r\n<\/script><\/div><\/div>","protected":false},"excerpt":{"rendered":"<p>Za\u010du\u0111uju\u0107e je da nasjedaju onima koji im obla\u010de crne ko\u0161ulje i fa\u0161isti\u010dke oznake iz izgubljenog Drugog svjetskog rata. \u0160to bi bilo od Njema\u010dke da se nastavila na crnoko\u0161ulja\u0161kim i sme\u0111eko\u0161ulja\u0161kim tradicijama i hakenkrojcovskim oznakama?<\/p>\n","protected":false},"author":1,"featured_media":15222,"comment_status":"closed","ping_status":"closed","sticky":false,"template":"","format":"standard","meta":{"footnotes":""},"categories":[2],"tags":[614,110,1234],"class_list":["post-15221","post","type-post","status-publish","format-standard","has-post-thumbnail","hentry","category-mozaik","tag-antifasizam","tag-tito","tag-tudman"],"_links":{"self":[{"href":"https:\/\/www.mojevrijeme.hr\/magazin\/wp-json\/wp\/v2\/posts\/15221","targetHints":{"allow":["GET"]}}],"collection":[{"href":"https:\/\/www.mojevrijeme.hr\/magazin\/wp-json\/wp\/v2\/posts"}],"about":[{"href":"https:\/\/www.mojevrijeme.hr\/magazin\/wp-json\/wp\/v2\/types\/post"}],"author":[{"embeddable":true,"href":"https:\/\/www.mojevrijeme.hr\/magazin\/wp-json\/wp\/v2\/users\/1"}],"replies":[{"embeddable":true,"href":"https:\/\/www.mojevrijeme.hr\/magazin\/wp-json\/wp\/v2\/comments?post=15221"}],"version-history":[{"count":0,"href":"https:\/\/www.mojevrijeme.hr\/magazin\/wp-json\/wp\/v2\/posts\/15221\/revisions"}],"wp:featuredmedia":[{"embeddable":true,"href":"https:\/\/www.mojevrijeme.hr\/magazin\/wp-json\/wp\/v2\/media\/15222"}],"wp:attachment":[{"href":"https:\/\/www.mojevrijeme.hr\/magazin\/wp-json\/wp\/v2\/media?parent=15221"}],"wp:term":[{"taxonomy":"category","embeddable":true,"href":"https:\/\/www.mojevrijeme.hr\/magazin\/wp-json\/wp\/v2\/categories?post=15221"},{"taxonomy":"post_tag","embeddable":true,"href":"https:\/\/www.mojevrijeme.hr\/magazin\/wp-json\/wp\/v2\/tags?post=15221"}],"curies":[{"name":"wp","href":"https:\/\/api.w.org\/{rel}","templated":true}]}}