{"id":15241,"date":"2018-05-14T17:46:55","date_gmt":"2018-05-14T15:46:55","guid":{"rendered":"https:\/\/www.mojevrijeme.hr\/magazin\/?p=15241"},"modified":"2018-05-15T09:11:52","modified_gmt":"2018-05-15T07:11:52","slug":"pravo-doba-sajam-za-zrele-generacije-17-19-5-2018","status":"publish","type":"post","link":"https:\/\/www.mojevrijeme.hr\/magazin\/2018\/05\/pravo-doba-sajam-za-zrele-generacije-17-19-5-2018\/","title":{"rendered":"Pravo doba &#8211; sajam za zrele generacije 17.-19. 5. 2018"},"content":{"rendered":"<p>Nezaobilazno doga\u0111anje za sve koji su pre\u0161li pedesetu, ali i za cijele obitelji odr\u017eat \u0107e se od \u010detvrtka 17. do subote 19. svibnja 2018. u Kongresnom centru Zagreba\u010dkog velesajma.\u00a0\u010cetvrto izdanje Pravog doba, jedinstvenog projekta u Hrvatskoj postat \u0107e mjesto na kojem se nudi zabava, edukacija, rekreacija, zdravstveni pregledi i savjetovanja, ali i progovara o temama koje ti\u0161te starije i ne\u0161to mla\u0111e generacije, a ti\u010du se \u017eivljenja u zreloj dobi.<\/p>\n<p>Lje\u010dili\u0161ta, toplice, poliklinike, domovi za starije osobe, tvrtke s opremom, pomagalima, dodacima prehrani, kozmetikom, turisti\u010dke agencije, udruge i druge tvrtke prezentirat \u0107e svoje usluge i nuditi pogodnosti, a \u00a0bogat stru\u010dni i popratni program se sastoji od niza radionica, predavanja, prezentacija, kviza, modne revije i drugih atraktivnih sadr\u017eaja.<\/p>\n<p>Tradicionalno po\u010detak Sajma se obilje\u017eava nordijskim hodanjem od Bundeka do Zagreba\u010dkog velesajma.<\/p><div id=\"mojev-3065475064\" class=\"mojev-u-tekstu mojev-entity-placement\" style=\"margin-left: auto;margin-right: auto;text-align: center;\"><div class=\"mojev-adlabel\">oglas<\/div><div style=\"height: 250px;\"><script async src=\"https:\/\/pagead2.googlesyndication.com\/pagead\/js\/adsbygoogle.js?client=ca-pub-8106111766207173\"\r\n     crossorigin=\"anonymous\"><\/script>\r\n<!-- Prikazni 1 u tekstu -->\r\n<ins class=\"adsbygoogle\"\r\n     style=\"display:block\"\r\n     data-ad-client=\"ca-pub-8106111766207173\"\r\n     data-ad-slot=\"8535551207\"\r\n     data-ad-format=\"auto\"\r\n     data-full-width-responsive=\"true\"><\/ins>\r\n<script>\r\n     (adsbygoogle = window.adsbygoogle || []).push({});\r\n<\/script><\/div><\/div><br style=\"clear: both; display: block; float: none;\"\/>\n<p>U suradnji s izlaga\u010dima za cijelo vrijeme trajanja Sajma organizira se Besplatni mali sistematski pregled, prilikom kojeg \u0107e se mo\u0107i provjeriti \u00a0o\u010dni i krvni tlak, izmjeriti razina glukoze u krvi, vitaminsko mineralni status u organizmu, analizirati otisak stopala, napraviti oksimetrija i spirometrija, EKG te isprobati kineziolo\u0161ke vje\u017ebe za osteoporozu i savjetovati o osteoporozi, artrozi i dezinfekciji.\u00a0Dom zdravlja Zagreb &#8211; Centar \u0107e na Sajmu ponuditi posjetiteljima besplatni sistematski pregled uz zavr\u0161nu konzultaciju s lije\u010dnikom.<\/p>\n<p><img loading=\"lazy\" decoding=\"async\" class=\"aligncenter size-medium wp-image-13315\" src=\"https:\/\/www.mojevrijeme.hr\/magazin\/wp-content\/uploads\/2018\/03\/pravo-doba-2018-636x352.jpg\" alt=\"\" width=\"636\" height=\"352\" srcset=\"https:\/\/www.mojevrijeme.hr\/magazin\/wp-content\/uploads\/2018\/03\/pravo-doba-2018-636x352.jpg 636w, https:\/\/www.mojevrijeme.hr\/magazin\/wp-content\/uploads\/2018\/03\/pravo-doba-2018-150x83.jpg 150w, https:\/\/www.mojevrijeme.hr\/magazin\/wp-content\/uploads\/2018\/03\/pravo-doba-2018.jpg 740w\" sizes=\"auto, (max-width: 636px) 100vw, 636px\" \/><\/p>\n<p>Izlaga\u010di su pripremili akcije i popuste, pa \u0107e se tako mo\u0107i povoljnije nego ina\u010de nabaviti ortopedski ulo\u0161ci po mjeri Ortopedix (2+1 gratis), proizvodi kozmetike Naftalan, nudi se i popust od 15% na sve ugovorene usluge Doma za starije osobe Salvia, 10% popusta u poliklinici Synlab, 20% popusta na kupnju slu\u0161nog pomagala Bontech, 25% popusta na sve proizvode Be Healthy i 30% na paket sa smje\u0161tajem i terapijama \u201eZlatna kap\u201c u Istarskim toplicama. U\u010denici Zdravstvenog u\u010dili\u0161ta \u0107e pru\u017eati usluge parafinske njege i masa\u017ee ruku i limfne drena\u017ee lica, \u0161to preporu\u010dujemo isprobati.<\/p>\n<p>Pripremljen je okrugli stol o zapo\u0161ljavanju i prekvalifikacijama osoba starijih od 50 godina pod nazivom Kako se zaposliti u pedesetima &#8211; aktivna politika zapo\u0161ljavanja i pokretanje nove karijere.<\/p>\n<p>Interesantna \u0107e biti \u00a0modna revija Tri generacije \u2013 tri gracije, prezentacija izlaga\u010da Poliklinika Bili\u0107 vision o potrebi preventivnih pregleda oka, predavanja o mikrocirkulaciji, o brzoj pomo\u0107i za bolove u le\u0111ima, radionice aktivnog i zdravog starenja.<\/p>\n<p>Pjesma i ples obilje\u017eit \u0107e Sajam svakodnevno od 16 do 18 sati, kad \u0107e se na glavnoj pozornici predstavljati kulturno umjetni\u010dka dru\u0161tva, udruge umirovljenika, ali i ne\u0161to mla\u0111e osobe, a sve u duhu me\u0111ugeneracijske interakcije.<\/p>\n<p>I ljubitelji kvizova \u0107e do\u0107i na svoje \u2013 odr\u017eat \u0107e se kviz pod nazivom \u201eZnam, ali ne mogu se sjetiti\u201c.<\/p>\n<p>Dio izlaga\u010da \u0107e\u00a0 na svojim \u0161tandovima organizirati nagradne igre s atraktivnim nagradama: sistematski pregled za \u017eene i mu\u0161karce u poliklinici Synlab, dva dana boravka u Domu za starije i nemo\u0107ne osobe Vitanova s punim pansionom i fizikalnom terapijom za dvije osobe, vikend program za dvije osobe u Lje\u010dili\u0161tu Reumal Fojnica, jednodnevni ulaz u wellness i Spa centru s 20 min masa\u017eom za dvije \u00a0osobe u\u00a0 Stubi\u010dkim toplicama i organizirani jednodnevni program za jednu osobu u\u00a0 dvorcu Sevnica u Sloveniji.<\/p>\n<p>Odmor uz knjigu ili \u010dasopis i kavu Barcaffe nudi se u \u010citaonici, u kojoj se mo\u017ee sudjelovati i u razmjeni knjiga pod nazivom \u201eKnjigu donesi knjigu odnesi\u201c.<\/p>\n<p>Organizator Pravog doba je Zagreba\u010dki velesajam, a suorganizatori stru\u010dnog i popratnog programa su Grad Zagreb &#8211; Gradski ured za socijalnu za\u0161titu i osobe s invaliditetom i Zaklada Zajedni\u010dki put.<\/p>\n<p>Radno vrijeme sajma Pravog doba je od 10,00 do 18,00 sati.\u00a0Ulaz na Sajam je besplatan. Vi\u0161e informacija potra\u017eite <a href=\"http:\/\/www.zv.hr\/sajmovi-7\/pravo-doba-65\/65\" target=\"_blank\" rel=\"noopener\">ovdje<\/a> i <a href=\"https:\/\/www.facebook.com\/pravodoba\/\" target=\"_blank\" rel=\"noopener\">ovdje<\/a>. Detaljan program pogledajte <a href=\"http:\/\/www.zv.hr\/sajmovi-7\/pravo-doba-65\/program-strucno-pratecih-dogadjanja\/3764\" target=\"_blank\" rel=\"noopener\">na ovom linku<\/a>.<\/p>\n<div id=\"mojev-2086942466\" class=\"mojev-kraj-teksta mojev-entity-placement\" style=\"margin-bottom: 20px;margin-left: auto;margin-right: auto;text-align: center;\"><div class=\"mojev-adlabel\">oglas<\/div><div style=\"height: 250px;\"><script async src=\"https:\/\/pagead2.googlesyndication.com\/pagead\/js\/adsbygoogle.js?client=ca-pub-8106111766207173\"\r\n     crossorigin=\"anonymous\"><\/script>\r\n<!-- Display-1 -->\r\n<ins class=\"adsbygoogle\"\r\n     style=\"display:block\"\r\n     data-ad-client=\"ca-pub-8106111766207173\"\r\n     data-ad-slot=\"1465712950\"\r\n     data-ad-format=\"auto\"\r\n     data-full-width-responsive=\"true\"><\/ins>\r\n<script>\r\n     (adsbygoogle = window.adsbygoogle || []).push({});\r\n<\/script><\/div><\/div>","protected":false},"excerpt":{"rendered":"<p>U suradnji s izlaga\u010dima za cijelo vrijeme trajanja Sajma organizira se Besplatni mali sistematski pregled, prilikom kojeg \u0107e se mo\u0107i provjeriti \u00a0o\u010dni i krvni tlak, izmjeriti razina glukoze u krvi, vitaminsko mineralni status u organizmu, analizirati otisak stopala, napraviti oksimetrija i spirometrija, EKG te isprobati kineziolo\u0161ke vje\u017ebe za osteoporozu i savjetovati o osteoporozi, artrozi i dezinfekciji.<\/p>\n","protected":false},"author":5,"featured_media":13285,"comment_status":"closed","ping_status":"closed","sticky":false,"template":"","format":"standard","meta":{"footnotes":""},"categories":[136],"tags":[807,39],"class_list":["post-15241","post","type-post","status-publish","format-standard","has-post-thumbnail","hentry","category-promo","tag-pravo-doba","tag-zagreb"],"_links":{"self":[{"href":"https:\/\/www.mojevrijeme.hr\/magazin\/wp-json\/wp\/v2\/posts\/15241","targetHints":{"allow":["GET"]}}],"collection":[{"href":"https:\/\/www.mojevrijeme.hr\/magazin\/wp-json\/wp\/v2\/posts"}],"about":[{"href":"https:\/\/www.mojevrijeme.hr\/magazin\/wp-json\/wp\/v2\/types\/post"}],"author":[{"embeddable":true,"href":"https:\/\/www.mojevrijeme.hr\/magazin\/wp-json\/wp\/v2\/users\/5"}],"replies":[{"embeddable":true,"href":"https:\/\/www.mojevrijeme.hr\/magazin\/wp-json\/wp\/v2\/comments?post=15241"}],"version-history":[{"count":0,"href":"https:\/\/www.mojevrijeme.hr\/magazin\/wp-json\/wp\/v2\/posts\/15241\/revisions"}],"wp:featuredmedia":[{"embeddable":true,"href":"https:\/\/www.mojevrijeme.hr\/magazin\/wp-json\/wp\/v2\/media\/13285"}],"wp:attachment":[{"href":"https:\/\/www.mojevrijeme.hr\/magazin\/wp-json\/wp\/v2\/media?parent=15241"}],"wp:term":[{"taxonomy":"category","embeddable":true,"href":"https:\/\/www.mojevrijeme.hr\/magazin\/wp-json\/wp\/v2\/categories?post=15241"},{"taxonomy":"post_tag","embeddable":true,"href":"https:\/\/www.mojevrijeme.hr\/magazin\/wp-json\/wp\/v2\/tags?post=15241"}],"curies":[{"name":"wp","href":"https:\/\/api.w.org\/{rel}","templated":true}]}}