{"id":152947,"date":"2026-04-26T17:53:05","date_gmt":"2026-04-26T15:53:05","guid":{"rendered":"https:\/\/www.mojevrijeme.hr\/magazin\/?p=152947"},"modified":"2026-04-26T17:53:14","modified_gmt":"2026-04-26T15:53:14","slug":"pet-razloga-za-prijevremenu-mirovinu-cak-i-kad-financije-nisu-idealne","status":"publish","type":"post","link":"https:\/\/www.mojevrijeme.hr\/magazin\/2026\/04\/pet-razloga-za-prijevremenu-mirovinu-cak-i-kad-financije-nisu-idealne\/","title":{"rendered":"Pet razloga za prijevremenu mirovinu, \u010dak i kad financije nisu idealne"},"content":{"rendered":"\n<p>Odlazak u mirovinu naj\u010de\u0161\u0107e se promatra kroz novac. Kolika \u0107e biti mirovina? Mo\u017ee li se \u017eivjeti bez pla\u0107e? Jesmo li mogli bolje i mo\u017eemo li sada popraviti stvar? Ameri\u010dki umirovljenici Roy i Karen, koji na YouTubeu vode popularan kanal o umirovljeni\u010dkom \u017eivotu, upozoravaju da odluka o prestanku rada \u010desto nije samo financijska.<\/p>\n\n\n\n<p>Neki razlozi za umirovljenje su, ka\u017eu, stvar \u017eelje, a neki stvar potrebe. Drugim rije\u010dima, ne odlaze svi u mirovinu zato \u0161to je financijski trenutak idealan. Neki odlaze zato \u0161to vi\u0161e ne \u017eele odga\u0111ati \u017eivot, a neki zato \u0161to ih okolnosti na to prisile.<\/p>\n\n\n\n<h2 class=\"wp-block-heading\">\u017delje koje se godinama odga\u0111aju<\/h2>\n\n\n\n<p>Prvi razlog je \u017eelja da se kona\u010dno po\u010dne \u017eivjeti onako kako se godinama planiralo. Mnogi u radnom vijeku odga\u0111aju putovanja, hobije, pisanje, slikanje ili druge osobne projekte jer za njih nemaju vremena. Tako neki imaju popis putovanja i \u017eele krenuti dok jo\u0161 mogu. Drugi mo\u017eda godinama \u017eeli napisati knjigu ili slikati portrete, ali ih u tome sprje\u010davaju dugi radni sati i svakodnevna rutina koja im guta kreativnost i vrijeme. Tre\u0107i su mo\u017eda sanjali cijeli \u017eivot o vrtu i mirovina im je savr\u0161eni trenutak za to.<\/p><div id=\"mojev-798685679\" class=\"mojev-u-tekstu mojev-entity-placement\" style=\"margin-left: auto;margin-right: auto;text-align: center;\"><div class=\"mojev-adlabel\">oglas<\/div><div style=\"height: 250px;\"><script async src=\"https:\/\/pagead2.googlesyndication.com\/pagead\/js\/adsbygoogle.js?client=ca-pub-8106111766207173\"\r\n     crossorigin=\"anonymous\"><\/script>\r\n<!-- Prikazni 1 u tekstu -->\r\n<ins class=\"adsbygoogle\"\r\n     style=\"display:block\"\r\n     data-ad-client=\"ca-pub-8106111766207173\"\r\n     data-ad-slot=\"8535551207\"\r\n     data-ad-format=\"auto\"\r\n     data-full-width-responsive=\"true\"><\/ins>\r\n<script>\r\n     (adsbygoogle = window.adsbygoogle || []).push({});\r\n<\/script><\/div><\/div><br style=\"clear: both; display: block; float: none;\"\/>\n\n\n\n<h2 class=\"wp-block-heading\">Vi\u0161e vremena za obitelj<\/h2>\n\n\n\n<p>Mnogi \u017eele vi\u0161e vremena provoditi s djecom i unucima, ali im posao stoji na putu. Nije rije\u010d samo o velikim \u017eivotnim odlukama, nego i o svakodnevici: putovanju na posao, smjenama, umoru i osje\u0107aju da obiteljski trenuci prolaze mimo njih.<\/p>\n\n\n\n<p>Stalno putovanje s jednog kraja grada na drugi s vremenom postane prevelik teret pa se ljudi odlu\u010de povu\u0107i. Jednostavno prekidaju tu rutinu koju vi\u0161e ne mogu podnijeti.<\/p>\n\n\n\n<h2 class=\"wp-block-heading\">Supru\u017enik je ve\u0107 u mirovini<\/h2>\n\n\n\n<p>Ako se jedan supru\u017enik umirovi prije drugoga, njihov se \u017eivotni ritam mo\u017ee potpuno promijeniti. Jedan u\u017eiva u slobodi, drugi i dalje \u017eivi prema radnom rasporedu. Dolazi do kolizije \u017eelja, navika i rasporeda.<\/p>\n\n\n\n<p>S vremenom se mo\u017ee pojaviti osje\u0107aj da partneri vi\u0161e ne dijele istu svakodnevicu, osobito ako se jedan ve\u0107 priviknuo na novi na\u010din \u017eivota, a drugi jo\u0161 uvijek ostaje vezan uz posao, rano ustajanje i obveze. Takvo razila\u017eenje ne mora nu\u017eno biti dramati\u010dno, ali kod nekih parova mo\u017ee otvoriti prostor za udaljavanje, nezadovoljstvo i preispitivanje odnosa. Mo\u017ee \u010dak dovesti i do razvoda.<\/p>\n\n\n\n<h2 class=\"wp-block-heading\">Zdravstveni problemi u obitelji<\/h2>\n\n\n\n<p>\u010cetvrti razlog vi\u0161e nije stvar \u017eelje, nego potrebe. Ako se razboli supru\u017enik, roditelj ili drugi \u010dlan obitelji, mnogi vi\u0161e ne mogu nastaviti raditi kao prije. Briga za blisku osobu tra\u017ei vrijeme, prisutnost i fleksibilnost koju posao \u010desto ne dopu\u0161ta. U takvim okolnostima mirovina nije samo osobna odluka.  Postaje na\u010din da se odgovori na obiteljsku situaciju koja ne mo\u017ee \u010dekati idealno rje\u0161enje.<\/p>\n\n\n\n<h2 class=\"wp-block-heading\">Vlastito zdravlje<\/h2>\n\n\n\n<p>Peti i \u010desto presudan razlog jest vlastito zdravlje. Neki ljudi osje\u0107aju da im snaga slabi pa \u017eele oti\u0107i u mirovinu dok jo\u0161 mogu putovati, kretati se i u\u017eivati u onome \u0161to su planirali. Drugi, na\u017ealost, nemaju takav izbor jer ih bolest iznenada pogodi i vi\u0161e ne mogu raditi. U oba slu\u010daja zdravlje postaje va\u017enije od savr\u0161ene financijske situacije.<\/p>\n\n\n\n<div id=\"crveno\"><\/p>\n\n\n\n<h3 class=\"wp-block-heading\">Zanima nas va\u0161a pri\u010da<\/h3>\n\n\n\n<p>\u017delite li i vi, posve anonimno, podijeliti svoje iskustvo i vi\u0111enje ove teme s nama i na\u0161im \u010ditateljima, mo\u017eete to u\u010diniti putem web obrasca <a rel=\"noreferrer noopener\" href=\"https:\/\/www.mojevrijeme.hr\/magazin\/povjerljivo\/\" target=\"_blank\">Povjerljivo<\/a>. Napi\u0161ite svoju pri\u010du!<\/p>\n\n\n\n<p><\/div>\n<div id=\"mojev-3265487924\" class=\"mojev-kraj-teksta mojev-entity-placement\" style=\"margin-bottom: 20px;margin-left: auto;margin-right: auto;text-align: center;\"><div class=\"mojev-adlabel\">oglas<\/div><div style=\"height: 250px;\"><script async src=\"https:\/\/pagead2.googlesyndication.com\/pagead\/js\/adsbygoogle.js?client=ca-pub-8106111766207173\"\r\n     crossorigin=\"anonymous\"><\/script>\r\n<!-- Display-1 -->\r\n<ins class=\"adsbygoogle\"\r\n     style=\"display:block\"\r\n     data-ad-client=\"ca-pub-8106111766207173\"\r\n     data-ad-slot=\"1465712950\"\r\n     data-ad-format=\"auto\"\r\n     data-full-width-responsive=\"true\"><\/ins>\r\n<script>\r\n     (adsbygoogle = window.adsbygoogle || []).push({});\r\n<\/script><\/div><\/div>","protected":false},"excerpt":{"rendered":"<p>Odlazak u mirovinu nije uvijek samo financijska odluka. Neki ljudi prestaju raditi jer \u017eele vi\u0161e vremena za obitelj, zdravlje ili \u017eivot koji su godinama odga\u0111ali.<\/p>\n","protected":false},"author":1,"featured_media":127113,"comment_status":"closed","ping_status":"closed","sticky":false,"template":"","format":"standard","meta":{"footnotes":""},"categories":[2],"tags":[18,3000],"class_list":["post-152947","post","type-post","status-publish","format-standard","has-post-thumbnail","hentry","category-mozaik","tag-mirovine","tag-prijevremena-mirovina"],"_links":{"self":[{"href":"https:\/\/www.mojevrijeme.hr\/magazin\/wp-json\/wp\/v2\/posts\/152947","targetHints":{"allow":["GET"]}}],"collection":[{"href":"https:\/\/www.mojevrijeme.hr\/magazin\/wp-json\/wp\/v2\/posts"}],"about":[{"href":"https:\/\/www.mojevrijeme.hr\/magazin\/wp-json\/wp\/v2\/types\/post"}],"author":[{"embeddable":true,"href":"https:\/\/www.mojevrijeme.hr\/magazin\/wp-json\/wp\/v2\/users\/1"}],"replies":[{"embeddable":true,"href":"https:\/\/www.mojevrijeme.hr\/magazin\/wp-json\/wp\/v2\/comments?post=152947"}],"version-history":[{"count":3,"href":"https:\/\/www.mojevrijeme.hr\/magazin\/wp-json\/wp\/v2\/posts\/152947\/revisions"}],"predecessor-version":[{"id":152950,"href":"https:\/\/www.mojevrijeme.hr\/magazin\/wp-json\/wp\/v2\/posts\/152947\/revisions\/152950"}],"wp:featuredmedia":[{"embeddable":true,"href":"https:\/\/www.mojevrijeme.hr\/magazin\/wp-json\/wp\/v2\/media\/127113"}],"wp:attachment":[{"href":"https:\/\/www.mojevrijeme.hr\/magazin\/wp-json\/wp\/v2\/media?parent=152947"}],"wp:term":[{"taxonomy":"category","embeddable":true,"href":"https:\/\/www.mojevrijeme.hr\/magazin\/wp-json\/wp\/v2\/categories?post=152947"},{"taxonomy":"post_tag","embeddable":true,"href":"https:\/\/www.mojevrijeme.hr\/magazin\/wp-json\/wp\/v2\/tags?post=152947"}],"curies":[{"name":"wp","href":"https:\/\/api.w.org\/{rel}","templated":true}]}}