{"id":152980,"date":"2026-04-27T14:36:17","date_gmt":"2026-04-27T12:36:17","guid":{"rendered":"https:\/\/www.mojevrijeme.hr\/magazin\/?p=152980"},"modified":"2026-04-27T14:36:18","modified_gmt":"2026-04-27T12:36:18","slug":"puljak-za-administraciju-ima-600-milijuna-eura-a-za-vece-mirovine-nema","status":"publish","type":"post","link":"https:\/\/www.mojevrijeme.hr\/magazin\/2026\/04\/puljak-za-administraciju-ima-600-milijuna-eura-a-za-vece-mirovine-nema\/","title":{"rendered":"Puljak: Za administraciju ima 600 milijuna eura, a za ve\u0107e mirovine nema"},"content":{"rendered":"\n<p>Saborska zastupnica Centra <strong>Marijana Puljak <\/strong>optu\u017eila je Vladu RH da je u dvije godine znatno pove\u0107ala broj zaposlenih na dr\u017eavnom prora\u010dunu, dok gra\u0111ani, uklju\u010duju\u0107i umirovljenike, sve te\u017ee podnose rast cijena. U Saboru je ustvrdila da dr\u017eava \u201cnezaustavljivo i neracionalno buja\u201d, dok obitelji u trgovinama va\u017eu svaki euro, a osnovne namirnice mnogima postaju luksuz.<\/p>\n\n\n\n<p>Puljak se pozvala na podatak da je u samo dvije godine broj zaposlenih na dr\u017eavnom prora\u010dunu porastao za 12.500 ljudi. Prema njezinoj ra\u010dunici, svaki zaposleni u javnom sektoru u prosjeku godi\u0161nje stoji 25.000 eura,pa bi taj rast zna\u010dio vi\u0161e od 300 milijuna eura dodatnog tro\u0161ka godi\u0161nje, odnosno oko 600 milijuna eura u dvije godine.<\/p>\n\n\n\n<p>&#8220;Svaki put kad dobijete malu pla\u0107u ili mizeran iznos mirovine, sjetite se ovih 600 milijuna eura&#8221;, poru\u010dila je i dodala da je inflacija Vladi poslu\u017eila kao paravan jer se zbog rasta cijena prora\u010dun puni PDV-om, ali se vi\u0161ak novca ne vra\u0107a gra\u0111anima kroz ni\u017ee poreze ili ve\u0107e mirovine.<\/p><div id=\"mojev-268372693\" class=\"mojev-u-tekstu mojev-entity-placement\" style=\"margin-left: auto;margin-right: auto;text-align: center;\"><div class=\"mojev-adlabel\">oglas<\/div><div style=\"height: 250px;\"><script async src=\"https:\/\/pagead2.googlesyndication.com\/pagead\/js\/adsbygoogle.js?client=ca-pub-8106111766207173\"\r\n     crossorigin=\"anonymous\"><\/script>\r\n<!-- Prikazni 1 u tekstu -->\r\n<ins class=\"adsbygoogle\"\r\n     style=\"display:block\"\r\n     data-ad-client=\"ca-pub-8106111766207173\"\r\n     data-ad-slot=\"8535551207\"\r\n     data-ad-format=\"auto\"\r\n     data-full-width-responsive=\"true\"><\/ins>\r\n<script>\r\n     (adsbygoogle = window.adsbygoogle || []).push({});\r\n<\/script><\/div><\/div><br style=\"clear: both; display: block; float: none;\"\/>\n\n\n\n<p>Takav model Puljak naziva inflacijskim porezom koji se uzima od osiroma\u0161enih gra\u0111ana da bi se financirao sve ve\u0107i administrativni aparat. Sa predmetnih 600 milijuna eura, smatra, moglo bi se zna\u010dajno pove\u0107ati mirovine najugro\u017eenijima, graditi bolnice ili domove za starije u svakoj \u017eupaniji. <\/p>\n\n\n\n<p>Posebno je kritizirala i teritorijalni ustroj Hrvatske s 556 gradova i op\u0107ina, tvrde\u0107i da dio lokalnih jedinica ne pru\u017ea stvarne usluge gra\u0111anima, nego slu\u017ei odr\u017eavanju administracije.<\/p>\n<div id=\"mojev-2525811974\" class=\"mojev-kraj-teksta mojev-entity-placement\" style=\"margin-bottom: 20px;margin-left: auto;margin-right: auto;text-align: center;\"><div class=\"mojev-adlabel\">oglas<\/div><div style=\"height: 250px;\"><script async src=\"https:\/\/pagead2.googlesyndication.com\/pagead\/js\/adsbygoogle.js?client=ca-pub-8106111766207173\"\r\n     crossorigin=\"anonymous\"><\/script>\r\n<!-- Display-1 -->\r\n<ins class=\"adsbygoogle\"\r\n     style=\"display:block\"\r\n     data-ad-client=\"ca-pub-8106111766207173\"\r\n     data-ad-slot=\"1465712950\"\r\n     data-ad-format=\"auto\"\r\n     data-full-width-responsive=\"true\"><\/ins>\r\n<script>\r\n     (adsbygoogle = window.adsbygoogle || []).push({});\r\n<\/script><\/div><\/div>","protected":false},"excerpt":{"rendered":"<p>Puljak tvrdi da je Vlada u dvije godine pove\u0107ala broj zaposlenih na dr\u017eavnom prora\u010dunu za 12.500 ljudi, \u0161to bi, prema njezinoj ra\u010dunici, zna\u010dilo 600 milijuna eura dodatnog tro\u0161ka. Poru\u010duje da se tim novcem moglo pove\u0107ati mirovine najugro\u017eenijima ili graditi domove za starije.<\/p>\n","protected":false},"author":1,"featured_media":152982,"comment_status":"closed","ping_status":"closed","sticky":false,"template":"","format":"standard","meta":{"footnotes":""},"categories":[9],"tags":[4933,18],"class_list":["post-152980","post","type-post","status-publish","format-standard","has-post-thumbnail","hentry","category-vijesti","tag-marijana-puljak","tag-mirovine"],"_links":{"self":[{"href":"https:\/\/www.mojevrijeme.hr\/magazin\/wp-json\/wp\/v2\/posts\/152980","targetHints":{"allow":["GET"]}}],"collection":[{"href":"https:\/\/www.mojevrijeme.hr\/magazin\/wp-json\/wp\/v2\/posts"}],"about":[{"href":"https:\/\/www.mojevrijeme.hr\/magazin\/wp-json\/wp\/v2\/types\/post"}],"author":[{"embeddable":true,"href":"https:\/\/www.mojevrijeme.hr\/magazin\/wp-json\/wp\/v2\/users\/1"}],"replies":[{"embeddable":true,"href":"https:\/\/www.mojevrijeme.hr\/magazin\/wp-json\/wp\/v2\/comments?post=152980"}],"version-history":[{"count":2,"href":"https:\/\/www.mojevrijeme.hr\/magazin\/wp-json\/wp\/v2\/posts\/152980\/revisions"}],"predecessor-version":[{"id":152983,"href":"https:\/\/www.mojevrijeme.hr\/magazin\/wp-json\/wp\/v2\/posts\/152980\/revisions\/152983"}],"wp:featuredmedia":[{"embeddable":true,"href":"https:\/\/www.mojevrijeme.hr\/magazin\/wp-json\/wp\/v2\/media\/152982"}],"wp:attachment":[{"href":"https:\/\/www.mojevrijeme.hr\/magazin\/wp-json\/wp\/v2\/media?parent=152980"}],"wp:term":[{"taxonomy":"category","embeddable":true,"href":"https:\/\/www.mojevrijeme.hr\/magazin\/wp-json\/wp\/v2\/categories?post=152980"},{"taxonomy":"post_tag","embeddable":true,"href":"https:\/\/www.mojevrijeme.hr\/magazin\/wp-json\/wp\/v2\/tags?post=152980"}],"curies":[{"name":"wp","href":"https:\/\/api.w.org\/{rel}","templated":true}]}}