{"id":153000,"date":"2026-04-28T10:34:19","date_gmt":"2026-04-28T08:34:19","guid":{"rendered":"https:\/\/www.mojevrijeme.hr\/magazin\/?p=153000"},"modified":"2026-04-28T10:34:20","modified_gmt":"2026-04-28T08:34:20","slug":"medicinska-sestra-obitelj-pacijenta-pred-lijecnikom-ne-smije-sutjeti","status":"publish","type":"post","link":"https:\/\/www.mojevrijeme.hr\/magazin\/2026\/04\/medicinska-sestra-obitelj-pacijenta-pred-lijecnikom-ne-smije-sutjeti\/","title":{"rendered":"Medicinska sestra: Obitelj pacijenta pred lije\u010dnikom ne smije \u0161utjeti"},"content":{"rendered":"\n<p>\u201dOd iznimne je va\u017enosti bolni\u010dkom osoblju prenijeti svaku promjenu koju u po\u010decima kod pacijenta mogu uo\u010diti samo bli\u017enji. To vidimo stalno: obitelji najbolje poznaju svoje voljene i \u010desto primijete male promjene prije nego \u0161to se one o\u010dituju u klini\u010dkoj slici, zato je va\u017eno da nam ka\u017eu \u010dim osjete da ne\u0161to odstupa od uobi\u010dajenog\u201d, isti\u010de medicinska sestra Melissa Casey za <em>StartsAt60<\/em>.<\/p>\n\n\n\n<h2 class=\"wp-block-heading\">Promjene odmah prijavite medicinskom osoblju<\/h2>\n\n\n\n<p>Oklijevanje, napominje, mo\u017ee dovesti do toga da rani znakovi upozorenja ostanu nezamije\u0107eni, \u0161to mo\u017ee imati kobne posljedice. &#8220;Ljudi se boje da \u0107e smetati ili imaju osje\u0107aj da ne bi trebali propitivati lije\u010dnike. To je osobito vidljivo kod starijih generacija koje su odgajane da ne proturje\u010de autoritetima, a dodatno ih obeshrabruje u\u017eurbano bolni\u010dko okru\u017eenje jer ne \u017eele prekidati osoblje koje radi pod pritiskom\u201d, obja\u0161njava. <\/p>\n\n\n\n<p>Dodaje da upravo zbog toga mnogi pre\u0161ute promjene poput zbunjenosti, umora, povla\u010denja u sebe, promjena u disanju ili apetitu ili jednostavno pona\u0161anja koje nije uobi\u010dajeno za osobu.<\/p><div id=\"mojev-2738542391\" class=\"mojev-u-tekstu mojev-entity-placement\" style=\"margin-left: auto;margin-right: auto;text-align: center;\"><div class=\"mojev-adlabel\">oglas<\/div><div style=\"height: 250px;\"><script async src=\"https:\/\/pagead2.googlesyndication.com\/pagead\/js\/adsbygoogle.js?client=ca-pub-8106111766207173\"\r\n     crossorigin=\"anonymous\"><\/script>\r\n<!-- Prikazni 1 u tekstu -->\r\n<ins class=\"adsbygoogle\"\r\n     style=\"display:block\"\r\n     data-ad-client=\"ca-pub-8106111766207173\"\r\n     data-ad-slot=\"8535551207\"\r\n     data-ad-format=\"auto\"\r\n     data-full-width-responsive=\"true\"><\/ins>\r\n<script>\r\n     (adsbygoogle = window.adsbygoogle || []).push({});\r\n<\/script><\/div><\/div><br style=\"clear: both; display: block; float: none;\"\/>\n\n\n\n<p>\u201dStariji pacijenti posebno su ranjivi jer \u010desto imaju vi\u0161e zdravstvenih problema ili su zbunjeni, i tada glas obitelji postaje klju\u010dan jer oni znaju \u0161to je normalno za njihovu voljenu osobu, ponekad bolje od bilo koga u prostoriji, i zato je va\u017eno da se ne pitaju imaju li pravo reagirati nego da to jednostavno u\u010dine\u201d, nagla\u0161ava.<\/p>\n\n\n\n<h2 class=\"wp-block-heading\">I najmanja promjena je va\u017ena informacija<\/h2>\n\n\n\n<p>\u201dNe tra\u017eimo od ljudi da koriste medicinske izraze, dovoljno je re\u0107i da ne\u0161to nije u redu, da je osoba zbunjenija nego ina\u010de, umornija ili se pona\u0161a druga\u010dije, jer i najmanja promjena za nas mo\u017ee biti va\u017ena informacija\u201d, ka\u017ee te podsje\u0107a na vlastito iskustvo kada je prepoznala da se njezin otac pona\u0161a neuobi\u010dajeno i inzistirala na dodatnoj procjeni koja je otkrila ozbiljno stanje koje je moglo biti opasno po \u017eivot.<\/p>\n\n\n\n<p>\u201dAko ste zabrinuti, progovorite i vjerujte svom osje\u0107aju jer va\u0161 glas mo\u017ee napraviti veliku razliku\u201d, poru\u010duje.<\/p>\n\n\n\n<div id=\"crveno\"><\/p>\n\n\n\n<h3 class=\"wp-block-heading\">Zanima nas va\u0161a pri\u010da<\/h3>\n\n\n\n<p>\u017delite li i vi, posve anonimno, podijeliti svoje iskustvo i vi\u0111enje ove teme s nama i na\u0161im \u010ditateljima, mo\u017eete to u\u010diniti putem web obrasca <a rel=\"noreferrer noopener\" href=\"https:\/\/www.mojevrijeme.hr\/magazin\/povjerljivo\/\" target=\"_blank\">Povjerljivo<\/a>. Napi\u0161ite svoju pri\u010du!<\/p>\n\n\n\n<p><\/div>\n<div id=\"mojev-216668753\" class=\"mojev-kraj-teksta mojev-entity-placement\" style=\"margin-bottom: 20px;margin-left: auto;margin-right: auto;text-align: center;\"><div class=\"mojev-adlabel\">oglas<\/div><div style=\"height: 250px;\"><script async src=\"https:\/\/pagead2.googlesyndication.com\/pagead\/js\/adsbygoogle.js?client=ca-pub-8106111766207173\"\r\n     crossorigin=\"anonymous\"><\/script>\r\n<!-- Display-1 -->\r\n<ins class=\"adsbygoogle\"\r\n     style=\"display:block\"\r\n     data-ad-client=\"ca-pub-8106111766207173\"\r\n     data-ad-slot=\"1465712950\"\r\n     data-ad-format=\"auto\"\r\n     data-full-width-responsive=\"true\"><\/ins>\r\n<script>\r\n     (adsbygoogle = window.adsbygoogle || []).push({});\r\n<\/script><\/div><\/div>","protected":false},"excerpt":{"rendered":"<p>Obitelji i njegovatelji \u010desto prvi primijete suptilne, ali va\u017ene promjene u stanju pacijenta. No kako je boravak u bolnici sam po sebi stresan i bli\u017enji su zabrinuti i napeti, nesigurni su treba li reagirati \u010dim im se u\u010dini da ne\u0161to nije u redu. A prema rije\u010dima medicinskog osoblja, trebaju!<\/p>\n","protected":false},"author":17,"featured_media":73499,"comment_status":"closed","ping_status":"closed","sticky":false,"template":"","format":"standard","meta":{"footnotes":""},"categories":[3],"tags":[198,448],"class_list":["post-153000","post","type-post","status-publish","format-standard","has-post-thumbnail","hentry","category-zdravlje","tag-obitelj","tag-pacijenti"],"_links":{"self":[{"href":"https:\/\/www.mojevrijeme.hr\/magazin\/wp-json\/wp\/v2\/posts\/153000","targetHints":{"allow":["GET"]}}],"collection":[{"href":"https:\/\/www.mojevrijeme.hr\/magazin\/wp-json\/wp\/v2\/posts"}],"about":[{"href":"https:\/\/www.mojevrijeme.hr\/magazin\/wp-json\/wp\/v2\/types\/post"}],"author":[{"embeddable":true,"href":"https:\/\/www.mojevrijeme.hr\/magazin\/wp-json\/wp\/v2\/users\/17"}],"replies":[{"embeddable":true,"href":"https:\/\/www.mojevrijeme.hr\/magazin\/wp-json\/wp\/v2\/comments?post=153000"}],"version-history":[{"count":3,"href":"https:\/\/www.mojevrijeme.hr\/magazin\/wp-json\/wp\/v2\/posts\/153000\/revisions"}],"predecessor-version":[{"id":153011,"href":"https:\/\/www.mojevrijeme.hr\/magazin\/wp-json\/wp\/v2\/posts\/153000\/revisions\/153011"}],"wp:featuredmedia":[{"embeddable":true,"href":"https:\/\/www.mojevrijeme.hr\/magazin\/wp-json\/wp\/v2\/media\/73499"}],"wp:attachment":[{"href":"https:\/\/www.mojevrijeme.hr\/magazin\/wp-json\/wp\/v2\/media?parent=153000"}],"wp:term":[{"taxonomy":"category","embeddable":true,"href":"https:\/\/www.mojevrijeme.hr\/magazin\/wp-json\/wp\/v2\/categories?post=153000"},{"taxonomy":"post_tag","embeddable":true,"href":"https:\/\/www.mojevrijeme.hr\/magazin\/wp-json\/wp\/v2\/tags?post=153000"}],"curies":[{"name":"wp","href":"https:\/\/api.w.org\/{rel}","templated":true}]}}