{"id":153033,"date":"2026-04-29T12:54:27","date_gmt":"2026-04-29T10:54:27","guid":{"rendered":"https:\/\/www.mojevrijeme.hr\/magazin\/?p=153033"},"modified":"2026-04-29T12:54:44","modified_gmt":"2026-04-29T10:54:44","slug":"drva-su-me-kostala-1-440-eura-racunajte-koliko-je-to-mojih-penzija","status":"publish","type":"post","link":"https:\/\/www.mojevrijeme.hr\/magazin\/2026\/04\/drva-su-me-kostala-1-440-eura-racunajte-koliko-je-to-mojih-penzija\/","title":{"rendered":"&#8216;Drva su me ko\u0161tala 1.440 eura. Ra\u010dunajte koliko je to mojih penzija&#8217;"},"content":{"rendered":"\n<p>Jo\u0161 je pro\u0161le godine paleta bukovih drva ko\u0161tala 160 eura. Kako doznajemo u razgovoru s umirovljenicom Vazmenkom (83), ro\u0111enom Gorankom, ove godine ta ista paleta ko\u0161ta ve\u0107 180 eura. Za ljude s jednom mirovinom, koji moraju lo\u017eiti istim tempom kao i kad ih je dvoje, to zna\u010di svake godine sve ve\u0107e siroma\u0161tvo, jer im mirovina ne raste tom brzinom.<\/p>\n\n\n\n<p>\u201dLani sam osam paleta nacijepana drva platila 1280 eura. Ove godine to je 160 eura vi\u0161e. To je umirovljeniku, osobito samcu, postalo prete\u0161ko. Govorimo o dvije prosje\u010dne mirovine, no u na\u0161em kraju su mirovine \u017eenama daleko ispod prosjeka, njima za to trebaju i tri mirovine. Ve\u0107ina \u017eena moje dobi u mladosti nije odmah po\u010dela raditi, a kasnije su se zaposlile u drvnoj industriji, u tvornici na minimalcu. Ja primam 474 eura, pa ra\u010dunajte\u201d, otkriva nam.<\/p>\n\n\n\n<h3 class=\"wp-block-heading\">Trupci su jeftiniji, ali treba piliti i cijepati<\/h3>\n\n\n\n<p>\u201dGdje ih je dvoje, lak\u0161e je kupiti gotova drva, a ako je mu\u0161karac zdrav i mo\u017ee cijepati, to je najpovoljnija opcija. Susjed Ton\u010di je od lokalne \u0161umarije kupio dvostruko vi\u0161e drva nego ja, trupce je platio samo 300 eura. Dalje \u0107e sve odraditi sam. Ali mi koji smo prisiljeni kupiti ve\u0107 nacijepana drva tu uslugu masno pla\u0107amo. Sre\u0107om, sin mi je dodao 500 eura, a ostalo sam u\u0161tedjela kroz cijelu godinu\u201d, ka\u017ee gospo\u0111a Vazmenka.<\/p><div id=\"mojev-1846037814\" class=\"mojev-u-tekstu mojev-entity-placement\" style=\"margin-left: auto;margin-right: auto;text-align: center;\"><div class=\"mojev-adlabel\">oglas<\/div><div style=\"height: 250px;\"><script async src=\"https:\/\/pagead2.googlesyndication.com\/pagead\/js\/adsbygoogle.js?client=ca-pub-8106111766207173\"\r\n     crossorigin=\"anonymous\"><\/script>\r\n<!-- Prikazni 1 u tekstu -->\r\n<ins class=\"adsbygoogle\"\r\n     style=\"display:block\"\r\n     data-ad-client=\"ca-pub-8106111766207173\"\r\n     data-ad-slot=\"8535551207\"\r\n     data-ad-format=\"auto\"\r\n     data-full-width-responsive=\"true\"><\/ins>\r\n<script>\r\n     (adsbygoogle = window.adsbygoogle || []).push({});\r\n<\/script><\/div><\/div><br style=\"clear: both; display: block; float: none;\"\/>\n\n\n\n<p>Jedini sin, jer je drugog sina izgubila u nesretnom slu\u010daju, ne \u017eivi blizu nje, a i on je odnedavno u mirovini. \u201dKa\u017ee mi sin kako razmi\u0161lja o uvo\u0111enju klime za grijanje i da bi to bilo isplativije. No nema iskustva s tim, a u Gorskom kotaru drva su jo\u0161 uvijek ogrjev broj jedan i nisam sigurna kako bi to radilo na na\u0161im minusima. No u svakom slu\u010daju morati \u0107u prona\u0107i rje\u0161enje, jer \u0161to \u0107u ako vi\u0161e ne budem mogla nositi drva u kuhinju i stalno lo\u017eiti?\u201d pita se.<\/p>\n\n\n\n<h3 class=\"wp-block-heading\">Poma\u017ee sin i gerontodoma\u0107ica<\/h3>\n\n\n\n<p>O odlasku u dom za starije ne razmi\u0161lja. \u201dDom je skup, a stara ku\u0107a gotovo ni\u0161ta ne vrijedi. K tome, nikad nisam napustila rodno mjesto. Preko \u0161ezdeset sam godina u ovoj ku\u0107i. Domova nema u blizini i stra\u0161na mi je pomisao oti\u0107i negdje daleko do\u010dekati kraj. Dok god mogu, ostajem tu gdje jesam. Sada i sin \u010de\u0161\u0107e dolazi, barem jednom mjese\u010dno, i ostane dva, tri dana, pomogne mi, ode u kupovinu, donese drva po stepenicama. Imam i gerontodoma\u0107icu koja me obilazi dvaput tjedno\u201d, otkrila je gospo\u0111a Vazmenka.<\/p>\n\n\n\n<p>Koliko vas je ove zime ko\u0161talo grijanje? Pi\u0161ite nam o svojim iskustvima.<\/p>\n\n\n\n<div id=\"crveno\"><\/p>\n\n\n\n<h3 class=\"wp-block-heading\">Zanima nas va\u0161a pri\u010da<\/h3>\n\n\n\n<p>\u017delite li i vi, posve anonimno, podijeliti svoje iskustvo i vi\u0111enje ove teme s nama i na\u0161im \u010ditateljima, mo\u017eete to u\u010diniti putem web obrasca <a rel=\"noreferrer noopener\" href=\"https:\/\/www.mojevrijeme.hr\/magazin\/povjerljivo\/\" target=\"_blank\">Povjerljivo<\/a>. Napi\u0161ite svoju pri\u010du!<\/p>\n\n\n\n<p><\/div>\n<div id=\"mojev-1596038732\" class=\"mojev-kraj-teksta mojev-entity-placement\" style=\"margin-bottom: 20px;margin-left: auto;margin-right: auto;text-align: center;\"><div class=\"mojev-adlabel\">oglas<\/div><div style=\"height: 250px;\"><script async src=\"https:\/\/pagead2.googlesyndication.com\/pagead\/js\/adsbygoogle.js?client=ca-pub-8106111766207173\"\r\n     crossorigin=\"anonymous\"><\/script>\r\n<!-- Display-1 -->\r\n<ins class=\"adsbygoogle\"\r\n     style=\"display:block\"\r\n     data-ad-client=\"ca-pub-8106111766207173\"\r\n     data-ad-slot=\"1465712950\"\r\n     data-ad-format=\"auto\"\r\n     data-full-width-responsive=\"true\"><\/ins>\r\n<script>\r\n     (adsbygoogle = window.adsbygoogle || []).push({});\r\n<\/script><\/div><\/div>","protected":false},"excerpt":{"rendered":"<p>Koliki je ogrjev financijski uteg za samce s malom mirovinom najbolje ilustrira primjer iz Gorskog kotara. Razgovor s 83-godi\u0161njom, jo\u0161 uvijek vrlo vitalnom umirovljenicom Vazmenkom, otkriva da su tro\u0161kovi grijanja na drva postali nepodno\u0161ljivi.<\/p>\n","protected":false},"author":17,"featured_media":141095,"comment_status":"closed","ping_status":"closed","sticky":false,"template":"","format":"standard","meta":{"footnotes":""},"categories":[9],"tags":[18,3637,236],"class_list":["post-153033","post","type-post","status-publish","format-standard","has-post-thumbnail","hentry","category-vijesti","tag-mirovine","tag-ogrjev","tag-standard"],"_links":{"self":[{"href":"https:\/\/www.mojevrijeme.hr\/magazin\/wp-json\/wp\/v2\/posts\/153033","targetHints":{"allow":["GET"]}}],"collection":[{"href":"https:\/\/www.mojevrijeme.hr\/magazin\/wp-json\/wp\/v2\/posts"}],"about":[{"href":"https:\/\/www.mojevrijeme.hr\/magazin\/wp-json\/wp\/v2\/types\/post"}],"author":[{"embeddable":true,"href":"https:\/\/www.mojevrijeme.hr\/magazin\/wp-json\/wp\/v2\/users\/17"}],"replies":[{"embeddable":true,"href":"https:\/\/www.mojevrijeme.hr\/magazin\/wp-json\/wp\/v2\/comments?post=153033"}],"version-history":[{"count":4,"href":"https:\/\/www.mojevrijeme.hr\/magazin\/wp-json\/wp\/v2\/posts\/153033\/revisions"}],"predecessor-version":[{"id":153067,"href":"https:\/\/www.mojevrijeme.hr\/magazin\/wp-json\/wp\/v2\/posts\/153033\/revisions\/153067"}],"wp:featuredmedia":[{"embeddable":true,"href":"https:\/\/www.mojevrijeme.hr\/magazin\/wp-json\/wp\/v2\/media\/141095"}],"wp:attachment":[{"href":"https:\/\/www.mojevrijeme.hr\/magazin\/wp-json\/wp\/v2\/media?parent=153033"}],"wp:term":[{"taxonomy":"category","embeddable":true,"href":"https:\/\/www.mojevrijeme.hr\/magazin\/wp-json\/wp\/v2\/categories?post=153033"},{"taxonomy":"post_tag","embeddable":true,"href":"https:\/\/www.mojevrijeme.hr\/magazin\/wp-json\/wp\/v2\/tags?post=153033"}],"curies":[{"name":"wp","href":"https:\/\/api.w.org\/{rel}","templated":true}]}}