{"id":153051,"date":"2026-04-29T12:55:51","date_gmt":"2026-04-29T10:55:51","guid":{"rendered":"https:\/\/www.mojevrijeme.hr\/magazin\/?p=153051"},"modified":"2026-04-29T12:55:52","modified_gmt":"2026-04-29T10:55:52","slug":"rodendanska-zelja-hsu-a-da-velike-mirovine-budu-jos-vece","status":"publish","type":"post","link":"https:\/\/www.mojevrijeme.hr\/magazin\/2026\/04\/rodendanska-zelja-hsu-a-da-velike-mirovine-budu-jos-vece\/","title":{"rendered":"Ro\u0111endanska \u017eelja HSU-a: Da velike mirovine budu jo\u0161 ve\u0107e"},"content":{"rendered":"\n<p>Hrvatska stranka umirovljenika (HSU) obilje\u017eava 30 godina od osnutka. Stranka je osnovana 29. travnja 1996. u Zagrebu kada je za prvog predsjednika izabran je <strong>Rudolf Ma\u017euran<\/strong>. Nakon Ma\u017eurana, strankom su predsjedali <strong>Vladimir Jordan<\/strong>, dugovje\u010dni <strong>Silvano Hrelja<\/strong> i aktualni predsjednik, saborski zastupnik vladaju\u0107e ve\u0107ine <strong>Veselko Gabri\u010devi\u0107<\/strong>.<\/p>\n\n\n\n<p>HSU je nastao kao odgovor na tada\u0161nji polo\u017eaj umirovljenika, niske mirovine i uskra\u0107ivanje ste\u010denih prava po\u010detkom devedesetih. Od osnutka do danas stranka se uglavnom profilirala kroz pitanja rasta mirovina, za\u0161tite standarda starijih osoba i ja\u010danja umirovljeni\u010dkih prava, a svoje je mjesto tra\u017eila u ideolo\u0161ki razli\u010ditim koalicijama.<\/p>\n\n\n\n<p>Na prve izbore HSU je iza\u0161ao 1997. godine, kada su njegovi kandidati u\u0161li u lokalna predstavni\u010dka tijela. Ve\u0107i politi\u010dki iskorak dogodio se na parlamentarnim izborima 2003. godine, kada je stranka osvojila tri saborska mandata. U Sabor su tada u\u0161li Silvano Hrelja, <strong>Dragutin Pukle\u0161<\/strong> i <strong>Josip Sudec<\/strong>.<\/p><div id=\"mojev-3921088650\" class=\"mojev-u-tekstu mojev-entity-placement\" style=\"margin-left: auto;margin-right: auto;text-align: center;\"><div class=\"mojev-adlabel\">oglas<\/div><div style=\"height: 250px;\"><script async src=\"https:\/\/pagead2.googlesyndication.com\/pagead\/js\/adsbygoogle.js?client=ca-pub-8106111766207173\"\r\n     crossorigin=\"anonymous\"><\/script>\r\n<!-- Prikazni 1 u tekstu -->\r\n<ins class=\"adsbygoogle\"\r\n     style=\"display:block\"\r\n     data-ad-client=\"ca-pub-8106111766207173\"\r\n     data-ad-slot=\"8535551207\"\r\n     data-ad-format=\"auto\"\r\n     data-full-width-responsive=\"true\"><\/ins>\r\n<script>\r\n     (adsbygoogle = window.adsbygoogle || []).push({});\r\n<\/script><\/div><\/div><br style=\"clear: both; display: block; float: none;\"\/>\n\n\n\n<p>To se razdoblje u povijesti HSU-a naj\u010de\u0161\u0107e povezuje s obe\u0161te\u0107enjem umirovljenika. Nakon provedbe odluke Ustavnog suda iz 1998. godine, 2006. po\u010dela je isplata obe\u0161te\u0107enja za ranije uskra\u0107ena umirovljeni\u010dka prava. Na izborima 2007. HSU je ostao na jednom zastupniku, Silvanu Hrelji, no ve\u0107 na izborima 2011. godine, u sklopu Kukuriku koalicije, stranka je do\u0161la do \u010detiri saborska mandata.<\/p>\n\n\n\n<p>Nakon toga HSU je parlamentarni kontinuitet odr\u017eavao znatno skromnije, uglavnom preko Hrelje, koji je bio zastupnik i u sazivima izabranima 2015. i 2016. godine. U razdoblju nakon izbora 2020. godine odnosi u stranci sve su se vi\u0161e zao\u0161travali, a 2023. godine Hrelja je izba\u010den iz HSU-a odlukom strana\u010dkog predsjedni\u0161tva. Time je stranka izgubila parlamentarni status.<\/p>\n\n\n\n<p>Na parlamentarnim izborima 2024. godine HSU se vratio u Sabor u koaliciji s HDZ-om. Mandat je osvojio predsjednik stranke Veselko Gabri\u010devi\u0107, pa je HSU ponovno postao jedina parlamentarna umirovljeni\u010dka stranka u Hrvatskoj.<\/p>\n\n\n\n<p>U ro\u0111endanskoj objavi stranka je zahvalila \u010dlanovima, umirovljenicima i osobama starije dobi na dugogodi\u0161njoj podr\u0161ci. Poru\u010duju da ostaju usmjereni na pove\u0107anje mirovina i prava starijih osoba. Zaista, ro\u0111endan su do\u010dekali u trenutku kada su mirovine, cijene i standard starijih me\u0111u najva\u017enijim socijalnim temama.<\/p>\n\n\n\n<p>Aktualni HSU-ov sastav kao najve\u0107e dostignu\u0107e isti\u010de takozvanu 13. mirovinu, koja je lani prvi put ispla\u0107ena u iznosu od \u0161est eura po godini sta\u017ea. Novi cilj im je ukidanje poreza na dohodak koji se obra\u010dunava na mirovine po povla\u0161tenoj stopi i uz osobni odbitak, \u010demu se posebno raduju umirovljenici s visokim i povla\u0161tenim mirovinama. Sretno!<\/p>\n<div id=\"mojev-3041192802\" class=\"mojev-kraj-teksta mojev-entity-placement\" style=\"margin-bottom: 20px;margin-left: auto;margin-right: auto;text-align: center;\"><div class=\"mojev-adlabel\">oglas<\/div><div style=\"height: 250px;\"><script async src=\"https:\/\/pagead2.googlesyndication.com\/pagead\/js\/adsbygoogle.js?client=ca-pub-8106111766207173\"\r\n     crossorigin=\"anonymous\"><\/script>\r\n<!-- Display-1 -->\r\n<ins class=\"adsbygoogle\"\r\n     style=\"display:block\"\r\n     data-ad-client=\"ca-pub-8106111766207173\"\r\n     data-ad-slot=\"1465712950\"\r\n     data-ad-format=\"auto\"\r\n     data-full-width-responsive=\"true\"><\/ins>\r\n<script>\r\n     (adsbygoogle = window.adsbygoogle || []).push({});\r\n<\/script><\/div><\/div>","protected":false},"excerpt":{"rendered":"<p>Jedina parlamentarna umirovljeni\u010dka stranka obilje\u017eava 30 godina postojanja. HSU je kroz tri desetlje\u0107a prolazio razli\u010dite koalicije, uspone i padove, a danas najve\u0107im uspjehom isti\u010de 13. mirovinu.<\/p>\n","protected":false},"author":1,"featured_media":153061,"comment_status":"closed","ping_status":"closed","sticky":false,"template":"","format":"standard","meta":{"footnotes":""},"categories":[9],"tags":[4934,111],"class_list":["post-153051","post","type-post","status-publish","format-standard","has-post-thumbnail","hentry","category-vijesti","tag-gabricevic","tag-hrvatska-stranka-umirovljenika"],"_links":{"self":[{"href":"https:\/\/www.mojevrijeme.hr\/magazin\/wp-json\/wp\/v2\/posts\/153051","targetHints":{"allow":["GET"]}}],"collection":[{"href":"https:\/\/www.mojevrijeme.hr\/magazin\/wp-json\/wp\/v2\/posts"}],"about":[{"href":"https:\/\/www.mojevrijeme.hr\/magazin\/wp-json\/wp\/v2\/types\/post"}],"author":[{"embeddable":true,"href":"https:\/\/www.mojevrijeme.hr\/magazin\/wp-json\/wp\/v2\/users\/1"}],"replies":[{"embeddable":true,"href":"https:\/\/www.mojevrijeme.hr\/magazin\/wp-json\/wp\/v2\/comments?post=153051"}],"version-history":[{"count":5,"href":"https:\/\/www.mojevrijeme.hr\/magazin\/wp-json\/wp\/v2\/posts\/153051\/revisions"}],"predecessor-version":[{"id":153062,"href":"https:\/\/www.mojevrijeme.hr\/magazin\/wp-json\/wp\/v2\/posts\/153051\/revisions\/153062"}],"wp:featuredmedia":[{"embeddable":true,"href":"https:\/\/www.mojevrijeme.hr\/magazin\/wp-json\/wp\/v2\/media\/153061"}],"wp:attachment":[{"href":"https:\/\/www.mojevrijeme.hr\/magazin\/wp-json\/wp\/v2\/media?parent=153051"}],"wp:term":[{"taxonomy":"category","embeddable":true,"href":"https:\/\/www.mojevrijeme.hr\/magazin\/wp-json\/wp\/v2\/categories?post=153051"},{"taxonomy":"post_tag","embeddable":true,"href":"https:\/\/www.mojevrijeme.hr\/magazin\/wp-json\/wp\/v2\/tags?post=153051"}],"curies":[{"name":"wp","href":"https:\/\/api.w.org\/{rel}","templated":true}]}}