{"id":153069,"date":"2026-04-29T14:38:32","date_gmt":"2026-04-29T12:38:32","guid":{"rendered":"https:\/\/www.mojevrijeme.hr\/magazin\/?p=153069"},"modified":"2026-04-29T14:38:32","modified_gmt":"2026-04-29T12:38:32","slug":"fbih-ministar-delic-najavio-novi-rast-mirovina","status":"publish","type":"post","link":"https:\/\/www.mojevrijeme.hr\/magazin\/2026\/04\/fbih-ministar-delic-najavio-novi-rast-mirovina\/","title":{"rendered":"FBiH: Ministar Deli\u0107 najavio novi rast mirovina"},"content":{"rendered":"\n<p>Novo pove\u0107anje mirovina u Federaciji BiH o\u010dekuje se 1. srpnja, najavio je federalni ministar rada i socijalne politike <strong>Adnan Deli\u0107<\/strong> na konferenciji \u201cNovo lice socijalne za\u0161tite u Federaciji Bosne i Hercegovine\u201d odr\u017eanoj u Sarajevu.<\/p>\n\n\n\n<p>Podsjetio je da je u sije\u010dnju ve\u0107 provedeno pove\u0107anje mirovina za oko 460.000 korisnika, a najavljene izmjene Zakona o MIO-u trebale bi biti sljede\u0107i korak u ja\u010danju standarda umirovljenika.<\/p>\n\n\n\n<p>Deli\u0107 je poru\u010dio da su u protekle dvije godine ostvareni konkretni pomaci u sustavu socijalne za\u0161tite, posebno u digitalizaciji, normativnom ure\u0111enju i kapitalnim ulaganjima. Prema podacima koje je iznio, projekti diljem Federacije BiH ukupno vrijedni oko 6,9 milijuna eura ve\u0107 su realizirani ili se nalaze u zavr\u0161noj fazi.<\/p><div id=\"mojev-1771105806\" class=\"mojev-u-tekstu mojev-entity-placement\" style=\"margin-left: auto;margin-right: auto;text-align: center;\"><div class=\"mojev-adlabel\">oglas<\/div><div style=\"height: 250px;\"><script async src=\"https:\/\/pagead2.googlesyndication.com\/pagead\/js\/adsbygoogle.js?client=ca-pub-8106111766207173\"\r\n     crossorigin=\"anonymous\"><\/script>\r\n<!-- Prikazni 1 u tekstu -->\r\n<ins class=\"adsbygoogle\"\r\n     style=\"display:block\"\r\n     data-ad-client=\"ca-pub-8106111766207173\"\r\n     data-ad-slot=\"8535551207\"\r\n     data-ad-format=\"auto\"\r\n     data-full-width-responsive=\"true\"><\/ins>\r\n<script>\r\n     (adsbygoogle = window.adsbygoogle || []).push({});\r\n<\/script><\/div><\/div><br style=\"clear: both; display: block; float: none;\"\/>\n\n\n\n<p>Posebno je naglasio rast prora\u010duna za socijalnu za\u0161titu. On sada iznosi oko 363,6 milijuna eura, dok je 2023. godine bio manji od 153,4 milijuna eura. \u201cKroz ovakav pristup jasno smo pokazali opredijeljenost ka reformi i razvoju sistema socijalne za\u0161tite\u201d, poru\u010dio je Deli\u0107.<\/p>\n\n\n\n<p>Na konferenciji je predstavljen i plan uvo\u0111enja univerzalnog dje\u010djeg dodatka u Federaciji BiH, koji bi trebao obuhvatiti svu djecu i dodatno oja\u010dati socijalnu sigurnost obitelji. Iz UNICEF-a je poru\u010deno da su ulaganja u djecu porasla s oko 55,2 milijuna na vi\u0161e od 79,2 milijuna eura te da sustav sada obuhva\u0107a oko 90.000 djece u Federaciji BiH.<\/p>\n\n\n\n<p>Va\u017ean dio reforme odnosi se i na digitalizaciju socijalnih prava. Ve\u0107 su uspostavljeni sustavi poput e-Awarda i e-Porodilje, koji omogu\u0107uju elektroni\u010dku prijavu i obradu socijalnih naknada, no za punu primjenu socijalne karte potrebno je dono\u0161enje odgovaraju\u0107ih zakona. Predstavnici UNDP-a poru\u010dili su da digitalna transformacija nije samo tehni\u010dko pitanje, ve\u0107 alat za u\u010dinkovitije upravljanje i lak\u0161i pristup pravima gra\u0111ana.<\/p>\n<div id=\"mojev-2002046155\" class=\"mojev-kraj-teksta mojev-entity-placement\" style=\"margin-bottom: 20px;margin-left: auto;margin-right: auto;text-align: center;\"><div class=\"mojev-adlabel\">oglas<\/div><div style=\"height: 250px;\"><script async src=\"https:\/\/pagead2.googlesyndication.com\/pagead\/js\/adsbygoogle.js?client=ca-pub-8106111766207173\"\r\n     crossorigin=\"anonymous\"><\/script>\r\n<!-- Display-1 -->\r\n<ins class=\"adsbygoogle\"\r\n     style=\"display:block\"\r\n     data-ad-client=\"ca-pub-8106111766207173\"\r\n     data-ad-slot=\"1465712950\"\r\n     data-ad-format=\"auto\"\r\n     data-full-width-responsive=\"true\"><\/ins>\r\n<script>\r\n     (adsbygoogle = window.adsbygoogle || []).push({});\r\n<\/script><\/div><\/div>","protected":false},"excerpt":{"rendered":"<p>Federacija BiH najavila je novo pove\u0107anje mirovina od 1. srpnja. U sije\u010dnju su mirovine ve\u0107 pove\u0107ane za oko 460.000 korisnika, a prora\u010dun za socijalnu za\u0161titu narastao je na oko 363,6 milijuna eura.<\/p>\n","protected":false},"author":1,"featured_media":33243,"comment_status":"closed","ping_status":"closed","sticky":false,"template":"","format":"standard","meta":{"footnotes":""},"categories":[9],"tags":[3411,18],"class_list":["post-153069","post","type-post","status-publish","format-standard","has-post-thumbnail","hentry","category-vijesti","tag-federacija-bih","tag-mirovine"],"_links":{"self":[{"href":"https:\/\/www.mojevrijeme.hr\/magazin\/wp-json\/wp\/v2\/posts\/153069","targetHints":{"allow":["GET"]}}],"collection":[{"href":"https:\/\/www.mojevrijeme.hr\/magazin\/wp-json\/wp\/v2\/posts"}],"about":[{"href":"https:\/\/www.mojevrijeme.hr\/magazin\/wp-json\/wp\/v2\/types\/post"}],"author":[{"embeddable":true,"href":"https:\/\/www.mojevrijeme.hr\/magazin\/wp-json\/wp\/v2\/users\/1"}],"replies":[{"embeddable":true,"href":"https:\/\/www.mojevrijeme.hr\/magazin\/wp-json\/wp\/v2\/comments?post=153069"}],"version-history":[{"count":3,"href":"https:\/\/www.mojevrijeme.hr\/magazin\/wp-json\/wp\/v2\/posts\/153069\/revisions"}],"predecessor-version":[{"id":153072,"href":"https:\/\/www.mojevrijeme.hr\/magazin\/wp-json\/wp\/v2\/posts\/153069\/revisions\/153072"}],"wp:featuredmedia":[{"embeddable":true,"href":"https:\/\/www.mojevrijeme.hr\/magazin\/wp-json\/wp\/v2\/media\/33243"}],"wp:attachment":[{"href":"https:\/\/www.mojevrijeme.hr\/magazin\/wp-json\/wp\/v2\/media?parent=153069"}],"wp:term":[{"taxonomy":"category","embeddable":true,"href":"https:\/\/www.mojevrijeme.hr\/magazin\/wp-json\/wp\/v2\/categories?post=153069"},{"taxonomy":"post_tag","embeddable":true,"href":"https:\/\/www.mojevrijeme.hr\/magazin\/wp-json\/wp\/v2\/tags?post=153069"}],"curies":[{"name":"wp","href":"https:\/\/api.w.org\/{rel}","templated":true}]}}