{"id":153073,"date":"2026-04-29T14:59:31","date_gmt":"2026-04-29T12:59:31","guid":{"rendered":"https:\/\/www.mojevrijeme.hr\/magazin\/?p=153073"},"modified":"2026-04-29T15:01:15","modified_gmt":"2026-04-29T13:01:15","slug":"stanisic-dok-se-umirovljenici-probude-bit-ce-kasno-nedostaje-solidarnosti","status":"publish","type":"post","link":"https:\/\/www.mojevrijeme.hr\/magazin\/2026\/04\/stanisic-dok-se-umirovljenici-probude-bit-ce-kasno-nedostaje-solidarnosti\/","title":{"rendered":"Stani\u0161i\u0107: Dok se umirovljenici probude, bit \u0107e kasno, nedostaje solidarnosti"},"content":{"rendered":"\n<p>Je li prosvjed umirovljenika i radnika odr\u017ean 18. travnja u Zagrebu bio uspjeh ili neuspjeh? Dojmovi su se slegli, ka\u017ee predsjednica Sindikata umirovljenika Hrvatske (SUH) <strong>Vi\u0161nja Stani\u0161i\u0107<\/strong>.<\/p>\n\n\n\n<p>\u201cAko pogledamo zadnji zajedni\u010dki prosvjed radnika i umirovljenika koji je odr\u017ean 2018. godine, a tada se okupilo oko 8.000 prosvjednika protiv pove\u0107anja dobne granice za odlazak u starosnu mirovinu, slobodno mo\u017eemo re\u0107i da je ovaj prosvjed bio uspje\u0161an jer je okupio oko 20.000 osoba\u201d, navodi Stani\u0161i\u0107 i ironi\u010dno dodaje: \u201cAko ovako nastavimo, mo\u017eda za desetak godina na prosvjed do\u0111e i 50.000 osoba. Samo tada \u0107e biti kasno.\u201d<\/p>\n\n\n\n<h2 class=\"wp-block-heading\">Svi \u0161ute i gledaju<\/h2>\n\n\n\n<p>Stani\u0161i\u0107 se prisjetila i vremena propadanja tvornica u kojima su ljudi preko no\u0107i ostajali bez posla ili su potjerani u prijevremene starosne mirovine jer su za poslodavce bili prestari da bi ih zaposlili, iako tada nisu imali ni 55 godina \u017eivota.<\/p><div id=\"mojev-2071912069\" class=\"mojev-u-tekstu mojev-entity-placement\" style=\"margin-left: auto;margin-right: auto;text-align: center;\"><div class=\"mojev-adlabel\">oglas<\/div><div style=\"height: 250px;\"><script async src=\"https:\/\/pagead2.googlesyndication.com\/pagead\/js\/adsbygoogle.js?client=ca-pub-8106111766207173\"\r\n     crossorigin=\"anonymous\"><\/script>\r\n<!-- Prikazni 1 u tekstu -->\r\n<ins class=\"adsbygoogle\"\r\n     style=\"display:block\"\r\n     data-ad-client=\"ca-pub-8106111766207173\"\r\n     data-ad-slot=\"8535551207\"\r\n     data-ad-format=\"auto\"\r\n     data-full-width-responsive=\"true\"><\/ins>\r\n<script>\r\n     (adsbygoogle = window.adsbygoogle || []).push({});\r\n<\/script><\/div><\/div><br style=\"clear: both; display: block; float: none;\"\/>\n\n\n\n<p>\u201cSvi smo mi to mirno gledali, budu\u0107i da se to doga\u0111alo drugima. Nismo ni pomi\u0161ljali da se to sutra mo\u017ee dogoditi nama. A kad se to dogodilo nama, svi su \u0161utjeli. Na\u017ealost, do danas se u glavama na\u0161ih ljudi ni\u0161ta nije promijenilo. Iako smo svjesni svega \u0161to se doga\u0111a oko nas, i dalje \u0161utimo i \u010dekamo da netko drugi rje\u0161ava na\u0161e probleme\u201d, navodi predsjednica SUH-a.<\/p>\n\n\n\n<p>\u201cTaj drugi rje\u0161ava na\u0161e probleme tako da nas tjera da radimo du\u017ee od 65 godina \u017eivota jer sada vi\u0161e nismo stari za poslodavce. Taj drugi pojedinim umirovljeni\u010dkim grupama daje mrvice kroz ukidanje penalizacije, kroz invalidske mirovine i obiteljske mirovine kako bi nas okrenuo jedne protiv drugih. Taj drugi diskriminira roditelje ovisno o tome kada su ostvarili pravo na mirovinu, zastra\u0161uje nas situacijom u svijetu i mogu\u0107no\u0161\u0107u novog rata\u201d, opisuje trenutno stanje u kojemu se oblikuju umirovljeni\u010dke politike.<\/p>\n\n\n\n<p>\u201cA mi i dalje \u0161utimo i pljujemo po onima koji, bez obzira kakvi jesu, jedini mogu ne\u0161to organizirati i u\u010diniti\u201d, poentira Stani\u0161i\u0107.<\/p>\n\n\n\n<h2 class=\"wp-block-heading\">Potresan trenutak na prosvjedu<\/h2>\n\n\n\n<p>\u201cSam naziv prosvjeda, \u2018Hrvatska zajedno za ve\u0107e pla\u0107e i mirovine\u2019, a protiv pohlepe, trebao je motivirati ljude da se pridru\u017ee prosvjedu. Mnogi su to i u\u010dinili, ali na\u017ealost veliki dio nije. Naglasak svih govornika bio je na rije\u010di pohlepa, \u017eelji pojedinca ili grupacije za \u0161to ve\u0107om dobiti i to preko le\u0111a radnika i umirovljenika. Ta njihova \u017eelja generira male pla\u0107e, a time i male mirovine. Zar je to tako te\u0161ko shvatiti?\u201d pita Stani\u0161i\u0107.<\/p>\n\n\n\n<p>Ka\u017ee, posebno joj je bio dirljiv trenutak kada joj je pri\u0161la gospo\u0111a pokazuju\u0107i mirovinski odrezak svog supruga koji zbog bolesti nije mogao do\u0107i na prosvjed. \u201cNa odresku je pisala mirovina 723,00 eura, porez 14,14 eura, dopunsko zdravstveno 15 eura i ovrha 177,21 euro. Ukupan sta\u017e 43 godine. Ovrha se sigurno ne odnosi na nepla\u0107anje ljetovanja na Baliju. Rasplakala se jer ne zna kako dalje.\u201d<\/p>\n\n\n\n<p>\u201cNa\u017ealost, ima mnogo ljudi koji jedva pre\u017eivljavaju i mnogi od njih su do\u0161li na prosvjed. Ono \u0161to nedostaje na\u0161im ljudima je ljubav prema drugima, empatija i osje\u0107aj solidarnosti. Zato na ovaj prosvjed mo\u017eemo gledati dvojako. Ovisno iz kojeg kuta tko gleda. Osobno mislim da moramo ostaviti malo vremena da vidimo kakve \u0107e rezultate donijeti. Tek tada \u0107emo mo\u0107i re\u0107i je li bio uspje\u0161an ili neuspje\u0161an\u201d, zaklju\u010duje Stani\u0161i\u0107.<\/p>\n<div id=\"mojev-2960099140\" class=\"mojev-kraj-teksta mojev-entity-placement\" style=\"margin-bottom: 20px;margin-left: auto;margin-right: auto;text-align: center;\"><div class=\"mojev-adlabel\">oglas<\/div><div style=\"height: 250px;\"><script async src=\"https:\/\/pagead2.googlesyndication.com\/pagead\/js\/adsbygoogle.js?client=ca-pub-8106111766207173\"\r\n     crossorigin=\"anonymous\"><\/script>\r\n<!-- Display-1 -->\r\n<ins class=\"adsbygoogle\"\r\n     style=\"display:block\"\r\n     data-ad-client=\"ca-pub-8106111766207173\"\r\n     data-ad-slot=\"1465712950\"\r\n     data-ad-format=\"auto\"\r\n     data-full-width-responsive=\"true\"><\/ins>\r\n<script>\r\n     (adsbygoogle = window.adsbygoogle || []).push({});\r\n<\/script><\/div><\/div>","protected":false},"excerpt":{"rendered":"<p>Prosvjed za ve\u0107e mirovine i pla\u0107e okupio je oko 20.000 ljudi, \u0161to Vi\u0161nja Stani\u0161i\u0107 smatra va\u017enim iskorakom. Ipak, upozorava da mnogi i dalje \u0161ute, \u010dekaju da netko drugi rije\u0161i njihove probleme i okre\u0107u se protiv onih koji poku\u0161avaju ne\u0161to organizirati.<\/p>\n","protected":false},"author":1,"featured_media":152370,"comment_status":"closed","ping_status":"closed","sticky":false,"template":"","format":"standard","meta":{"footnotes":""},"categories":[9],"tags":[18,687,1684],"class_list":["post-153073","post","type-post","status-publish","format-standard","has-post-thumbnail","hentry","category-vijesti","tag-mirovine","tag-prosvjedi","tag-visnja-stanisic"],"_links":{"self":[{"href":"https:\/\/www.mojevrijeme.hr\/magazin\/wp-json\/wp\/v2\/posts\/153073","targetHints":{"allow":["GET"]}}],"collection":[{"href":"https:\/\/www.mojevrijeme.hr\/magazin\/wp-json\/wp\/v2\/posts"}],"about":[{"href":"https:\/\/www.mojevrijeme.hr\/magazin\/wp-json\/wp\/v2\/types\/post"}],"author":[{"embeddable":true,"href":"https:\/\/www.mojevrijeme.hr\/magazin\/wp-json\/wp\/v2\/users\/1"}],"replies":[{"embeddable":true,"href":"https:\/\/www.mojevrijeme.hr\/magazin\/wp-json\/wp\/v2\/comments?post=153073"}],"version-history":[{"count":3,"href":"https:\/\/www.mojevrijeme.hr\/magazin\/wp-json\/wp\/v2\/posts\/153073\/revisions"}],"predecessor-version":[{"id":153076,"href":"https:\/\/www.mojevrijeme.hr\/magazin\/wp-json\/wp\/v2\/posts\/153073\/revisions\/153076"}],"wp:featuredmedia":[{"embeddable":true,"href":"https:\/\/www.mojevrijeme.hr\/magazin\/wp-json\/wp\/v2\/media\/152370"}],"wp:attachment":[{"href":"https:\/\/www.mojevrijeme.hr\/magazin\/wp-json\/wp\/v2\/media?parent=153073"}],"wp:term":[{"taxonomy":"category","embeddable":true,"href":"https:\/\/www.mojevrijeme.hr\/magazin\/wp-json\/wp\/v2\/categories?post=153073"},{"taxonomy":"post_tag","embeddable":true,"href":"https:\/\/www.mojevrijeme.hr\/magazin\/wp-json\/wp\/v2\/tags?post=153073"}],"curies":[{"name":"wp","href":"https:\/\/api.w.org\/{rel}","templated":true}]}}