{"id":153083,"date":"2026-04-29T20:48:56","date_gmt":"2026-04-29T18:48:56","guid":{"rendered":"https:\/\/www.mojevrijeme.hr\/magazin\/?p=153083"},"modified":"2026-04-29T21:21:01","modified_gmt":"2026-04-29T19:21:01","slug":"nada-mirovina-mi-je-mala-ali-ne-toliko-da-bih-izasla-na-prosvjed","status":"publish","type":"post","link":"https:\/\/www.mojevrijeme.hr\/magazin\/2026\/04\/nada-mirovina-mi-je-mala-ali-ne-toliko-da-bih-izasla-na-prosvjed\/","title":{"rendered":"Nada: Mirovina mi je mala, ali ne toliko da bih iza\u0161la na prosvjed"},"content":{"rendered":"\n<p>Pozvali su nas umirovljenike na prosvjed za ve\u0107e mirovine. Ka\u017eu na MojeVrijeme.HR da treba poslati poruku. Nisam ja protiv poruke. Imam ih puno i cijeli \u017eivot \u0161aljem poruke. Iz fotelje. Kad Plenkovi\u0107 ne\u0161to ka\u017ee na televizoru, ja mu odgovorim: &#8220;Ma nemoj!&#8221; To je va\u017ena poruka.<\/p>\n\n\n\n<p>Odmah sam rekla: Ne idem! Kao prvo, zato \u0161to se ionako ni\u0161ta ne\u0107e promijeniti. Nisam i\u0161la, ali znam. Nisam sudjelovala, ali imam mi\u0161ljenje. Nisam vrisnula &#8220;dolje Vlada&#8221;, ali znam da sam unaprijed razo\u010darana. R.A.Z.O.\u010c.A.R.A.N.A. I uvrije\u0111ena. To je moje agregatno stanje.<\/p>\n\n\n\n<h2 class=\"wp-block-heading\">Ne\u0107u sindikate!<\/h2>\n\n\n\n<p>Osim toga, ne volim sindikate. Ne znam to\u010dno za\u0161to, ali ne volim ih. Taj Sindikat umirovljenika Hrvatske stalno ne\u0161to tra\u017ei, pi\u0161e, poziva, organizira. Meni je to, matere ti, naporno. Kad vidim njihovu predsjednicu, onu blondu, stalno ho\u0107e ve\u0107e penzije, a sad bi i K-15 za umirovljenike. Jo\u0161 malo pa \u0107e tra\u017eiti i dje\u010dji doplatak! N.A.P.O.R.N.A. je.<\/p><div id=\"mojev-2193362768\" class=\"mojev-u-tekstu mojev-entity-placement\" style=\"margin-left: auto;margin-right: auto;text-align: center;\"><div class=\"mojev-adlabel\">oglas<\/div><div style=\"height: 250px;\"><script async src=\"https:\/\/pagead2.googlesyndication.com\/pagead\/js\/adsbygoogle.js?client=ca-pub-8106111766207173\"\r\n     crossorigin=\"anonymous\"><\/script>\r\n<!-- Prikazni 1 u tekstu -->\r\n<ins class=\"adsbygoogle\"\r\n     style=\"display:block\"\r\n     data-ad-client=\"ca-pub-8106111766207173\"\r\n     data-ad-slot=\"8535551207\"\r\n     data-ad-format=\"auto\"\r\n     data-full-width-responsive=\"true\"><\/ins>\r\n<script>\r\n     (adsbygoogle = window.adsbygoogle || []).push({});\r\n<\/script><\/div><\/div><br style=\"clear: both; display: block; float: none;\"\/>\n\n\n\n<p>Nemam ja ni\u0161ta protiv toga da se netko izbori za mene. Ali bi mi bilo drago da pritom ne izgleda kao sindikat, ne govori kao sindikat i ne tra\u017ei da ja iza\u0111em iz ku\u0107e. Uostalom, ka\u017ee \u0160pika da je Sindikat zapravo udruga. A svi znamo da umirovljeni\u010dkih udruga ima previ\u0161e. Istina, ne bih sad znala nabrojati tri, ali osje\u0107a se u zraku da ih ima puno previ\u0161e. Jel tako?<\/p>\n\n\n\n<h2 class=\"wp-block-heading\">Bolje da ja dobijem manje&#8230;<\/h2>\n\n\n\n<p>Ne idem ni zato \u0161to \u0107e, ako se mirovine pove\u0107aju u postotku, oni s ve\u0107im mirovinama dobiti vi\u0161e. E, pa ne\u0107emo tako! Za\u0161to bih ja stajala na Trgu da netko s mirovinom od dvije tisu\u0107e eura dobije vi\u0161e od mene? \u0160to sam ja, humanitarna organizacija za bolje stoje\u0107e umirovljenike? Radije nek&#8217; ja imam 100 eura manje nego da drugi imaju 200 eura vi\u0161e. Po\u0161teno sam rekla, ne glumim.<\/p>\n\n\n\n<p>Ne volim ni Zagreb. Sve je uvijek u Zagrebu. Prosvjed u Zagrebu, ministarstvo u Zagrebu, televizije u Zagrebu, najve\u0107i porez u Zagrebu, prometni kolaps u Zagrebu, najskuplji kvadrati u Zagrebu, potres u Zagrebu, sve se naguralo u Zagreb. Za\u0161to se prosvjed nije organizirao u Donjem Miholjcu? Evo, ja ne bih do\u0161la, ali bilo bi mi drago. Va\u017eno mi je da sam iz dnevnog boravka otvorila regionalni aspekt tog problema. Hvala vam na prilici.<\/p>\n\n\n\n<h2 class=\"wp-block-heading\">Nisu ispunili kriterije<\/h2>\n\n\n\n<p>Ja mislim da ni ta organizacija nije bila ba\u0161 bogzna \u0161to. Sin mi ka\u017ee: &#8220;Mama, ali prosvjed je organiziran. Pozvali su preko svih medija. \u0160to bi ti jo\u0161 htjela?&#8221; Pa ne znam to\u010dno, ali osje\u0107am da organizacija nije bila dovoljno dobra.<\/p>\n\n\n\n<p>Nitko me nije osobno nazvao, nije mi poslao autobus pred zgradu, nije provjerio jesam li ponijela vodu, nije mi rezervirao mjesto u hladu i nije mi objasnio \u0161to se radi ako me uhvati potreba usred gra\u0111anskog bunta. A opet, kad bolje razmislim, da su sve to napravili, i dalje mi se ne bi dalo. Ne bi i <em>\u0161lus<\/em>.<\/p>\n\n\n\n<p>Nekako si mislim da mo\u017ee biti gore. Volim tu re\u010denicu koja je spasila mnoge vlade, brakove i obiteljske odnose. Mirovine su male, ali mogu biti manje. Cijene su visoke, ali mogu biti vi\u0161e. Lijekovi su skupi, ali mo\u017ee ih i nestati. Onda ni velike penzije ne bi pomogle. Glupo mi je prosvjedovati ako mi netko ne garantira da \u0107e rezultat biti sto posto savr\u0161en i dati odgovor na najkriznije situacije.<\/p>\n\n\n\n<h2 class=\"wp-block-heading\">Sve \u0161to rade je bezveze<\/h2>\n\n\n\n<p>Znam da bi trebalo ne\u0161to poduzeti, ali volim kad se netko drugi sva\u0111a, da netko drugi nosi transparente, da drugi trpi komentare, drugi stoji na suncu, drugi broji ljude, drugi odgovara na pitanje za\u0161to ih nije bilo vi\u0161e. A ja poslije mogu lijepo re\u0107i da je sve to slabo, neuvjerljivo i da se tako ne radi ozbiljan pritisak na Plenkovi\u0107a. Ne znam \u0161to bih ja to\u010dno napravila, osim \u0161to bih, naravno, svima objasnila za\u0161to ovo \u0161to rade nema smisla.<\/p>\n\n\n\n<p>I tako nisam do\u0161la. Ne zato \u0161to mi je dobro, nego zato \u0161to mi je dovoljno lo\u0161e da se \u017ealim, ali ne toliko lo\u0161e da si naru\u0161im komociju. Jedan je \u017eivot, treba birati prioritete. A ako se mirovine jednom ipak pove\u0107aju, ja \u0107u, naravno, primiti svoj dio. Nisam valjda luda da odbijem. Ali bit \u0107u nezadovoljna, obe\u0107ajem.   I <em>\u017eugat <\/em>\u0107u da nije dovoljno. Jer takva sam vam ja: protiv svega, osim protiv uplate.<\/p>\n\n\n\n<p>Nisam ni protiv pisanja kritika na Facebooku, normalno. To mi ide najbolje. Va\u0161a Nada.<\/p>\n\n\n\n<p><em>Tekst je satiri\u010dan, Nada je izmi\u0161ljeni lik, a svaka sli\u010dnost sa stvarnim osobama je namjerna.<\/em><\/p>\n\n\n\n<div id=\"crveno\"><\/p>\n\n\n\n<h3 class=\"wp-block-heading\">Zanima nas va\u0161a pri\u010da<\/h3>\n\n\n\n<p>\u017delite li i vi, posve anonimno, podijeliti svoje iskustvo i vi\u0111enje ove teme s nama i na\u0161im \u010ditateljima, mo\u017eete to u\u010diniti putem web obrasca <a rel=\"noreferrer noopener\" href=\"https:\/\/www.mojevrijeme.hr\/magazin\/povjerljivo\/\" target=\"_blank\">Povjerljivo<\/a>. Napi\u0161ite svoju pri\u010du!<\/p>\n\n\n\n<p><\/div>\n<div id=\"mojev-3368598280\" class=\"mojev-kraj-teksta mojev-entity-placement\" style=\"margin-bottom: 20px;margin-left: auto;margin-right: auto;text-align: center;\"><div class=\"mojev-adlabel\">oglas<\/div><div style=\"height: 250px;\"><script async src=\"https:\/\/pagead2.googlesyndication.com\/pagead\/js\/adsbygoogle.js?client=ca-pub-8106111766207173\"\r\n     crossorigin=\"anonymous\"><\/script>\r\n<!-- Display-1 -->\r\n<ins class=\"adsbygoogle\"\r\n     style=\"display:block\"\r\n     data-ad-client=\"ca-pub-8106111766207173\"\r\n     data-ad-slot=\"1465712950\"\r\n     data-ad-format=\"auto\"\r\n     data-full-width-responsive=\"true\"><\/ins>\r\n<script>\r\n     (adsbygoogle = window.adsbygoogle || []).push({});\r\n<\/script><\/div><\/div>","protected":false},"excerpt":{"rendered":"<p>Umirovljenica Nada obja\u0161njava za\u0161to nije oti\u0161la na prosvjed za ve\u0107e mirovine. Nije protiv pove\u0107anja, ali jest protiv izlaska iz ku\u0107e, sindikata, Zagreba, organizacije i svega \u0161to bi moglo naru\u0161iti njezinu komociju.<\/p>\n","protected":false},"author":1,"featured_media":139902,"comment_status":"closed","ping_status":"closed","sticky":false,"template":"","format":"standard","meta":{"footnotes":""},"categories":[2],"tags":[560,1082,687],"class_list":["post-153083","post","type-post","status-publish","format-standard","has-post-thumbnail","hentry","category-mozaik","tag-humor","tag-komentar","tag-prosvjedi"],"_links":{"self":[{"href":"https:\/\/www.mojevrijeme.hr\/magazin\/wp-json\/wp\/v2\/posts\/153083","targetHints":{"allow":["GET"]}}],"collection":[{"href":"https:\/\/www.mojevrijeme.hr\/magazin\/wp-json\/wp\/v2\/posts"}],"about":[{"href":"https:\/\/www.mojevrijeme.hr\/magazin\/wp-json\/wp\/v2\/types\/post"}],"author":[{"embeddable":true,"href":"https:\/\/www.mojevrijeme.hr\/magazin\/wp-json\/wp\/v2\/users\/1"}],"replies":[{"embeddable":true,"href":"https:\/\/www.mojevrijeme.hr\/magazin\/wp-json\/wp\/v2\/comments?post=153083"}],"version-history":[{"count":18,"href":"https:\/\/www.mojevrijeme.hr\/magazin\/wp-json\/wp\/v2\/posts\/153083\/revisions"}],"predecessor-version":[{"id":153109,"href":"https:\/\/www.mojevrijeme.hr\/magazin\/wp-json\/wp\/v2\/posts\/153083\/revisions\/153109"}],"wp:featuredmedia":[{"embeddable":true,"href":"https:\/\/www.mojevrijeme.hr\/magazin\/wp-json\/wp\/v2\/media\/139902"}],"wp:attachment":[{"href":"https:\/\/www.mojevrijeme.hr\/magazin\/wp-json\/wp\/v2\/media?parent=153083"}],"wp:term":[{"taxonomy":"category","embeddable":true,"href":"https:\/\/www.mojevrijeme.hr\/magazin\/wp-json\/wp\/v2\/categories?post=153083"},{"taxonomy":"post_tag","embeddable":true,"href":"https:\/\/www.mojevrijeme.hr\/magazin\/wp-json\/wp\/v2\/tags?post=153083"}],"curies":[{"name":"wp","href":"https:\/\/api.w.org\/{rel}","templated":true}]}}