{"id":153114,"date":"2026-04-30T11:08:51","date_gmt":"2026-04-30T09:08:51","guid":{"rendered":"https:\/\/www.mojevrijeme.hr\/magazin\/?p=153114"},"modified":"2026-04-30T11:08:52","modified_gmt":"2026-04-30T09:08:52","slug":"nekim-novim-umirovljenicima-mirovina-se-racuna-po-deset-najpovoljnijih-godina","status":"publish","type":"post","link":"https:\/\/www.mojevrijeme.hr\/magazin\/2026\/04\/nekim-novim-umirovljenicima-mirovina-se-racuna-po-deset-najpovoljnijih-godina\/","title":{"rendered":"Nekim novim umirovljenicima mirovina se ra\u010duna po deset najpovoljnijih godina"},"content":{"rendered":"\n<p>Samo 30 umirovljenika u Hrvatskoj prima &#8220;povla\u0161tenu&#8221; mirovinu odre\u0111enu prema Zakonu o kazali\u0161tima. Svi su u starosnoj mirovini, pokazuju slu\u017ebeni podaci Hrvatskog zavoda za mirovinsko osiguranje (HZMO) o mirovinama za sije\u010danj, ispla\u0107enima u velja\u010di.<\/p>\n\n\n\n<p>Prosje\u010dna neto mirovina u ovoj skupini mirovina prema posebnim propisima iznosi 1.186,85 eura i ne mogu je dobiti svi kazali\u0161ni umjetnici. Zakon ih propisuje za baletne i plesne kazali\u0161ne umjetnike zaposlene u izvo\u0111a\u010dkom dijelu ansambla te za plesa\u010de-pjeva\u010de Ansambla Lado.<\/p>\n\n\n\n<h2 class=\"wp-block-heading\">Po \u010demu su povla\u0161teni?<\/h2>\n\n\n\n<p>Baletni i plesni kazali\u0161ni umjetnici mogu ostvariti pravo na starosnu mirovinu bez obzira na godine \u017eivota kada navr\u0161e najmanje 40 godina mirovinskog sta\u017ea, uklju\u010duju\u0107i sta\u017e osiguranja s pove\u0107anim trajanjem &#8211; beneficirani sta\u017e. Pritom najmanje 20 godina mora biti stvarno provedeno na tim poslovima.<\/p><div id=\"mojev-3255260681\" class=\"mojev-u-tekstu mojev-entity-placement\" style=\"margin-left: auto;margin-right: auto;text-align: center;\"><div class=\"mojev-adlabel\">oglas<\/div><div style=\"height: 250px;\"><script async src=\"https:\/\/pagead2.googlesyndication.com\/pagead\/js\/adsbygoogle.js?client=ca-pub-8106111766207173\"\r\n     crossorigin=\"anonymous\"><\/script>\r\n<!-- Prikazni 1 u tekstu -->\r\n<ins class=\"adsbygoogle\"\r\n     style=\"display:block\"\r\n     data-ad-client=\"ca-pub-8106111766207173\"\r\n     data-ad-slot=\"8535551207\"\r\n     data-ad-format=\"auto\"\r\n     data-full-width-responsive=\"true\"><\/ins>\r\n<script>\r\n     (adsbygoogle = window.adsbygoogle || []).push({});\r\n<\/script><\/div><\/div><br style=\"clear: both; display: block; float: none;\"\/>\n\n\n\n<p>Za plesa\u010de-pjeva\u010de Ansambla Lado uvjet je vi\u0161i. Oni u starosnu mirovinu, tako\u0111er bez obzira na godine \u017eivota, mogu kada navr\u0161e najmanje 45 godina mirovinskog sta\u017ea, uklju\u010duju\u0107i sta\u017e s pove\u0107anim trajanjem, od \u010dega najmanje 25 godina mora biti stvarno provedeno na tim poslovima.<\/p>\n\n\n\n<h2 class=\"wp-block-heading\">Deset najpovoljnijih godina<\/h2>\n\n\n\n<p>Zakon propisuje i povoljniji izra\u010dun. Vrijednosni bodovi odre\u0111uju se prema najpovoljnijih uzastopnih deset kalendarskih godina od 1998. nadalje, a osobni bodovi potom se uve\u0107avaju za 45 posto. Tako izra\u010dunata mirovina zatim se smanjuje po propisanim razredima, ali ne mo\u017ee biti ni\u017ea od mirovine koja bi korisniku pripadala prema op\u0107im propisima.<\/p>\n\n\n\n<p>Povla\u0161teni dio tih mirovina Hrvatska osigurava iz prora\u010dunskih sredstava, a tako umirovljeni umjetnici mogu se zaposliti na pola radnog vremena bez obustave isplate mirovine. Glumci i ostali kazali\u0161ni radnici odlaze u mirovinu po op\u0107im propisima, osim ako zakon izrijekom ne odre\u0111uje druk\u010dije.<\/p>\n<div id=\"mojev-1598621433\" class=\"mojev-kraj-teksta mojev-entity-placement\" style=\"margin-bottom: 20px;margin-left: auto;margin-right: auto;text-align: center;\"><div class=\"mojev-adlabel\">oglas<\/div><div style=\"height: 250px;\"><script async src=\"https:\/\/pagead2.googlesyndication.com\/pagead\/js\/adsbygoogle.js?client=ca-pub-8106111766207173\"\r\n     crossorigin=\"anonymous\"><\/script>\r\n<!-- Display-1 -->\r\n<ins class=\"adsbygoogle\"\r\n     style=\"display:block\"\r\n     data-ad-client=\"ca-pub-8106111766207173\"\r\n     data-ad-slot=\"1465712950\"\r\n     data-ad-format=\"auto\"\r\n     data-full-width-responsive=\"true\"><\/ins>\r\n<script>\r\n     (adsbygoogle = window.adsbygoogle || []).push({});\r\n<\/script><\/div><\/div>","protected":false},"excerpt":{"rendered":"<p>Mirovina im se ra\u010duna povoljnije nego obi\u010dna starosna mirovina: uzima se deset najpovoljnijih uzastopnih godina od 1998. nadalje. Takvu mirovinu prima samo 30 ljudi u Hrvatskoj.<\/p>\n","protected":false},"author":1,"featured_media":153120,"comment_status":"closed","ping_status":"closed","sticky":false,"template":"","format":"standard","meta":{"footnotes":""},"categories":[9],"tags":[168,18,934],"class_list":["post-153114","post","type-post","status-publish","format-standard","has-post-thumbnail","hentry","category-vijesti","tag-kazaliste","tag-mirovine","tag-povlastene-mirovine"],"_links":{"self":[{"href":"https:\/\/www.mojevrijeme.hr\/magazin\/wp-json\/wp\/v2\/posts\/153114","targetHints":{"allow":["GET"]}}],"collection":[{"href":"https:\/\/www.mojevrijeme.hr\/magazin\/wp-json\/wp\/v2\/posts"}],"about":[{"href":"https:\/\/www.mojevrijeme.hr\/magazin\/wp-json\/wp\/v2\/types\/post"}],"author":[{"embeddable":true,"href":"https:\/\/www.mojevrijeme.hr\/magazin\/wp-json\/wp\/v2\/users\/1"}],"replies":[{"embeddable":true,"href":"https:\/\/www.mojevrijeme.hr\/magazin\/wp-json\/wp\/v2\/comments?post=153114"}],"version-history":[{"count":6,"href":"https:\/\/www.mojevrijeme.hr\/magazin\/wp-json\/wp\/v2\/posts\/153114\/revisions"}],"predecessor-version":[{"id":153121,"href":"https:\/\/www.mojevrijeme.hr\/magazin\/wp-json\/wp\/v2\/posts\/153114\/revisions\/153121"}],"wp:featuredmedia":[{"embeddable":true,"href":"https:\/\/www.mojevrijeme.hr\/magazin\/wp-json\/wp\/v2\/media\/153120"}],"wp:attachment":[{"href":"https:\/\/www.mojevrijeme.hr\/magazin\/wp-json\/wp\/v2\/media?parent=153114"}],"wp:term":[{"taxonomy":"category","embeddable":true,"href":"https:\/\/www.mojevrijeme.hr\/magazin\/wp-json\/wp\/v2\/categories?post=153114"},{"taxonomy":"post_tag","embeddable":true,"href":"https:\/\/www.mojevrijeme.hr\/magazin\/wp-json\/wp\/v2\/tags?post=153114"}],"curies":[{"name":"wp","href":"https:\/\/api.w.org\/{rel}","templated":true}]}}