{"id":153132,"date":"2026-05-01T09:15:38","date_gmt":"2026-05-01T07:15:38","guid":{"rendered":"https:\/\/www.mojevrijeme.hr\/magazin\/?p=153132"},"modified":"2026-05-01T09:15:40","modified_gmt":"2026-05-01T07:15:40","slug":"stanisic-skromnost-nakon-43-godine-staza-nije-vrlina-nego-ponizenje","status":"publish","type":"post","link":"https:\/\/www.mojevrijeme.hr\/magazin\/2026\/05\/stanisic-skromnost-nakon-43-godine-staza-nije-vrlina-nego-ponizenje\/","title":{"rendered":"Stani\u0161i\u0107: Skromnost nakon 43 godine sta\u017ea nije vrlina, nego poni\u017eenje"},"content":{"rendered":"\n<p>Predsjednica Sindikata umirovljenika Hrvatske (SUH) Vi\u0161nja Stani\u0161i\u0107 komentirala je normalizaciju siroma\u0161tva, sve prisutniju pojavu u hrvatskom dru\u0161tvu, a kojom se \u017eivot na minimumu prikazuje kao vrlina skromnosti.<\/p>\n\n\n\n<p>&#8220;Osim siroma\u0161tva koje vi\u0161e nije znak za ljudsku osjetljivost, uzbunu, pomo\u0107, nametnuo nam se i taj novi, nakaradni duh definicije skromnosti. Ta sramota se poku\u0161ava ukorijeniti kao izuzetna ljudska i gra\u0111anska vrlina \u2013 da budemo tihi, nevidljivi, zadovoljni mrvicama. Poku\u0161avaju nas uvjeriti da je normalno da umirovljenik ni\u0161ta ne tra\u017ei, kao da su na\u0161e potrebe i prava nestali onog dana kada smo dobili rje\u0161enje o mirovini&#8221;, kazala je Stani\u0161i\u0107 u razgovoru za <a href=\"https:\/\/www.portalnovosti.com\/visnja-stanisic-drustvom-je-zavladala-opasna-pasivnost\/\" target=\"_blank\" rel=\"noreferrer noopener\">Novosti<\/a>.<\/p>\n\n\n\n<p>Ka\u017ee, skromnost nije vrlina ako je rezultat 43 godine sta\u017ea nakon kojih si umirovljenici ne mogu priu\u0161titi stara\u010dki dom ili lijekove. &#8220;To nije skromnost, to je poni\u017eenje. Ako mi trebaju kulturni doga\u0111aji, ako \u017eelim oti\u0107i na na\u0161e more, pa ne idem na Bali, to nije baha\u0107enje&#8221;, dodaje.<\/p><div id=\"mojev-3027228753\" class=\"mojev-u-tekstu mojev-entity-placement\" style=\"margin-left: auto;margin-right: auto;text-align: center;\"><div class=\"mojev-adlabel\">oglas<\/div><div style=\"height: 250px;\"><script async src=\"https:\/\/pagead2.googlesyndication.com\/pagead\/js\/adsbygoogle.js?client=ca-pub-8106111766207173\"\r\n     crossorigin=\"anonymous\"><\/script>\r\n<!-- Prikazni 1 u tekstu -->\r\n<ins class=\"adsbygoogle\"\r\n     style=\"display:block\"\r\n     data-ad-client=\"ca-pub-8106111766207173\"\r\n     data-ad-slot=\"8535551207\"\r\n     data-ad-format=\"auto\"\r\n     data-full-width-responsive=\"true\"><\/ins>\r\n<script>\r\n     (adsbygoogle = window.adsbygoogle || []).push({});\r\n<\/script><\/div><\/div><br style=\"clear: both; display: block; float: none;\"\/>\n\n\n\n<p>Predsjednica SUH-a ka\u017ee i da se promijenio mentalitet pa se prosvjed vi\u0161e ne do\u017eivljava kao \u010din otpora. &#8220;Dok gledamo kako su u Europi ulice pune, kod nas izgleda kao da dobro \u017eivimo. Zapravo je na djelu opasna pasivnost \u2013 uvjerenje da \u0107e netko drugi rije\u0161iti na\u0161e probleme. To je ta lako\u0107a filozofiranja: pustite me na miru, a sutra \u0107u kukati i pljuvati pod la\u017enim profilom na dru\u0161tvenim mre\u017eama.&#8221;<\/p>\n\n\n\n<p>&#8220;Nama sindikatima snaga komunikacije s Vladom ovisi o broju ljudi na ulici, na prosvjedu. Da je, recimo, na posljednjem prosvjedu bilo 50.000 ljudi, mogla bih stati pred premijera s o\u0161trim zahtjevima. Nekada smo probijali policijske koridore da bismo do\u0161li na Trg bana Jela\u010di\u0107a, a danas se svatko bori isklju\u010divo samo za sebe. Svi smo gledali kako se firme uni\u0161tavaju i \u0161utjeli smo misle\u0107i da se to doga\u0111a nekom drugom&#8221;, nastavlja. <\/p>\n\n\n\n<p>&#8220;Nitko nije htio u prosvjed da bi se to sprije\u010dilo u korijenu. Tek kada je voda do\u0161la do grla, ljudi su se sjetili borbe, ali tada je bilo prekasno. Otpor je uvijek kretao s fakulteta, od mladih ljudi koji su imali \u017ear borbe za bolje sutra. Danas u svim dru\u0161tvenim slojevima, pa i me\u0111u mladima, vlada ona &#8216;u se, na se i poda se&#8217;. Mladi su danas prihvatili logiku: tko \u017eiv, tko mrtav, \u0161to me briga, do mirovine \u0107u biti mrtav. I ja sam tako mislila, ali evo me. Brzo do\u0111e to vrijeme&#8221;, zaklju\u010duje. Stani\u0161i\u0107.<\/p>\n<div id=\"mojev-4232750619\" class=\"mojev-kraj-teksta mojev-entity-placement\" style=\"margin-bottom: 20px;margin-left: auto;margin-right: auto;text-align: center;\"><div class=\"mojev-adlabel\">oglas<\/div><div style=\"height: 250px;\"><script async src=\"https:\/\/pagead2.googlesyndication.com\/pagead\/js\/adsbygoogle.js?client=ca-pub-8106111766207173\"\r\n     crossorigin=\"anonymous\"><\/script>\r\n<!-- Display-1 -->\r\n<ins class=\"adsbygoogle\"\r\n     style=\"display:block\"\r\n     data-ad-client=\"ca-pub-8106111766207173\"\r\n     data-ad-slot=\"1465712950\"\r\n     data-ad-format=\"auto\"\r\n     data-full-width-responsive=\"true\"><\/ins>\r\n<script>\r\n     (adsbygoogle = window.adsbygoogle || []).push({});\r\n<\/script><\/div><\/div>","protected":false},"excerpt":{"rendered":"<p>Predsjednica SUH-a Vi\u0161nja Stani\u0161i\u0107 upozorava da se siroma\u0161tvo umirovljenika sve \u010de\u0161\u0107e prikazuje kao skromnost. \u017divot nakon desetlje\u0107a rada, ka\u017ee, ne smije se svesti na \u0161utnju, mrvice i odricanje od osnovnih potreba.<\/p>\n","protected":false},"author":1,"featured_media":150411,"comment_status":"closed","ping_status":"closed","sticky":false,"template":"","format":"standard","meta":{"footnotes":""},"categories":[9],"tags":[18,4935,687,1684],"class_list":["post-153132","post","type-post","status-publish","format-standard","has-post-thumbnail","hentry","category-vijesti","tag-mirovine","tag-normalizacija-siromastva","tag-prosvjedi","tag-visnja-stanisic"],"_links":{"self":[{"href":"https:\/\/www.mojevrijeme.hr\/magazin\/wp-json\/wp\/v2\/posts\/153132","targetHints":{"allow":["GET"]}}],"collection":[{"href":"https:\/\/www.mojevrijeme.hr\/magazin\/wp-json\/wp\/v2\/posts"}],"about":[{"href":"https:\/\/www.mojevrijeme.hr\/magazin\/wp-json\/wp\/v2\/types\/post"}],"author":[{"embeddable":true,"href":"https:\/\/www.mojevrijeme.hr\/magazin\/wp-json\/wp\/v2\/users\/1"}],"replies":[{"embeddable":true,"href":"https:\/\/www.mojevrijeme.hr\/magazin\/wp-json\/wp\/v2\/comments?post=153132"}],"version-history":[{"count":2,"href":"https:\/\/www.mojevrijeme.hr\/magazin\/wp-json\/wp\/v2\/posts\/153132\/revisions"}],"predecessor-version":[{"id":153134,"href":"https:\/\/www.mojevrijeme.hr\/magazin\/wp-json\/wp\/v2\/posts\/153132\/revisions\/153134"}],"wp:featuredmedia":[{"embeddable":true,"href":"https:\/\/www.mojevrijeme.hr\/magazin\/wp-json\/wp\/v2\/media\/150411"}],"wp:attachment":[{"href":"https:\/\/www.mojevrijeme.hr\/magazin\/wp-json\/wp\/v2\/media?parent=153132"}],"wp:term":[{"taxonomy":"category","embeddable":true,"href":"https:\/\/www.mojevrijeme.hr\/magazin\/wp-json\/wp\/v2\/categories?post=153132"},{"taxonomy":"post_tag","embeddable":true,"href":"https:\/\/www.mojevrijeme.hr\/magazin\/wp-json\/wp\/v2\/tags?post=153132"}],"curies":[{"name":"wp","href":"https:\/\/api.w.org\/{rel}","templated":true}]}}