{"id":153135,"date":"2026-05-01T11:11:21","date_gmt":"2026-05-01T09:11:21","guid":{"rendered":"https:\/\/www.mojevrijeme.hr\/magazin\/?p=153135"},"modified":"2026-05-01T11:21:53","modified_gmt":"2026-05-01T09:21:53","slug":"ukidanje-penalizacije-nekima-nije-povecalo-mirovinu-hzmo-objasnio-zasto","status":"publish","type":"post","link":"https:\/\/www.mojevrijeme.hr\/magazin\/2026\/05\/ukidanje-penalizacije-nekima-nije-povecalo-mirovinu-hzmo-objasnio-zasto\/","title":{"rendered":"Ukidanje penalizacije nije svima pove\u0107alo mirovinu: HZMO objasnio za\u0161to"},"content":{"rendered":"\n<p>&#8220;\u010cekala sam ukidanje penalizacije, ali na mirovini mi se vidi samo uskla\u0111ivanje. Jo\u0161 uvijek sam ispod 600 eura&#8221;, ka\u017ee na\u0161a \u010ditateljica <strong>Marija<\/strong> (78). I nije jedina. Jo\u0161 su nam se neki umirovljenici potu\u017eili da su se poveselili ukidanju penalizacije, ali da im mirovina nije uve\u0107ana.<\/p>\n\n\n\n<p>Podsjetimo, u Europi ve\u0107ina zemalja ima znatno ja\u010du i trajnu penalizaciju, no Hrvatska je odabrala druga\u010diji put i od 1. sije\u010dnja 2026. godine penalizacija se ukida za one koji su navr\u0161ili 70 godina \u017eivota. \u201cZato jer na\u0161i prijevremeni umirovljenici nisu birali, nego su morali oti\u0107i u prijevremenu starosnu mirovinu\u201d, objasnio je <strong>Sre\u0107ko Vukovi\u0107<\/strong>, zamjenik ravnatelja Hrvatskog zavoda za mirovinsko osiguranje. Vi\u0161e o tome pro\u010ditajte na <a href=\"https:\/\/www.mojevrijeme.hr\/magazin\/2026\/03\/hrvatska-brise-penalizaciju-mirovina-sa-70-ali-ipak-ne-svima\/\">ovoj poveznici<\/a>.<\/p>\n\n\n\n<p>\u0160to se onda dogodilo na\u0161oj \u010ditateljici Mariji i za\u0161to njezina prijevremena mirovina nije porasla, budu\u0107i da zadovoljava kriterij starosti? Kako su nam objasnili iz Hrvatskog zavoda za mirovinsko osiguranje (HZMO), kod dijela korisnika ukidanje penalizacije ne dovodi do ve\u0107eg iznosa jer im je nakon novog izra\u010duna povoljnija mirovina koju ve\u0107 primaju.<\/p><div id=\"mojev-311414481\" class=\"mojev-u-tekstu mojev-entity-placement\" style=\"margin-left: auto;margin-right: auto;text-align: center;\"><div class=\"mojev-adlabel\">oglas<\/div><div style=\"height: 250px;\"><script async src=\"https:\/\/pagead2.googlesyndication.com\/pagead\/js\/adsbygoogle.js?client=ca-pub-8106111766207173\"\r\n     crossorigin=\"anonymous\"><\/script>\r\n<!-- Prikazni 1 u tekstu -->\r\n<ins class=\"adsbygoogle\"\r\n     style=\"display:block\"\r\n     data-ad-client=\"ca-pub-8106111766207173\"\r\n     data-ad-slot=\"8535551207\"\r\n     data-ad-format=\"auto\"\r\n     data-full-width-responsive=\"true\"><\/ins>\r\n<script>\r\n     (adsbygoogle = window.adsbygoogle || []).push({});\r\n<\/script><\/div><\/div><br style=\"clear: both; display: block; float: none;\"\/>\n\n\n\n<h2 class=\"wp-block-heading\">Neke najni\u017ee prijevremene mirovine ve\u0107 su bile bez penalizacije<\/h2>\n\n\n\n<p>&#8220;Prema izvornoj odredbi Zakona o mirovinskom osiguranju koja je bila na snazi od 1. sije\u010dnja 1999. do 17. prosinca 2002. godine, najni\u017ea mirovina korisnika prijevremene starosne mirovine odre\u0111ivala se samo primjenom mirovinskog faktora, bez primjene polaznog faktora, tako da je najni\u017ea mirovina tim korisnicima odre\u0111ena bez umanjenja&#8221;, stoji u obja\u0161njenju.<\/p>\n\n\n\n<p>Naime, polazni faktor 1,0 se umanjuje za svaki mjesec prijevremenog umirovljenja i on predstavlja stopu penalizacije u izra\u010dunu mirovine, \u010dak i kada se radi o mirovinama za\u0161ti\u0107enim institutom najni\u017ee mirovine. <strong>Osim <\/strong>ako se ne radi o umirovljenicima koji su se umirovili tijekom spomenutog kratkog razdoblja.<\/p>\n\n\n\n<p>Slijedom navedenog, nekim korisnicima prijevremene starosne mirovine koji su navr\u0161ili 70 godina \u017eivota, a koji su mirovinu ostvarili u razdoblju od 1. sije\u010dnja 1999. do 17. prosinca 2002. godine, nakon ukidanja penalizacije prijevremene starosne mirovine odre\u0111ene prema sta\u017eu i pla\u0107i i dalje je povoljnija najni\u017ea mirovina odre\u0111ena bez umanjenja te se tim korisnicima i dalje ispla\u0107uje najni\u017ea mirovina u istom iznosu kao i prije ukidanja penalizacije, obja\u0161njava HZMO.<\/p>\n\n\n\n<h2 class=\"wp-block-heading\">Koliko je prijevremenih mirovina depenalizirano?<\/h2>\n\n\n\n<p>Od 1. sije\u010dnja do danas su 121.372 prijevremene starosne mirovine odre\u0111ene bez smanjenja polaznog faktora, uz prosje\u010dno bruto uve\u0107anje od 69,91 euro. Od toga je 96.332 korisnika kojima je pravo na prijevremenu starosnu mirovinu priznato bez primjene me\u0111unarodnih ugovora, te im je nakon ukidanja smanjenja polaznog faktora prosje\u010dna bruto mirovina uve\u0107ana za 80,25 eura, doznajemo u dr\u017eavnoj mirovinskoj ku\u0107i.<\/p>\n\n\n\n<p>U redovnoj obradi mirovina za travanj bilo je 121.064 korisnika prijevremene starosne mirovine bez smanjenja polaznog faktora, dok je 94.109 korisnika i dalje imalo mirovinu odre\u0111enu sa smanjenjem polaznog faktora, ka\u017ee HZMO.<\/p>\n\n\n\n<h2 class=\"wp-block-heading\">Kako se primjenjuje polazni faktor?<\/h2>\n\n\n\n<p>Osobni bodovi, koji su jedan od elemenata izra\u010duna visine mirovine, ovise o mirovinskom sta\u017eu i pla\u0107ama koje je osiguranik ostvario za vrijeme radnog vijeka, a utvr\u0111uju se tako da se prosje\u010dni vrijednosni bodovi pomno\u017ee s ukupnim mirovinskim sta\u017eem i polaznim faktorom. Polazni faktor 1,0 smanjuje se za svaki mjesec ranijeg odlaska u mirovinu prije navr\u0161enih godina \u017eivota osiguranika propisanih za stjecanje prava na starosnu mirovinu.<\/p>\n<div id=\"mojev-81826877\" class=\"mojev-kraj-teksta mojev-entity-placement\" style=\"margin-bottom: 20px;margin-left: auto;margin-right: auto;text-align: center;\"><div class=\"mojev-adlabel\">oglas<\/div><div style=\"height: 250px;\"><script async src=\"https:\/\/pagead2.googlesyndication.com\/pagead\/js\/adsbygoogle.js?client=ca-pub-8106111766207173\"\r\n     crossorigin=\"anonymous\"><\/script>\r\n<!-- Display-1 -->\r\n<ins class=\"adsbygoogle\"\r\n     style=\"display:block\"\r\n     data-ad-client=\"ca-pub-8106111766207173\"\r\n     data-ad-slot=\"1465712950\"\r\n     data-ad-format=\"auto\"\r\n     data-full-width-responsive=\"true\"><\/ins>\r\n<script>\r\n     (adsbygoogle = window.adsbygoogle || []).push({});\r\n<\/script><\/div><\/div>","protected":false},"excerpt":{"rendered":"<p>Neki su umirovljenici o\u010dekivali ve\u0107u mirovinu nakon ukidanja penalizacije, ali im se iznos nije promijenio. HZMO obja\u0161njava da je kod dijela korisnika i dalje povoljnija najni\u017ea mirovina koju ve\u0107 primaju.<\/p>\n","protected":false},"author":10,"featured_media":153139,"comment_status":"closed","ping_status":"closed","sticky":false,"template":"","format":"standard","meta":{"footnotes":""},"categories":[9],"tags":[18,3498],"class_list":["post-153135","post","type-post","status-publish","format-standard","has-post-thumbnail","hentry","category-vijesti","tag-mirovine","tag-penalizacija"],"_links":{"self":[{"href":"https:\/\/www.mojevrijeme.hr\/magazin\/wp-json\/wp\/v2\/posts\/153135","targetHints":{"allow":["GET"]}}],"collection":[{"href":"https:\/\/www.mojevrijeme.hr\/magazin\/wp-json\/wp\/v2\/posts"}],"about":[{"href":"https:\/\/www.mojevrijeme.hr\/magazin\/wp-json\/wp\/v2\/types\/post"}],"author":[{"embeddable":true,"href":"https:\/\/www.mojevrijeme.hr\/magazin\/wp-json\/wp\/v2\/users\/10"}],"replies":[{"embeddable":true,"href":"https:\/\/www.mojevrijeme.hr\/magazin\/wp-json\/wp\/v2\/comments?post=153135"}],"version-history":[{"count":10,"href":"https:\/\/www.mojevrijeme.hr\/magazin\/wp-json\/wp\/v2\/posts\/153135\/revisions"}],"predecessor-version":[{"id":153148,"href":"https:\/\/www.mojevrijeme.hr\/magazin\/wp-json\/wp\/v2\/posts\/153135\/revisions\/153148"}],"wp:featuredmedia":[{"embeddable":true,"href":"https:\/\/www.mojevrijeme.hr\/magazin\/wp-json\/wp\/v2\/media\/153139"}],"wp:attachment":[{"href":"https:\/\/www.mojevrijeme.hr\/magazin\/wp-json\/wp\/v2\/media?parent=153135"}],"wp:term":[{"taxonomy":"category","embeddable":true,"href":"https:\/\/www.mojevrijeme.hr\/magazin\/wp-json\/wp\/v2\/categories?post=153135"},{"taxonomy":"post_tag","embeddable":true,"href":"https:\/\/www.mojevrijeme.hr\/magazin\/wp-json\/wp\/v2\/tags?post=153135"}],"curies":[{"name":"wp","href":"https:\/\/api.w.org\/{rel}","templated":true}]}}