{"id":153149,"date":"2026-05-01T13:07:14","date_gmt":"2026-05-01T11:07:14","guid":{"rendered":"https:\/\/www.mojevrijeme.hr\/magazin\/?p=153149"},"modified":"2026-05-01T13:08:07","modified_gmt":"2026-05-01T11:08:07","slug":"grujic-uvjeravaju-nas-da-smo-dobili-13-mirovinu-a-nismo","status":"publish","type":"post","link":"https:\/\/www.mojevrijeme.hr\/magazin\/2026\/05\/grujic-uvjeravaju-nas-da-smo-dobili-13-mirovinu-a-nismo\/","title":{"rendered":"Gruji\u0107: Uvjeravaju nas da smo dobili 13. mirovinu, a nismo"},"content":{"rendered":"\n<p>Me\u0111unarodni praznik rada za mnoge radnike i umirovljenike nije donio osje\u0107aj slavlja, nego pitanje mo\u017ee li se od pla\u0107e ili mirovine uop\u0107e pratiti rast cijena. Predsjednik Stranke umirovljenika Lazar Gruji\u0107 kritizirao je Vladinu interpretaciju statisti\u010dkog rasta mirovina jer je gotovo svaki drugi umirovljenik potonuo ispod granice siroma\u0161tva.<\/p>\n\n\n\n<p>&#8220;Ima onih koji se danas i vesele. Kao na\u0161 ministar financija, kojem se s rastom inflacija puni prora\u010dun pa mo\u017ee realizirati politi\u010dke ciljeve potrebne za osigurati ostanak na vlasti. Velika ve\u0107ina radnika danas nema razloga za slavlje&#8221;, izjavio je za <a href=\"https:\/\/n1info.hr\/vijesti\/lazar-grujic-hrvatski-umirovljenik-je-dosao-u-dilemu-hoce-li-se-lijeciti-ili-hraniti\/\" target=\"_blank\" rel=\"noreferrer noopener\">N1 <\/a>Gruji\u0107.<\/p>\n\n\n\n<p>&#8220;Premijer govori da nikad nisu bile ve\u0107e mirovine i uskla\u0111ivanje, ali mi mo\u017eemo okrenuti pilu naopako pa re\u0107i da su nikad ve\u0107e cijene. Vi\u0161e od 600.000 ljudi ima mirovine ispod zone siroma\u0161tva. Na\u0161a mirovina je na najni\u017eoj razini u Europi&#8221;, navodi i dodaje da se \u010desto se zaboravlja da nisu samo tro\u0161kovi \u017eivota ono \u0161to se uzima u obzir nego i lijekovi, dodaci prehrani, razli\u010dita pomagala koja nerijetko trebaju umirovljenicima.<\/p><div id=\"mojev-918986728\" class=\"mojev-u-tekstu mojev-entity-placement\" style=\"margin-left: auto;margin-right: auto;text-align: center;\"><div class=\"mojev-adlabel\">oglas<\/div><div style=\"height: 250px;\"><script async src=\"https:\/\/pagead2.googlesyndication.com\/pagead\/js\/adsbygoogle.js?client=ca-pub-8106111766207173\"\r\n     crossorigin=\"anonymous\"><\/script>\r\n<!-- Prikazni 1 u tekstu -->\r\n<ins class=\"adsbygoogle\"\r\n     style=\"display:block\"\r\n     data-ad-client=\"ca-pub-8106111766207173\"\r\n     data-ad-slot=\"8535551207\"\r\n     data-ad-format=\"auto\"\r\n     data-full-width-responsive=\"true\"><\/ins>\r\n<script>\r\n     (adsbygoogle = window.adsbygoogle || []).push({});\r\n<\/script><\/div><\/div><br style=\"clear: both; display: block; float: none;\"\/>\n\n\n\n<p>&#8220;Ne mo\u017eemo zaboraviti ni nastojanja Vlade da se ide u pove\u0107anje minimalne mirovine, kao i neke druge koji poma\u017eu umirovljenicima. To pozdravljamo. Ali, na\u0161 umirovljenik do\u0161ao je u dilemu ho\u0107e li se lije\u010diti ili hraniti. Vrlo grubo, ali je tako.&#8221;<\/p>\n\n\n\n<p>Ministar rada\u00a0Alen Ru\u017ei\u0107\u00a0u izjavi tijekom Me\u0111unarodnog praznika rada pozivao se na statistike koje sugeriraju bolji status umirovljenika od onoga koji opisuje Gruji\u0107. &#8220;Vlada\u00a0Andreja Plenkovi\u0107a\u00a0vrhunski okre\u0107e statistike u svoju korist, \u010dak nas se uvjerava i da smo dobili 13. mirovinu, a nismo&#8221;, odgovara Gruji\u0107 i poziva mlade da shvate umirovljenike jer \u0107e i oni jednom biti u ovoj poziciji.<\/p>\n\n\n\n<p>&#8220;Ne radimo sve \u0161to radimo za sebe nego za budu\u0107nost. Zato smo se kao Stranka umirovljenika pribli\u017eili mladima. Ima razloga da zajedno sjednemo za stol i na premijeru je da nas saslu\u0161a&#8221;, zaklju\u010dio je\u00a0Lazar Gruji\u0107.<\/p>\n<div id=\"mojev-1150089875\" class=\"mojev-kraj-teksta mojev-entity-placement\" style=\"margin-bottom: 20px;margin-left: auto;margin-right: auto;text-align: center;\"><div class=\"mojev-adlabel\">oglas<\/div><div style=\"height: 250px;\"><script async src=\"https:\/\/pagead2.googlesyndication.com\/pagead\/js\/adsbygoogle.js?client=ca-pub-8106111766207173\"\r\n     crossorigin=\"anonymous\"><\/script>\r\n<!-- Display-1 -->\r\n<ins class=\"adsbygoogle\"\r\n     style=\"display:block\"\r\n     data-ad-client=\"ca-pub-8106111766207173\"\r\n     data-ad-slot=\"1465712950\"\r\n     data-ad-format=\"auto\"\r\n     data-full-width-responsive=\"true\"><\/ins>\r\n<script>\r\n     (adsbygoogle = window.adsbygoogle || []).push({});\r\n<\/script><\/div><\/div>","protected":false},"excerpt":{"rendered":"<p>Predsjednik Stranke umirovljenika Lazar Gruji\u0107 poru\u010duje da Vladine tvrdnje o nikad ve\u0107im mirovinama ne zna\u010de puno dok cijene, lijekovi i tro\u0161kovi \u017eivota rastu br\u017ee od primanja.<\/p>\n","protected":false},"author":1,"featured_media":83296,"comment_status":"closed","ping_status":"closed","sticky":false,"template":"","format":"standard","meta":{"footnotes":""},"categories":[9],"tags":[1001,18],"class_list":["post-153149","post","type-post","status-publish","format-standard","has-post-thumbnail","hentry","category-vijesti","tag-lazar-grujic","tag-mirovine"],"_links":{"self":[{"href":"https:\/\/www.mojevrijeme.hr\/magazin\/wp-json\/wp\/v2\/posts\/153149","targetHints":{"allow":["GET"]}}],"collection":[{"href":"https:\/\/www.mojevrijeme.hr\/magazin\/wp-json\/wp\/v2\/posts"}],"about":[{"href":"https:\/\/www.mojevrijeme.hr\/magazin\/wp-json\/wp\/v2\/types\/post"}],"author":[{"embeddable":true,"href":"https:\/\/www.mojevrijeme.hr\/magazin\/wp-json\/wp\/v2\/users\/1"}],"replies":[{"embeddable":true,"href":"https:\/\/www.mojevrijeme.hr\/magazin\/wp-json\/wp\/v2\/comments?post=153149"}],"version-history":[{"count":1,"href":"https:\/\/www.mojevrijeme.hr\/magazin\/wp-json\/wp\/v2\/posts\/153149\/revisions"}],"predecessor-version":[{"id":153150,"href":"https:\/\/www.mojevrijeme.hr\/magazin\/wp-json\/wp\/v2\/posts\/153149\/revisions\/153150"}],"wp:featuredmedia":[{"embeddable":true,"href":"https:\/\/www.mojevrijeme.hr\/magazin\/wp-json\/wp\/v2\/media\/83296"}],"wp:attachment":[{"href":"https:\/\/www.mojevrijeme.hr\/magazin\/wp-json\/wp\/v2\/media?parent=153149"}],"wp:term":[{"taxonomy":"category","embeddable":true,"href":"https:\/\/www.mojevrijeme.hr\/magazin\/wp-json\/wp\/v2\/categories?post=153149"},{"taxonomy":"post_tag","embeddable":true,"href":"https:\/\/www.mojevrijeme.hr\/magazin\/wp-json\/wp\/v2\/tags?post=153149"}],"curies":[{"name":"wp","href":"https:\/\/api.w.org\/{rel}","templated":true}]}}