{"id":154158,"date":"2026-09-02T21:54:14","date_gmt":"2026-09-02T19:54:14","guid":{"rendered":"https:\/\/www.mojevrijeme.hr\/magazin\/?p=154158"},"modified":"2026-09-02T21:54:15","modified_gmt":"2026-09-02T19:54:15","slug":"zivi-s-bakom-cijeli-zivot-to-je-bila-najbolja-odluka-moje-obitelji","status":"publish","type":"post","link":"https:\/\/www.mojevrijeme.hr\/magazin\/2026\/09\/zivi-s-bakom-cijeli-zivot-to-je-bila-najbolja-odluka-moje-obitelji\/","title":{"rendered":"\u017divi s bakom cijeli \u017eivot: &#8216;To je bila najbolja odluka moje obitelji&#8217;"},"content":{"rendered":"\n<p class=\"wp-block-paragraph\">\u017divot sa svekrvom ili roditeljima mnogima danas nije privla\u010dna ideja. <strong>Amanda Shammas<\/strong>, me\u0111utim, cijeli \u017eivot \u017eivi pod istim krovom s bakom <strong>Mimi <\/strong>i smatra da je takav obiteljski dogovor sna\u017eno obilje\u017eio njezino odrastanje.<\/p>\n\n\n\n<p class=\"wp-block-paragraph\">&#8220;U ovom trenutku, kad me netko pita odakle mi sako ili suknja, velika je vjerojatnost da \u0107u odgovoriti da je to bakino. Ima 91 godinu, iznimno je moderna, a s njom \u017eivim cijeli \u017eivot. Kad su prije mog ro\u0111enja roditelji tra\u017eili ku\u0107u, mama je imala jedan neupitan uvjet \u2013 \u017eeljela je \u017eivjeti sa svojom majkom. Umjesto da tra\u017ee tradicionalnu obiteljsku ku\u0107u, tra\u017eili su ku\u0107u s odvojenim stanom za baku Mimi&#8221;, ka\u017ee. <\/p>\n\n\n\n<p class=\"wp-block-paragraph\">&#8220;Kad pogledam unatrag, mislim da je to bio najbolji mogu\u0107i izbor\u201c, otkriva Shammas, autorica s diplomom iz psihologije.<\/p>\n\n\n\n<h2 class=\"wp-block-heading\">Vrijednost vremena provedenog s bakom<\/h2>\n\n\n\n<p class=\"wp-block-paragraph\">\u201eTijekom odrastanja baka je ba\u0161 uvijek bila tu za mene. Uz dva zaposlena roditelja, to je puno zna\u010dilo. Roditelji nikada nisu morali ovisiti o dadilji ili pani\u010dno tra\u017eiti \u010duvanje u zadnji \u010das, \u0161to im je \u0161tedjelo vrijeme, novac i stres. No meni je jo\u0161 va\u017enije bilo vrijeme koje sam provodila s bakom.\u201c<\/p>\n\n\n\n<p class=\"wp-block-paragraph\">\u201eKad je mama bila zauzeta, Mimi je uvijek bila dostupna za igranje presvla\u010denja ili spa ve\u010deri sa mnom. Satima smo sjedile za njezinim kuhinjskim stolom, a kao dijete, to mi je bilo najzabavnije mjesto na svijetu\u201c, isti\u010de za <em>Business Insider<\/em>.<\/p>\n\n\n\n<h2 class=\"wp-block-heading\">Modna veza unuke i bake<\/h2>\n\n\n\n<p class=\"wp-block-paragraph\">\u201eKad sam u\u0161la u pubertet, dolazila sam k njoj po savjete o prijateljstvima, de\u010dkima i problemima koji su mi se tada \u010dinili ogromnima. Dobivala sam dva sasvim razli\u010dita pogleda na iste stvari. Dok se mama mogla poistovjetiti s onim \u0161to pro\u017eivljavam, baka me podsje\u0107ala koliko \u0107e ti problemi jednoga dana izgledati mali. U mnogo \u010demu, baka i ja smo sli\u010dnije nego mama i ja, a najbolji primjer je na\u0161a ljubav prema modi\u201c, otkriva.<\/p>\n\n\n\n<p class=\"wp-block-paragraph\">\u201eKad sam ve\u0107 bila malo starija, po\u010dela sam naslje\u0111ivati komade koje vi\u0161e nije \u017eeljela. Obi\u010dno bi mi rekla da zadr\u017eim \u0161to mi se svi\u0111a, a ostalo doniram, ali kako ima besprijekoran ukus, nikad se nisam odrekla nijednog komada.&#8221;<\/p>\n\n\n\n<p class=\"wp-block-paragraph\">&#8220;Najdra\u017ei su mi svileni \u0161alovi, vuneni kaputi i zlatni remeni, a tim su mi dragocjeniji jer znam da su ve\u0107 pro\u017eivjeli jedan \u017eivot prije mog. Kad ih nosim, osje\u0107am kao da sa sobom nosim i dio nje\u201c, ispri\u010dala je.<\/p>\n\n\n\n<h2 class=\"wp-block-heading\">Sada oni poma\u017eu baki<\/h2>\n\n\n\n<p class=\"wp-block-paragraph\">Danas se uloge postupno mijenjaju. \u201eBaka je i dalje iznimno bistra i svake nedjelje priprema mesne okruglice, ali s 91 godinom vi\u0161e ne mo\u017ee sve kao prije. Danas nam dopu\u0161ta da se mi brinemo o njoj. Redovito je vozimo na lije\u010dni\u010dke preglede, podi\u017eemo recepte i poma\u017eemo joj \u010distiti stan. Kad je 2015. godine imala mo\u017edani udar, obitelj joj je bila doslovno nadohvat ruke\u201c, napominje unuka.<\/p>\n\n\n\n<p class=\"wp-block-paragraph\">Isti\u010de i da je \u017eivot vi\u0161e generacija pod istim krovom neko\u0107 bio znatno uobi\u010dajeniji nego danas. Njezina obitelj, ka\u017ee, upravo zahvaljuju\u0107i takvom rasporedu lak\u0161e dijeli svakodnevne obveze i brigu.<\/p>\n\n\n\n<p class=\"wp-block-paragraph\">\u201eOna je pomogla odgojiti mene, a sada ja mogu biti tu za nju. Na tome \u0107u joj uvijek biti zahvalna\u201c, zaklju\u010duje Amanda.<\/p>\n\n\n\n<p class=\"wp-block-paragraph\"><div id=\"crveno\"><\/p>\n\n\n\n<h3 class=\"wp-block-heading\">Zanima nas va\u0161a pri\u010da<\/h3>\n\n\n\n<p class=\"wp-block-paragraph\">\u017delite li i vi, posve anonimno, podijeliti svoje iskustvo i vi\u0111enje ove teme s nama i na\u0161im \u010ditateljima, mo\u017eete to u\u010diniti putem web obrasca <a rel=\"noreferrer noopener\" href=\"https:\/\/www.mojevrijeme.hr\/magazin\/povjerljivo\/\" target=\"_blank\">Povjerljivo<\/a>. Napi\u0161ite svoju pri\u010du!<\/p>\n\n\n\n<p class=\"wp-block-paragraph\"><\/div><\/p>\n","protected":false},"excerpt":{"rendered":"<p>\u017divot s bakom od najranijeg djetinjstva donio joj je sigurnost, bliskost i zajedni\u010dke uspomene. Danas, kada baka ima 91 godinu, unuka joj uzvra\u0107a brigom.<\/p>\n","protected":false},"author":17,"featured_media":159620,"comment_status":"closed","ping_status":"closed","sticky":false,"template":"","format":"standard","meta":{"footnotes":""},"categories":[2],"tags":[3549,4274],"class_list":["post-154158","post","type-post","status-publish","format-standard","has-post-thumbnail","hentry","category-mozaik","tag-bake-i-unuci","tag-visegeneracijsko-stanovanje"],"_links":{"self":[{"href":"https:\/\/www.mojevrijeme.hr\/magazin\/wp-json\/wp\/v2\/posts\/154158","targetHints":{"allow":["GET"]}}],"collection":[{"href":"https:\/\/www.mojevrijeme.hr\/magazin\/wp-json\/wp\/v2\/posts"}],"about":[{"href":"https:\/\/www.mojevrijeme.hr\/magazin\/wp-json\/wp\/v2\/types\/post"}],"author":[{"embeddable":true,"href":"https:\/\/www.mojevrijeme.hr\/magazin\/wp-json\/wp\/v2\/users\/17"}],"replies":[{"embeddable":true,"href":"https:\/\/www.mojevrijeme.hr\/magazin\/wp-json\/wp\/v2\/comments?post=154158"}],"version-history":[{"count":9,"href":"https:\/\/www.mojevrijeme.hr\/magazin\/wp-json\/wp\/v2\/posts\/154158\/revisions"}],"predecessor-version":[{"id":159619,"href":"https:\/\/www.mojevrijeme.hr\/magazin\/wp-json\/wp\/v2\/posts\/154158\/revisions\/159619"}],"wp:featuredmedia":[{"embeddable":true,"href":"https:\/\/www.mojevrijeme.hr\/magazin\/wp-json\/wp\/v2\/media\/159620"}],"wp:attachment":[{"href":"https:\/\/www.mojevrijeme.hr\/magazin\/wp-json\/wp\/v2\/media?parent=154158"}],"wp:term":[{"taxonomy":"category","embeddable":true,"href":"https:\/\/www.mojevrijeme.hr\/magazin\/wp-json\/wp\/v2\/categories?post=154158"},{"taxonomy":"post_tag","embeddable":true,"href":"https:\/\/www.mojevrijeme.hr\/magazin\/wp-json\/wp\/v2\/tags?post=154158"}],"curies":[{"name":"wp","href":"https:\/\/api.w.org\/{rel}","templated":true}]}}