{"id":15450,"date":"2018-05-18T22:17:02","date_gmt":"2018-05-18T20:17:02","guid":{"rendered":"https:\/\/www.mojevrijeme.hr\/magazin\/?p=15450"},"modified":"2018-05-18T22:22:28","modified_gmt":"2018-05-18T20:22:28","slug":"plodan-i-u-sezdesetoj-alec-baldwin-opet-je-tata","status":"publish","type":"post","link":"https:\/\/www.mojevrijeme.hr\/magazin\/2018\/05\/plodan-i-u-sezdesetoj-alec-baldwin-opet-je-tata\/","title":{"rendered":"Plodan i u \u0161ezdesetoj: Alec Baldwin opet je tata!"},"content":{"rendered":"<p>Planetarno popularni glumac <strong>Alec Baldwin (60)<\/strong> dokazao je da mu\u0161karcima o\u010dinstvo pristaje i u zrelim godinama. Naime, on i supruga <strong>Hilaria<\/strong> dobili su \u010detvrto dijete. Ve\u0107 imaju\u00a0 Carmen Gabrielu, Rafaela Thomasa te Angela Charlesa. Najstarija me\u0111u njima Carmen Gabriela proslavila je \u010detvrti ro\u0111endan. Ameri\u010dki glumac ima i dvadesetogodi\u0161nju k\u0107er Ireland iz braka s glumicom Kim Besinger.<\/p>\n<p>Hilaria, po zanimanju instruktorica tjelovje\u017ebe i promotorica joge, javnost je o svemu izvijestila putem Instagrama. Ka\u017ee, promjene na njenom tijelu su privremene pa se brzo kani vratiti u formu. Supruga \u0107e, nadamo se, po\u0161tedjeti prekomjerne brige o djeci, s obzirom da je u velja\u010di ugradio umjetni kuk.<\/p>\n<blockquote class=\"instagram-media\" style=\"background: #FFF; border: 0; border-radius: 3px; box-shadow: 0 0 1px 0 rgba(0,0,0,0.5),0 1px 10px 0 rgba(0,0,0,0.15); margin: 1px; max-width: 658px; padding: 0; width: calc(100% - 2px);\" data-instgrm-captioned=\"\" data-instgrm-permalink=\"https:\/\/www.instagram.com\/p\/BhWai19gZtS\/\" data-instgrm-version=\"8\">\n<div style=\"padding: 8px;\">\n<div style=\"background: #F8F8F8; line-height: 0; margin-top: 40px; padding: 50.0% 0; text-align: center; width: 100%;\">\n<div style=\"background: url(data:image\/png; base64,ivborw0kggoaaaansuheugaaacwaaaascamaaaapwqozaaaabgdbtueaalgpc\/xhbqaaaafzukdcak7ohokaaaamuexurczmzpf399fx1+bm5mzy9amaaadisurbvdjlvzxbesmgces5\/p8\/t9furvcrmu73jwlzosgsiizurcjo\/ad+eqjjb4hv8bft+idpqocx1wjosbfhh2xssxeiyn3uli\/6mnree07uiwjev8ueowds88ly97kqytlijkktuybbruayvh5wohixmpi5we58ek028czwyuqdlkpg1bkb4nnm+veanfhqn1k4+gpt6ugqcvu2h2ovuif\/gwufyy8owepdyzsa3avcqpvovvzzz2vtnn2wu8qzvjddeto90gsy9mvlqtgysy231mxry6i2ggqjrty0l8fxcxfcbbhwrsyyaaaaaelftksuqmcc); display: block; height: 44px; margin: 0 auto -44px; position: relative; top: -22px; width: 44px;\"><\/div>\n<\/div>\n<p style=\"margin: 8px 0 0 0; padding: 0 4px;\"><a style=\"color: #000; font-family: Arial,sans-serif; font-size: 14px; font-style: normal; font-weight: normal; line-height: 17px; text-decoration: none; word-wrap: break-word;\" href=\"https:\/\/www.instagram.com\/p\/BhWai19gZtS\/\" target=\"_blank\" rel=\"noopener\">Last year I bumped into @muddypawsrescuenyc on the street and fell in love with some puppies they had just rescued. Even though our family couldn\u2019t adopt them (we have a million little babies and fur babies), I was so moved by their mission to save more dogs in need that I want to do whatever I can to help. They have a chance to rescue even more dogs!! Please VOTE for Muddy Paws at www.petcofoundation.org\/showdown (link in bio) to help fund their life-saving mobile app. #thinkadoptionfirst #savealife #rescuedogs #muddypawspack #WeGotThis2018<\/a><\/p>\n<p style=\"color: #c9c8cd; font-family: Arial,sans-serif; font-size: 14px; line-height: 17px; margin-bottom: 0; margin-top: 8px; overflow: hidden; padding: 8px 0 7px; text-align: center; text-overflow: ellipsis; white-space: nowrap;\">A post shared by <a style=\"color: #c9c8cd; font-family: Arial,sans-serif; font-size: 14px; font-style: normal; font-weight: normal; line-height: 17px;\" href=\"https:\/\/www.instagram.com\/hilariabaldwin\/\" target=\"_blank\" rel=\"noopener\"> Hilaria Thomas Baldwin<\/a> (@hilariabaldwin) on <time style=\"font-family: Arial,sans-serif; font-size: 14px; line-height: 17px;\" datetime=\"2018-04-09T12:47:30+00:00\">Apr 9, 2018 at 5:47am PDT<\/time><\/p>\n<\/div>\n<\/blockquote>\n<p><script async defer src=\"\/\/www.instagram.com\/embed.js\"><\/script><\/p>\n<div id=\"mojev-928313964\" class=\"mojev-kraj-teksta mojev-entity-placement\" style=\"margin-bottom: 20px;margin-left: auto;margin-right: auto;text-align: center;\"><div class=\"mojev-adlabel\">oglas<\/div><div style=\"height: 250px;\"><script async src=\"https:\/\/pagead2.googlesyndication.com\/pagead\/js\/adsbygoogle.js?client=ca-pub-8106111766207173\"\r\n     crossorigin=\"anonymous\"><\/script>\r\n<!-- Display-1 -->\r\n<ins class=\"adsbygoogle\"\r\n     style=\"display:block\"\r\n     data-ad-client=\"ca-pub-8106111766207173\"\r\n     data-ad-slot=\"1465712950\"\r\n     data-ad-format=\"auto\"\r\n     data-full-width-responsive=\"true\"><\/ins>\r\n<script>\r\n     (adsbygoogle = window.adsbygoogle || []).push({});\r\n<\/script><\/div><\/div>","protected":false},"excerpt":{"rendered":"<p>Planetarno popularni glumac Alec Baldwin (60) dokazao je da mu\u0161karcima o\u010dinstvo pristaje i u zrelim godinama. Naime, on i supruga Hilaria dobili su \u010detvrto dijete. Ve\u0107 imaju\u00a0 Carmen Gabrielu, Rafaela Thomasa te Angela Charlesa. Najstarija me\u0111u njima Carmen Gabriela proslavila je \u010detvrti ro\u0111endan. Ameri\u010dki glumac ima i dvadesetogodi\u0161nju k\u0107er Ireland iz braka s glumicom Kim [&hellip;]<\/p>\n","protected":false},"author":1,"featured_media":15451,"comment_status":"closed","ping_status":"closed","sticky":false,"template":"","format":"standard","meta":{"footnotes":""},"categories":[84],"tags":[1246,201,855],"class_list":["post-15450","post","type-post","status-publish","format-standard","has-post-thumbnail","hentry","category-show","tag-alec-baldwin","tag-glumci","tag-odgodeno-roditeljstvo"],"_links":{"self":[{"href":"https:\/\/www.mojevrijeme.hr\/magazin\/wp-json\/wp\/v2\/posts\/15450","targetHints":{"allow":["GET"]}}],"collection":[{"href":"https:\/\/www.mojevrijeme.hr\/magazin\/wp-json\/wp\/v2\/posts"}],"about":[{"href":"https:\/\/www.mojevrijeme.hr\/magazin\/wp-json\/wp\/v2\/types\/post"}],"author":[{"embeddable":true,"href":"https:\/\/www.mojevrijeme.hr\/magazin\/wp-json\/wp\/v2\/users\/1"}],"replies":[{"embeddable":true,"href":"https:\/\/www.mojevrijeme.hr\/magazin\/wp-json\/wp\/v2\/comments?post=15450"}],"version-history":[{"count":0,"href":"https:\/\/www.mojevrijeme.hr\/magazin\/wp-json\/wp\/v2\/posts\/15450\/revisions"}],"wp:featuredmedia":[{"embeddable":true,"href":"https:\/\/www.mojevrijeme.hr\/magazin\/wp-json\/wp\/v2\/media\/15451"}],"wp:attachment":[{"href":"https:\/\/www.mojevrijeme.hr\/magazin\/wp-json\/wp\/v2\/media?parent=15450"}],"wp:term":[{"taxonomy":"category","embeddable":true,"href":"https:\/\/www.mojevrijeme.hr\/magazin\/wp-json\/wp\/v2\/categories?post=15450"},{"taxonomy":"post_tag","embeddable":true,"href":"https:\/\/www.mojevrijeme.hr\/magazin\/wp-json\/wp\/v2\/tags?post=15450"}],"curies":[{"name":"wp","href":"https:\/\/api.w.org\/{rel}","templated":true}]}}