{"id":15585,"date":"2018-05-24T07:55:22","date_gmt":"2018-05-24T05:55:22","guid":{"rendered":"https:\/\/www.mojevrijeme.hr\/magazin\/?p=15585"},"modified":"2018-05-24T08:05:18","modified_gmt":"2018-05-24T06:05:18","slug":"danas-i-sutra-dodite-u-sindikat-umirovljenika-hrvatske-saznajte-sve-i-uclanite-se","status":"publish","type":"post","link":"https:\/\/www.mojevrijeme.hr\/magazin\/2018\/05\/danas-i-sutra-dodite-u-sindikat-umirovljenika-hrvatske-saznajte-sve-i-uclanite-se\/","title":{"rendered":"Do\u0111ite u Sindikat umirovljenika Hrvatske, saznajte sve i u\u010dlanite se"},"content":{"rendered":"<p>Povjereni\u0161tvo Sindikata umirovljenika Hrvatske Zagreb, <strong>24. i 25. svibnja<\/strong> organizira Dane otvorenih vrata udruga. Dio je to istoimenog projekta kojeg ve\u0107 sedmu godinu zaredom na dr\u017eavnoj razini provodi Ured za udruge Vlade RH.<\/p>\n<p>U Radni\u010dkom domu (Trg kralja Petra Kre\u0161imira IV. br. 2) \u0107e svi zainteresirani mo\u0107i saznati povijest SUH-ove borbe za umirovljeni\u010dka prava, a podru\u017enice SUH-a koje djeluju u Gradu Zagrebu predstavit \u0107e svoje djelovanje.<\/p>\n<p>Bit \u0107e predstavljeni Psiholo\u0161ko te Pravno savjetovali\u0161te, mjese\u010dnik \u201eGlas umirovljenika\u201c i sve pogodnosti za \u010dlanove Sindikata koje se mogu ostvariti kod partnera SUH-a. Bit \u0107e prikazani i kratki filmovi o povijesti SUH-a, te borbi za pobolj\u0161anje prava, te protiv zloupotreba i nasilja nad umirovljenicima i starijim osobama.<\/p><div id=\"mojev-2674218773\" class=\"mojev-u-tekstu mojev-entity-placement\" style=\"margin-left: auto;margin-right: auto;text-align: center;\"><div class=\"mojev-adlabel\">oglas<\/div><div style=\"height: 250px;\"><script async src=\"https:\/\/pagead2.googlesyndication.com\/pagead\/js\/adsbygoogle.js?client=ca-pub-8106111766207173\"\r\n     crossorigin=\"anonymous\"><\/script>\r\n<!-- Prikazni 1 u tekstu -->\r\n<ins class=\"adsbygoogle\"\r\n     style=\"display:block\"\r\n     data-ad-client=\"ca-pub-8106111766207173\"\r\n     data-ad-slot=\"8535551207\"\r\n     data-ad-format=\"auto\"\r\n     data-full-width-responsive=\"true\"><\/ins>\r\n<script>\r\n     (adsbygoogle = window.adsbygoogle || []).push({});\r\n<\/script><\/div><\/div><br style=\"clear: both; display: block; float: none;\"\/>\n<p>Ovaj doga\u0111aj je jo\u0161 va\u017eniji, jer se odvija netom prije okupljanja radne skupine za izradu nove mirovinske reforme, koja \u0107e se po prvi puta sastati idu\u0107i tjedan, a SUH je, kao glas gra\u0111ana tre\u0107e dobi, jedan od sudionika.<\/p>\n<p>Vrata dvorane 226 bit \u0107e otvorena <strong>od 10 do 16 sati<\/strong>, a svi koji se \u017eele priklju\u010diti borbi za prava umirovljenika i starijih osoba, te sudjelovati u aktivnostima SUH-a mo\u0107i \u0107e se na istome mjestu i u\u010dlaniti.<\/p>\n<div id=\"mojev-3102295030\" class=\"mojev-kraj-teksta mojev-entity-placement\" style=\"margin-bottom: 20px;margin-left: auto;margin-right: auto;text-align: center;\"><div class=\"mojev-adlabel\">oglas<\/div><div style=\"height: 250px;\"><script async src=\"https:\/\/pagead2.googlesyndication.com\/pagead\/js\/adsbygoogle.js?client=ca-pub-8106111766207173\"\r\n     crossorigin=\"anonymous\"><\/script>\r\n<!-- Display-1 -->\r\n<ins class=\"adsbygoogle\"\r\n     style=\"display:block\"\r\n     data-ad-client=\"ca-pub-8106111766207173\"\r\n     data-ad-slot=\"1465712950\"\r\n     data-ad-format=\"auto\"\r\n     data-full-width-responsive=\"true\"><\/ins>\r\n<script>\r\n     (adsbygoogle = window.adsbygoogle || []).push({});\r\n<\/script><\/div><\/div>","protected":false},"excerpt":{"rendered":"<p>Vrata dvorane 226 bit \u0107e otvorena od 10 do 16 sati, a svi koji se \u017eele priklju\u010diti borbi za prava umirovljenika i starijih osoba, te sudjelovati u aktivnostima SUH-a mo\u0107i \u0107e se na istome mjestu i u\u010dlaniti.<\/p>\n","protected":false},"author":1,"featured_media":15589,"comment_status":"closed","ping_status":"closed","sticky":false,"template":"","format":"standard","meta":{"footnotes":""},"categories":[9],"tags":[167,39],"class_list":["post-15585","post","type-post","status-publish","format-standard","has-post-thumbnail","hentry","category-vijesti","tag-sindikat-umirovljenika","tag-zagreb"],"_links":{"self":[{"href":"https:\/\/www.mojevrijeme.hr\/magazin\/wp-json\/wp\/v2\/posts\/15585","targetHints":{"allow":["GET"]}}],"collection":[{"href":"https:\/\/www.mojevrijeme.hr\/magazin\/wp-json\/wp\/v2\/posts"}],"about":[{"href":"https:\/\/www.mojevrijeme.hr\/magazin\/wp-json\/wp\/v2\/types\/post"}],"author":[{"embeddable":true,"href":"https:\/\/www.mojevrijeme.hr\/magazin\/wp-json\/wp\/v2\/users\/1"}],"replies":[{"embeddable":true,"href":"https:\/\/www.mojevrijeme.hr\/magazin\/wp-json\/wp\/v2\/comments?post=15585"}],"version-history":[{"count":0,"href":"https:\/\/www.mojevrijeme.hr\/magazin\/wp-json\/wp\/v2\/posts\/15585\/revisions"}],"wp:featuredmedia":[{"embeddable":true,"href":"https:\/\/www.mojevrijeme.hr\/magazin\/wp-json\/wp\/v2\/media\/15589"}],"wp:attachment":[{"href":"https:\/\/www.mojevrijeme.hr\/magazin\/wp-json\/wp\/v2\/media?parent=15585"}],"wp:term":[{"taxonomy":"category","embeddable":true,"href":"https:\/\/www.mojevrijeme.hr\/magazin\/wp-json\/wp\/v2\/categories?post=15585"},{"taxonomy":"post_tag","embeddable":true,"href":"https:\/\/www.mojevrijeme.hr\/magazin\/wp-json\/wp\/v2\/tags?post=15585"}],"curies":[{"name":"wp","href":"https:\/\/api.w.org\/{rel}","templated":true}]}}