{"id":159450,"date":"2026-08-30T19:04:47","date_gmt":"2026-08-30T17:04:47","guid":{"rendered":"https:\/\/www.mojevrijeme.hr\/magazin\/?p=159450"},"modified":"2026-08-30T19:07:02","modified_gmt":"2026-08-30T17:07:02","slug":"dolly-parton-nemam-vremena-ostarjeti-mirovina-ni-u-ludilu","status":"publish","type":"post","link":"https:\/\/www.mojevrijeme.hr\/magazin\/2026\/08\/dolly-parton-nemam-vremena-ostarjeti-mirovina-ni-u-ludilu\/","title":{"rendered":"Dolly Parton: Nemam vremena ostarjeti, mirovina ni u ludilu"},"content":{"rendered":"\n<p class=\"wp-block-paragraph\">Globalna <em>country <\/em>ikona, ameri\u010dka pjeva\u010dica i filantropkinja <strong>Dolly Parton<\/strong>, pokopana je u petak u Nashvilleu, tri dana nakon \u0161to je umrla u 80. godini. Sahrana je, prema njezinoj \u017eelji, odr\u017eana privatno, u krugu obitelji i najbli\u017eih, a polo\u017eena je uz supruga Carla Deana s kojim je provela gotovo \u0161est desetlje\u0107a.<\/p>\n\n\n\n<p class=\"wp-block-paragraph\">Smrt je stigla nakon kratke borbe s rakom, ali nije zatekla \u017eenu koja je posljednje godine provela na kau\u010du, opra\u0161taju\u0107i se od \u017eivota. Naprotiv, Parton je jo\u0161 nedavno govorila da ima mnogo toga \u0161to \u017eeli napraviti, a o starenju je desetlje\u0107ima govorila bez romantiziranja, ali i bez namjere da joj broj godina odre\u0111uje kada treba prestati raditi.<\/p>\n\n\n\n<h2 class=\"wp-block-heading\">\u201ePa \u0161to? Osje\u0107am kao da tek po\u010dinjem\u201c<\/h2>\n\n\n\n<p class=\"wp-block-paragraph\">Mo\u017eda je najjasnije o tome govorila u razgovoru za <em>People<\/em> u studenome 2025., dva mjeseca prije 80. ro\u0111endana. \u201eLjudi ka\u017eu: \u2018Navr\u0161it \u0107e\u0161 80.\u2019 Pa \u0161to? Pogledajte sve \u0161to sam napravila u 80 godina. Osje\u0107am kao da tek po\u010dinjem\u201c, rekla je.<\/p>\n\n\n\n<p class=\"wp-block-paragraph\">Smatrala je da preveliko bavljenje vlastitim godinama samo po sebi mo\u017ee postati ograni\u010denje te je izgovorila re\u010denicu koja je ve\u0107 sada klasik: \u201eNemam vremena ostarjeti jer nemam vremena stalno misliti o tome da starim.\u201c<\/p>\n\n\n\n<p class=\"wp-block-paragraph\">U intervjuu za <em>Allure<\/em> 2021. bila je mnogo prizemnija: \u201eNe znam postoji li i\u0161ta lijepo u starenju. Jednostavno starimo. Ali ja sam uvijek izgledala isto.\u201c Dodala je da \u0107e vjerojatno zadr\u017eati svoj prepoznatljivi izgled i ako do\u017eivi stotu, ali nije smatrala da bi druge \u017eene trebale \u010diniti isto. Naprotiv, govorila je da svatko treba izgledati onako kako se sam osje\u0107a ugodno.<\/p>\n\n\n\n<h2 class=\"wp-block-heading\">\u201eStara sam koliko ju\u010der, a nova koliko sutra\u201c<\/h2>\n\n\n\n<p class=\"wp-block-paragraph\">Iste godine za magazin <em>W<\/em> govorila je o filmu koji bi mogao obuhvatiti njezin \u017eivot i o glumicama koje bi je mogle utjeloviti. Na\u0161alila se da su neke od \u017eena o kojima je neko\u0107 razmi\u0161ljala sada gotovo jednako stare kao ona.<\/p>\n\n\n\n<p class=\"wp-block-paragraph\">\u201eU dobi sam u kojoj trebam biti. Uvijek ka\u017eem: stara sam koliko ju\u010der, a nova koliko sutra\u201c, rekla je tada 75-godi\u0161nja Parton. Pro\u0161lost je prihva\u0107ala, dob tako\u0111er, ali ne i to da bi je dob sprje\u010davala u \u017eivljenju i bavljenju stvarima koje je smatrala vrijednima.<\/p>\n\n\n\n<p class=\"wp-block-paragraph\">Kada su je \u010ditatelji <em>Guardiana<\/em> 2024. pitali zna\u010de li njezini tada\u0161nji projekti svojevrsno zaokru\u017eivanje karijere, odgovorila je: \u201eBo\u017ee, ne mogu u mirovinu. Uvijek ka\u017eem da sam se svojim snovima stjerala u kut.\u201c Objasnila je da vi\u0161e ne \u017eeli odlaziti na iscrpljuju\u0107e vi\u0161emjese\u010dne turneje, osobito zato \u0161to su i ona i suprug Carl Dean ostarjeli, ali to za nju nije zna\u010dilo prestanak rada. I dalje je nastupala i razvijala nove projekte, samo je na\u010din rada prilagodila \u017eivotnoj dobi.<\/p>\n\n\n\n<p class=\"wp-block-paragraph\">I desetlje\u0107e ranije je rekla za <em>Guardian<\/em>: \u201eNamjeravam raditi dok ne padnem. Voljela bih biti poput Boba Hopea i Betty White i raditi do 90. ili 100.\u201c Ve\u0107 je tada nagla\u0161avala da bi je od rada mogli udaljiti bolest ili potreba da se brine za supruga, ali ne i sama \u010dinjenica da je dosegla neku unaprijed odre\u0111enu dob za povla\u010denje.<\/p>\n\n\n\n<h2 class=\"wp-block-heading\">O operacijama nije glumila da ih nema<\/h2>\n\n\n\n<p class=\"wp-block-paragraph\">Ni fizi\u010dku stranu starenja nije poku\u0161avala prikriti pri\u010dama o prirodnoj ljepoti. O estetskim zahvatima govorila je desetlje\u0107ima, \u010desto se \u0161ale\u0107i na vlastiti ra\u010dun, ali je istodobno upozoravala da s njima treba biti oprezan.<\/p>\n\n\n\n<p class=\"wp-block-paragraph\">Najzlo\u010destijem radijskom voditelju, Howardu Sternu, 2023. godine je rekla: \u201eNastojim raditi samo male stvari odjednom, ne radim velike zahvate. Radim filere, botoks&#8230; i tada nastojim biti oprezna.\u201c Jo\u0161 2011. svoju je filozofiju sa\u017eela puno slikovitije: \u201eAko ne\u0161to visi, opu\u0161ta se ili vu\u010de, to \u0107u zategnuti, isisati ili po\u010dupati.\u201c<\/p>\n\n\n\n<p class=\"wp-block-paragraph\">Govore\u0107i o ko\u017ei u intervjuu za <em>Insider<\/em>, objasnila je da je tijekom \u017eivota vrlo malo boravila na jakom suncu. \u201eNikad se nisam izlagala suncu. Nemam mnogo istih problema koje imaju \u017eene mojih godina jer se nikad nisam pekla na suncu\u201c, navela je, dodaju\u0107i da razlog u mladosti nije bila naro\u010dita briga za ko\u017eu nego \u010dinjenica da ionako nije mogla lako potamnjeti.<\/p>\n\n\n\n<h2 class=\"wp-block-heading\">O kraju \u017eivota govorila je bez velike nelagode<\/h2>\n\n\n\n<p class=\"wp-block-paragraph\">Kako se pribli\u017eavala osamdesetoj, sve je \u010de\u0161\u0107e govorila i o tome \u0161to \u017eeli ostaviti iza sebe. Razmi\u0161ljala je o knjigama, pjesmama i snimkama koje \u0107e je nad\u017eivjeti, a u podcastu <em>Dolly Parton&#8217;s America<\/em> otvoreno je govorila i o smrti.<\/p>\n\n\n\n<p class=\"wp-block-paragraph\">\u201eNe mislim da je to kraj mene. Ne mislim da je to kraj ikoga od nas\u201c, rekla je \u010dvrsto uvjerena da se \u017eivot nastavlja i nakon smrti.<\/p>\n","protected":false},"excerpt":{"rendered":"<p>Dolly Parton o starenju je govorila bez uljep\u0161avanja: o godinama, radu, mirovini, estetskim zahvatima i vlastitom odnosu prema smrti.<\/p>\n","protected":false},"author":9,"featured_media":159092,"comment_status":"closed","ping_status":"closed","sticky":false,"template":"","format":"standard","meta":{"footnotes":""},"categories":[84],"tags":[1601,957,80],"class_list":["post-159450","post","type-post","status-publish","format-standard","has-post-thumbnail","hentry","category-show","tag-dolly-parton","tag-mirovina","tag-starenje"],"_links":{"self":[{"href":"https:\/\/www.mojevrijeme.hr\/magazin\/wp-json\/wp\/v2\/posts\/159450","targetHints":{"allow":["GET"]}}],"collection":[{"href":"https:\/\/www.mojevrijeme.hr\/magazin\/wp-json\/wp\/v2\/posts"}],"about":[{"href":"https:\/\/www.mojevrijeme.hr\/magazin\/wp-json\/wp\/v2\/types\/post"}],"author":[{"embeddable":true,"href":"https:\/\/www.mojevrijeme.hr\/magazin\/wp-json\/wp\/v2\/users\/9"}],"replies":[{"embeddable":true,"href":"https:\/\/www.mojevrijeme.hr\/magazin\/wp-json\/wp\/v2\/comments?post=159450"}],"version-history":[{"count":6,"href":"https:\/\/www.mojevrijeme.hr\/magazin\/wp-json\/wp\/v2\/posts\/159450\/revisions"}],"predecessor-version":[{"id":159456,"href":"https:\/\/www.mojevrijeme.hr\/magazin\/wp-json\/wp\/v2\/posts\/159450\/revisions\/159456"}],"wp:featuredmedia":[{"embeddable":true,"href":"https:\/\/www.mojevrijeme.hr\/magazin\/wp-json\/wp\/v2\/media\/159092"}],"wp:attachment":[{"href":"https:\/\/www.mojevrijeme.hr\/magazin\/wp-json\/wp\/v2\/media?parent=159450"}],"wp:term":[{"taxonomy":"category","embeddable":true,"href":"https:\/\/www.mojevrijeme.hr\/magazin\/wp-json\/wp\/v2\/categories?post=159450"},{"taxonomy":"post_tag","embeddable":true,"href":"https:\/\/www.mojevrijeme.hr\/magazin\/wp-json\/wp\/v2\/tags?post=159450"}],"curies":[{"name":"wp","href":"https:\/\/api.w.org\/{rel}","templated":true}]}}