{"id":159480,"date":"2026-08-31T16:07:13","date_gmt":"2026-08-31T14:07:13","guid":{"rendered":"https:\/\/www.mojevrijeme.hr\/magazin\/?p=159480"},"modified":"2026-08-31T16:08:44","modified_gmt":"2026-08-31T14:08:44","slug":"njemackoj-ponestaje-novca-za-skrb-ni-drzavni-zajam-od-32-milijarde-nije-dovoljan","status":"publish","type":"post","link":"https:\/\/www.mojevrijeme.hr\/magazin\/2026\/08\/njemackoj-ponestaje-novca-za-skrb-ni-drzavni-zajam-od-32-milijarde-nije-dovoljan\/","title":{"rendered":"Njema\u010dkoj ponestaje novca za skrb: Ni dr\u017eavni zajam od 3,2 milijarde nije dovoljan"},"content":{"rendered":"\n<p class=\"wp-block-paragraph\">Njema\u010dko obvezno osiguranje za dugotrajnu skrb u prvih je \u0161est mjeseci ove godine ostvarilo manjak od 770 milijuna eura. <em>GKV-Spitzenverband<\/em> upozorava da bi ve\u0107 u listopadu redovni prihodi mogli prestati biti dovoljni za potpuno financiranje svih prava iz sustava.<\/p>\n\n\n\n<p class=\"wp-block-paragraph\">Rashodi su u prvom polugodi\u0161tu porasli 11 posto, na 39,5 milijardi eura, dok su prihodi od doprinosa pove\u0107ani samo 3,9 posto. Ukupni prihodi, uklju\u010duju\u0107i dr\u017eavni zajam, porasli su 5,4 posto, na 38,7 milijardi eura.<\/p>\n\n\n\n<p class=\"wp-block-paragraph\">Njema\u010dko osiguranje za dugotrajnu skrb ne pokriva sve tro\u0161kove, nego dio njege kod ku\u0107e i u ustanovama. Ovisno o stupnju potrebe za pomo\u0107i, osiguranici mogu dobivati nov\u010danu naknadu ako ih njeguju \u010dlanovi obitelji, koristiti profesionalnu ku\u0107nu njegu, dnevnu i no\u0107nu skrb, kratkotrajni smje\u0161taj te pomo\u0107 za pomagala i prilagodbu stana.<\/p>\n\n\n\n<p class=\"wp-block-paragraph\">U domovima osiguranje korisnicima od drugog do petog stupnja skrbi mjese\u010dno pokriva od 805 do 2.096 eura tro\u0161kova njege, uz dodatne subvencije koje rastu s duljinom boravka. Smje\u0161taj, hranu i investicijske tro\u0161kove ne pokriva u cijelosti, a dio tro\u0161kova njege iznad priznate naknade tako\u0111er ostaje na korisniku.<\/p>\n\n\n\n<h2 class=\"wp-block-heading\">Ni zajam nije dovoljan<\/h2>\n\n\n\n<p class=\"wp-block-paragraph\">Njema\u010dka vlada osiguranju je za ovu godinu odobrila zajam od 3,2 milijarde eura, ali do kraja godine i dalje \u0107e nedostajati oko 500 milijuna. Bez zajma bi ovogodi\u0161nji manjak iznosio oko 4,4 milijarde eura, a s njime se o\u010dekuje deficit od oko 1,2 milijarde.<\/p>\n\n\n\n<p class=\"wp-block-paragraph\">Predsjednik uprave <em>GKV-Spitzenverbanda<\/em> Oliver Blatt stanje je opisao kao alarmantno. Upozorenje o listopadu ipak ne zna\u010di da \u0107e korisnicima prestati isplata prava, nego da \u0107e dr\u017eava morati osigurati dodatni novac ili promijeniti na\u010din financiranja sustava.<\/p>\n\n\n\n<h2 class=\"wp-block-heading\">Za 2027. treba deset milijardi<\/h2>\n\n\n\n<p class=\"wp-block-paragraph\">Jo\u0161 ve\u0107i problem o\u010dekuje se sljede\u0107e godine. <em>GKV-Spitzenverband<\/em> procjenjuje da \u0107e 2027. godine za stabilno financiranje osiguranja trebati dodatnih deset milijardi eura, od \u010dega se oko 7,5 milijardi odnosi na o\u010dekivani manjak, a ostatak na ponovno stvaranje zakonskih rezervi.<\/p>\n\n\n\n<p class=\"wp-block-paragraph\">Njema\u010dka dugotrajnu skrb financira posebnim obveznim osiguranjem. Osnovna stopa doprinosa iznosi 3,6 posto bruto prihoda, dok osiguranici bez djece pla\u0107aju 4,2 posto. Ni tako organiziran sustav ne pokriva cjelokupan tro\u0161ak skrbi.<\/p>\n\n\n\n<p class=\"wp-block-paragraph\">To posebno osje\u0107aju korisnici domova za starije. U prvoj godini boravka u domu u srpnju su iz vlastitog d\u017eepa prosje\u010dno pla\u0107ali 3.364 eura mjese\u010dno, odnosno 256 eura vi\u0161e nego godinu ranije, za dio njege koji osiguranje ne pokriva te za smje\u0161taj, prehranu i investicijske tro\u0161kove.<\/p>\n","protected":false},"excerpt":{"rendered":"<p>Njema\u010dko osiguranje za dugotrajnu skrb u minusu je 770 milijuna eura, a ni dr\u017eavni zajam od 3,2 milijarde ne\u0107e pokriti manjak.<\/p>\n","protected":false},"author":9,"featured_media":100330,"comment_status":"closed","ping_status":"closed","sticky":false,"template":"","format":"standard","meta":{"footnotes":""},"categories":[9],"tags":[127,1868],"class_list":["post-159480","post","type-post","status-publish","format-standard","has-post-thumbnail","hentry","category-vijesti","tag-njemacka","tag-skrb-za-starije"],"_links":{"self":[{"href":"https:\/\/www.mojevrijeme.hr\/magazin\/wp-json\/wp\/v2\/posts\/159480","targetHints":{"allow":["GET"]}}],"collection":[{"href":"https:\/\/www.mojevrijeme.hr\/magazin\/wp-json\/wp\/v2\/posts"}],"about":[{"href":"https:\/\/www.mojevrijeme.hr\/magazin\/wp-json\/wp\/v2\/types\/post"}],"author":[{"embeddable":true,"href":"https:\/\/www.mojevrijeme.hr\/magazin\/wp-json\/wp\/v2\/users\/9"}],"replies":[{"embeddable":true,"href":"https:\/\/www.mojevrijeme.hr\/magazin\/wp-json\/wp\/v2\/comments?post=159480"}],"version-history":[{"count":2,"href":"https:\/\/www.mojevrijeme.hr\/magazin\/wp-json\/wp\/v2\/posts\/159480\/revisions"}],"predecessor-version":[{"id":159482,"href":"https:\/\/www.mojevrijeme.hr\/magazin\/wp-json\/wp\/v2\/posts\/159480\/revisions\/159482"}],"wp:featuredmedia":[{"embeddable":true,"href":"https:\/\/www.mojevrijeme.hr\/magazin\/wp-json\/wp\/v2\/media\/100330"}],"wp:attachment":[{"href":"https:\/\/www.mojevrijeme.hr\/magazin\/wp-json\/wp\/v2\/media?parent=159480"}],"wp:term":[{"taxonomy":"category","embeddable":true,"href":"https:\/\/www.mojevrijeme.hr\/magazin\/wp-json\/wp\/v2\/categories?post=159480"},{"taxonomy":"post_tag","embeddable":true,"href":"https:\/\/www.mojevrijeme.hr\/magazin\/wp-json\/wp\/v2\/tags?post=159480"}],"curies":[{"name":"wp","href":"https:\/\/api.w.org\/{rel}","templated":true}]}}