{"id":159511,"date":"2026-09-01T13:07:25","date_gmt":"2026-09-01T11:07:25","guid":{"rendered":"https:\/\/www.mojevrijeme.hr\/magazin\/?p=159511"},"modified":"2026-09-01T13:59:57","modified_gmt":"2026-09-01T11:59:57","slug":"mirovine-za-dugi-staz-zaostaju-za-placama-u-deset-godina-izgubile-62-boda","status":"publish","type":"post","link":"https:\/\/www.mojevrijeme.hr\/magazin\/2026\/09\/mirovine-za-dugi-staz-zaostaju-za-placama-u-deset-godina-izgubile-62-boda\/","title":{"rendered":"Mirovine za dugi sta\u017e zaostaju za pla\u0107ama, u deset godina izgubile 6,2 boda"},"content":{"rendered":"\n<p class=\"wp-block-paragraph\">Prosje\u010dna starosna mirovina korisnika s 40 i vi\u0161e godina sta\u017ea prije deset godina iznosila je 72,60 posto prosje\u010dne neto pla\u0107e. Pet godina poslije udio je pao na 67,30 posto, a u lipnju 2026. na 66,36 posto.<\/p>\n\n\n\n<p class=\"wp-block-paragraph\"> Usporedba se odnosi na mirovine ostvarene prema ZOMO-u bez me\u0111unarodnih ugovora i u sva tri slu\u010daja na mirovinu za lipanj, ispla\u0107enu u srpnju.<\/p>\n\n\n\n<p class=\"wp-block-paragraph\">Naime, u lipnju 2016. prosje\u010dna mirovina te skupine iznosila je 549,78 eura, a prosje\u010dna neto pla\u0107a 757,32 eura, pa je mirovina dosezala spomenutih 72,60 posto pla\u0107e. U idu\u0107ih deset godina mirovinski prosjek za 40 i vi\u0161e godina sta\u017ea narastao je na 1.029,88 eura, a prosje\u010dna neto pla\u0107a na 1.552 eura. To zna\u010di da je mirovina s najmanje \u010detiri desetlje\u0107a sta\u017ea vrijedila svega 66,36 posto prosje\u010dne pla\u0107e.<\/p>\n\n\n\n<h2 class=\"wp-block-heading\">Pad nije ravnomjeran<\/h2>\n\n\n\n<p class=\"wp-block-paragraph\">Trend pritom nije bio jednako sna\u017ean tijekom cijelog desetlje\u0107a. Od 2016. do 2021. udio je pao za 5,30 postotnih bodova, dok se u sljede\u0107ih pet godina smanjio za jo\u0161 ne\u0161to manje od jednog postotnog boda. Nominalno je mirovina od 2016. do 2026. porasla oko 87 posto, ali je prosje\u010dna neto pla\u0107a u istom razdoblju porasla oko 105 posto.<\/p>\n\n\n\n<div class=\"mv-tablica-wrap\">\n  <table class=\"mv-tablica\">\n    <thead>\n      <tr>\n        <th>Pokazatelj<\/th>\n        <th>lipanj 2016.<\/th>\n        <th>lipanj 2021.<\/th>\n        <th>lipanj 2026.<\/th>\n      <\/tr>\n    <\/thead>\n    <tbody>\n      <tr>\n        <td data-label=\"Pokazatelj\">Prosje\u010dna mirovina, 40+ godina sta\u017ea<\/td>\n        <td data-label=\"lipanj 2016.\">549,78 \u20ac<\/td>\n        <td data-label=\"lipanj 2021.\">634,58 \u20ac<\/td>\n        <td data-label=\"lipanj 2026.\">1.029,88 \u20ac<\/td>\n      <\/tr>\n      <tr>\n        <td data-label=\"Pokazatelj\">Prosje\u010dna neto pla\u0107a<\/td>\n        <td data-label=\"lipanj 2016.\">757,32 \u20ac<\/td>\n        <td data-label=\"lipanj 2021.\">942,86 \u20ac<\/td>\n        <td data-label=\"lipanj 2026.\">1.552 \u20ac<\/td>\n      <\/tr>\n      <tr>\n        <td data-label=\"Pokazatelj\">Mirovina u odnosu na pla\u0107u<\/td>\n        <td data-label=\"lipanj 2016.\"><strong>72,60%<\/strong><\/td>\n        <td data-label=\"lipanj 2021.\"><strong>67,30%<\/strong><\/td>\n        <td data-label=\"lipanj 2026.\"><strong>66,36%<\/strong><\/td>\n      <\/tr>\n    <\/tbody>\n  <\/table>\n<\/div>\n\n<style>\n.mv-tablica-wrap {\n  width: 100%;\n  max-width: 100%;\n  margin: 24px 0;\n}\n\n.mv-tablica {\n  width: 100%;\n  border-collapse: collapse;\n  background: #fff;\n  font-family: inherit;\n  font-size: inherit;\n  line-height: 1.45;\n}\n\n.mv-tablica th,\n.mv-tablica td {\n  padding: 14px;\n  border: 1px solid #ddd;\n  text-align: center;\n  vertical-align: middle;\n}\n\n.mv-tablica th {\n  background: #db4848;\n  color: #fff;\n  font-weight: 700;\n}\n\n.mv-tablica th:first-child,\n.mv-tablica td:first-child {\n  text-align: left;\n  font-weight: 700;\n}\n\n.mv-tablica tbody tr:nth-child(even) {\n  background: #f8f8f8;\n}\n\n@media (max-width: 700px) {\n\n  .mv-tablica,\n  .mv-tablica tbody,\n  .mv-tablica tr,\n  .mv-tablica td {\n    display: block;\n    width: 100%;\n    box-sizing: border-box;\n  }\n\n  .mv-tablica thead {\n    display: none;\n  }\n\n  .mv-tablica tr {\n    margin-bottom: 18px;\n    border: 1px solid #ddd;\n    background: #fff;\n  }\n\n  .mv-tablica tbody tr:nth-child(even) {\n    background: #fff;\n  }\n\n  .mv-tablica td {\n    display: flex;\n    justify-content: space-between;\n    align-items: center;\n    gap: 20px;\n    padding: 11px 14px;\n    border: 0;\n    border-bottom: 1px solid #eee;\n    text-align: right;\n  }\n\n  .mv-tablica td:last-child {\n    border-bottom: 0;\n  }\n\n  .mv-tablica td::before {\n    content: attr(data-label);\n    flex: 0 0 45%;\n    text-align: left;\n    font-weight: 700;\n  }\n\n  .mv-tablica td:first-child {\n    display: block;\n    padding: 13px 14px;\n    background: #db4848;\n    color: #fff;\n    text-align: left;\n  }\n\n  .mv-tablica td:first-child::before {\n    display: none;\n  }\n}\n<\/style>\n\n\n\n<h2 class=\"wp-block-heading\">Ova usporedba ima ograni\u010denje<\/h2>\n\n\n\n<p class=\"wp-block-paragraph\">Kod ove usporedbe postoji va\u017ena ograda. Skupina 40 i vi\u0161e godina sta\u017ea otvorena je kategorija: u njoj su zajedno korisnici s to\u010dno 40 godina sta\u017ea i oni s 41, 43, 45 ili vi\u0161e godina. Promjena unutarnje strukture skupine zato mo\u017ee utjecati na prosjek.<\/p>\n\n\n\n<p class=\"wp-block-paragraph\">Zbog toga ove podatke treba \u010ditati kao ukupan trend promjenjive kategorije u kojoj su umirovljenici s iznimno dugim sta\u017eem.<\/p>\n\n\n\n<h2 class=\"wp-block-heading\">Ho\u0107e li uskla\u0111ivanje popraviti stvar?<\/h2>\n\n\n\n<p class=\"wp-block-paragraph\">Umirovljeni\u010dke udruge i stranke upozoravaju da mirovine konstantno zaostaju za pla\u0107ama te da ni nova formula uskla\u0111ivanja ne\u0107e ispraviti tu nepravdu. Naime, od 1. srpnja 2026. mirovine se uskla\u0111uju za 5,40 posto, a nova aktualna vrijednost mirovine iznosi 15,64 eura. <\/p>\n\n\n\n<p class=\"wp-block-paragraph\">Ako bismo samo radi projekcije lipanjski prosjek od 1.029,88 eura mehani\u010dki pove\u0107ali za 5,40 posto, dobili bismo oko 1.085,49 eura. U odnosu na prosje\u010dnu neto pla\u0107u za lipanj od 1.555 eura to bi bilo pribli\u017eno 69,8 posto pla\u0107e. No i dalje bi ostao oko 2,8 postotnih bodova ispod razine iz 2016. godine.<\/p>\n","protected":false},"excerpt":{"rendered":"<p>Mirovine za 40 i vi\u0161e godina sta\u017ea u deset godina rasle su sporije od pla\u0107a. Njihov udio u prosje\u010dnoj neto pla\u0107i pao je sa 72,6 na 66,4 posto.<\/p>\n","protected":false},"author":10,"featured_media":134780,"comment_status":"closed","ping_status":"closed","sticky":false,"template":"","format":"standard","meta":{"footnotes":""},"categories":[4947],"tags":[18,971],"class_list":["post-159511","post","type-post","status-publish","format-standard","has-post-thumbnail","hentry","category-mirovina","tag-mirovine","tag-uskladivanje-mirovina"],"_links":{"self":[{"href":"https:\/\/www.mojevrijeme.hr\/magazin\/wp-json\/wp\/v2\/posts\/159511","targetHints":{"allow":["GET"]}}],"collection":[{"href":"https:\/\/www.mojevrijeme.hr\/magazin\/wp-json\/wp\/v2\/posts"}],"about":[{"href":"https:\/\/www.mojevrijeme.hr\/magazin\/wp-json\/wp\/v2\/types\/post"}],"author":[{"embeddable":true,"href":"https:\/\/www.mojevrijeme.hr\/magazin\/wp-json\/wp\/v2\/users\/10"}],"replies":[{"embeddable":true,"href":"https:\/\/www.mojevrijeme.hr\/magazin\/wp-json\/wp\/v2\/comments?post=159511"}],"version-history":[{"count":8,"href":"https:\/\/www.mojevrijeme.hr\/magazin\/wp-json\/wp\/v2\/posts\/159511\/revisions"}],"predecessor-version":[{"id":159521,"href":"https:\/\/www.mojevrijeme.hr\/magazin\/wp-json\/wp\/v2\/posts\/159511\/revisions\/159521"}],"wp:featuredmedia":[{"embeddable":true,"href":"https:\/\/www.mojevrijeme.hr\/magazin\/wp-json\/wp\/v2\/media\/134780"}],"wp:attachment":[{"href":"https:\/\/www.mojevrijeme.hr\/magazin\/wp-json\/wp\/v2\/media?parent=159511"}],"wp:term":[{"taxonomy":"category","embeddable":true,"href":"https:\/\/www.mojevrijeme.hr\/magazin\/wp-json\/wp\/v2\/categories?post=159511"},{"taxonomy":"post_tag","embeddable":true,"href":"https:\/\/www.mojevrijeme.hr\/magazin\/wp-json\/wp\/v2\/tags?post=159511"}],"curies":[{"name":"wp","href":"https:\/\/api.w.org\/{rel}","templated":true}]}}