{"id":159599,"date":"2026-09-02T19:18:08","date_gmt":"2026-09-02T17:18:08","guid":{"rendered":"https:\/\/www.mojevrijeme.hr\/magazin\/?p=159599"},"modified":"2026-09-02T22:48:58","modified_gmt":"2026-09-02T20:48:58","slug":"jelovnik-za-plenkovica-ajngemahtec-za-rejting-kobasa-za-uskladivanje-mirovina","status":"publish","type":"post","link":"https:\/\/www.mojevrijeme.hr\/magazin\/2026\/09\/jelovnik-za-plenkovica-ajngemahtec-za-rejting-kobasa-za-uskladivanje-mirovina\/","title":{"rendered":"Plenkovi\u0107eva kuhinja: Kobasa za uskla\u0111ivanje mirovina, ajngemahtec za rejting"},"content":{"rendered":"\n<p class=\"wp-block-paragraph\">Predsjednik Bloka umirovljenici zajedno (BUZ) Milivoj \u0160pika pozvao je premijera Andreja Plenkovi\u0107a (HDZ) da mjesec dana poku\u0161a \u017eivjeti od prosje\u010dne mirovine, odnosno oko 760 eura.<\/p>\n\n\n\n<p class=\"wp-block-paragraph\">Ako je pitati umirovljenike, nema dvojbe \u0161to bi predsjednik Vlade mogao kuhati kada bi nakon re\u017eija, lijekova, telefona, prijevoza i ostalih tro\u0161kova otvorio mlohavi nov\u010danik. Hrvatska umirovljeni\u010dka kuhinja za takve situacije ima poprili\u010dno stabilan repertoar jestvina, otporan na kretanja cijena sirove nafte na svjetskom tr\u017ei\u0161tu i politi\u010dke nestabilnosti u regiji.<\/p>\n\n\n\n<h2 class=\"wp-block-heading\">Krumpir otvara mjesec<\/h2>\n\n\n\n<p class=\"wp-block-paragraph\">Plenkovi\u0107 bi tako mogao mjesec zapo\u010deti krumpirom na salatu, a sutradan prije\u0107i na granadir mar\u0161, staro jelo od krumpira i tjestenine koje je generacijama hranilo obitelji kada mesa nije bilo ili ga je trebalo \u0161tedjeti.<\/p>\n\n\n\n<p class=\"wp-block-paragraph\">Nakon krumpira na red bi do\u0161lo zelje. Krpice sa zeljem, zelje na varivo i ab\u0161malcano zelje. Premijer bi mogao proglasiti i Tjedan kupusa, zdrave hrvatske namirnice koja je jeftina, zasitna i dovoljno svestrana da se cijeli tjedan pojavljuje na stolu, a da se formalno ne jede ba\u0161 isto jelo.<\/p>\n\n\n\n<h2 class=\"wp-block-heading\">S mesom oprezno<\/h2>\n\n\n\n<p class=\"wp-block-paragraph\">Za mesni dan ne bi trebalo kupovati odrezak. Koko\u0161je nogice mogu zavr\u0161iti u juhi s korjenastim povr\u0107em i rezancima. Grah bi se pojavljivao redovito, uglavnom bez mesa, no veliko uskla\u0111ivanje mirovina od 5,40 posto ipak zaslu\u017euje ne\u0161to posebno. Na dan kada pove\u0107ana mirovina sjedne na ra\u010dun, u grah bi se mogla umo\u010diti i narodna kobasa.<\/p>\n\n\n\n<p class=\"wp-block-paragraph\">Ako bi oporba prigovorila da jedna kobasica ne mijenja bitno \u017eivotni standard, premijer bi to mogao odbaciti kao jo\u0161 jedan primjer oporbene histerije. Uskla\u0111ivanje je 5,40 posto, grah je dobio kobasicu, a situaciju u kuhinji valja dedramatizirati.<\/p>\n\n\n\n<p class=\"wp-block-paragraph\">Hrenovke i salame kupovao bi pred istekom roka, a jednom mjese\u010dno mogao bi se dogoditi i pravi komad govedine. Ne nu\u017eno svje\u017ee doma\u0107e meso iz mesnice, nego vi\u0161estruko zamrznuta i odmrznuta argentinska govedina iz velikog trgova\u010dkog lanca, kupljena na akciji nakon \u0161to je nekoliko puta oplovila Europu u brodu hladnja\u010di. Tek toliko da ne zaboravi okus.<\/p>\n\n\n\n<h2 class=\"wp-block-heading\">Sok iz Maksimira<\/h2>\n\n\n\n<p class=\"wp-block-paragraph\">Ni pi\u0107e ne mora ko\u0161tati puno. Umjesto nezdravih gaziranih sokova Plenkovi\u0107 bi mogao pro\u0161etati Maksimirom, nabrati cvjetove bazge i napraviti dovoljno sirupa za nekoliko mjeseci. Od vo\u0107a bi mogao skupljati kupine po zapu\u0161tenijim gradskim \u017eivicama. Hvala Bogu, takvih mjesta jo\u0161 ima jer ih mrski mu Mo\u017eemo ne stigne sva odr\u017eavati urednima.<\/p>\n\n\n\n<p class=\"wp-block-paragraph\">Vodu bi ovih dana, naravno, pio isklju\u010divo gospi\u0107ku. Ako je ve\u0107 zbog aktualnih doga\u0111aja Gospi\u0107 dospio u sredi\u0161te pozornosti, premijer bi barem mogao pokazati puno povjerenje u lokalni vodovod.<\/p>\n\n\n\n<h2 class=\"wp-block-heading\">Ajngemahtec za rejting<\/h2>\n\n\n\n<p class=\"wp-block-paragraph\">Ne bi svih trideset dana pro\u0161lo bez slavlja. Kada Hrvatskoj neka od velikih agencija ponovno podigne kreditni rejting, premijer bi to mogao proslaviti ajngemahtecom, koko\u0161jom juhom s povr\u0107em, noklicama i komadi\u0107ima iznutrica. Sasvim pristojna prehrambeno-dr\u017eavni\u010dka sve\u010danost.<\/p>\n\n\n\n<h2 class=\"wp-block-heading\">Ursula dijeli recepte<\/h2>\n\n\n\n<p class=\"wp-block-paragraph\">Tijekom boravka u Bruxellesu Plenkovi\u0107 bi mogao pro\u0161iriti i nadograditi svoje kulinarske vje\u0161tine. Predsjednica Europske komisije, njegova bliska prijateljica, Ursula von der Leyen mogla bi ga na marginama sastanaka podu\u010diti osnovama cjenovno pristupa\u010dne isto\u010dnonjema\u010dke kuhinje.<\/p>\n\n\n\n<p class=\"wp-block-paragraph\">Prvi bi izbor bio <em>DDR-J\u00e4gerschnitzel<\/em>, koji unato\u010d zvu\u010dnom imenu nije lova\u010dki odrezak nego debela kri\u0161ka kobasice, panirana i poslu\u017eena s tjesteninom i umakom od raj\u010dice. Za drugi briselski dan mogla bi se slu\u017eiti <em>Tote Oma<\/em>, odnosno &#8220;mrtva baka&#8221;, staro isto\u010dnonjema\u010dko jelo od krvavice, kiselog kupusa i krumpira. Nije reprezentativno, ali je zasitno. I zdravo.<\/p>\n\n\n\n<h2 class=\"wp-block-heading\">Gazpacho je netema<\/h2>\n\n\n\n<p class=\"wp-block-paragraph\">Nakon povratka iz Bruxellesa nastavio bi ondje gdje je stao: s jeftinim doma\u0107im jelima i onim \u0161to je ostalo od ju\u010dera\u0161njeg ru\u010dka. Krumpir, zelje i tjestenina su konstanta, konstantnija od hrvatske inflacije. <\/p>\n\n\n\n<p class=\"wp-block-paragraph\">Ipak, s obzirom na to koliko cijene svje\u017eih raj\u010dica ovog ljeta divljaju, gazpacho \u0107emo ostaviti za neka budu\u0107a sretnija vremena. Uostalom, pitanje gazpacha do kraja mjeseca postalo bi netema. Raj\u010dice su skupe, krumpira jo\u0161 ima, a sa stvarima koje nisu prioritetne nema potrebe stvarati kaos u prehrambenom prostoru.<\/p>\n","protected":false},"excerpt":{"rendered":"<p>Milivoj \u0160pika izazvao je Andreja Plenkovi\u0107a da mjesec dana \u017eivi od prosje\u010dne mirovine. Slo\u017eili smo mu jeftini umirovljeni\u010dki jelovnik.<\/p>\n","protected":false},"author":1,"featured_media":159606,"comment_status":"closed","ping_status":"closed","sticky":false,"template":"","format":"standard","meta":{"footnotes":""},"categories":[4947],"tags":[888,854,18,42,236],"class_list":["post-159599","post","type-post","status-publish","format-standard","has-post-thumbnail","hentry","category-mirovina","tag-andrej-plenkovic","tag-milivoj-spika","tag-mirovine","tag-prehrana","tag-standard"],"_links":{"self":[{"href":"https:\/\/www.mojevrijeme.hr\/magazin\/wp-json\/wp\/v2\/posts\/159599","targetHints":{"allow":["GET"]}}],"collection":[{"href":"https:\/\/www.mojevrijeme.hr\/magazin\/wp-json\/wp\/v2\/posts"}],"about":[{"href":"https:\/\/www.mojevrijeme.hr\/magazin\/wp-json\/wp\/v2\/types\/post"}],"author":[{"embeddable":true,"href":"https:\/\/www.mojevrijeme.hr\/magazin\/wp-json\/wp\/v2\/users\/1"}],"replies":[{"embeddable":true,"href":"https:\/\/www.mojevrijeme.hr\/magazin\/wp-json\/wp\/v2\/comments?post=159599"}],"version-history":[{"count":18,"href":"https:\/\/www.mojevrijeme.hr\/magazin\/wp-json\/wp\/v2\/posts\/159599\/revisions"}],"predecessor-version":[{"id":159633,"href":"https:\/\/www.mojevrijeme.hr\/magazin\/wp-json\/wp\/v2\/posts\/159599\/revisions\/159633"}],"wp:featuredmedia":[{"embeddable":true,"href":"https:\/\/www.mojevrijeme.hr\/magazin\/wp-json\/wp\/v2\/media\/159606"}],"wp:attachment":[{"href":"https:\/\/www.mojevrijeme.hr\/magazin\/wp-json\/wp\/v2\/media?parent=159599"}],"wp:term":[{"taxonomy":"category","embeddable":true,"href":"https:\/\/www.mojevrijeme.hr\/magazin\/wp-json\/wp\/v2\/categories?post=159599"},{"taxonomy":"post_tag","embeddable":true,"href":"https:\/\/www.mojevrijeme.hr\/magazin\/wp-json\/wp\/v2\/tags?post=159599"}],"curies":[{"name":"wp","href":"https:\/\/api.w.org\/{rel}","templated":true}]}}