{"id":159639,"date":"2026-09-03T11:22:26","date_gmt":"2026-09-03T09:22:26","guid":{"rendered":"https:\/\/www.mojevrijeme.hr\/magazin\/?p=159639"},"modified":"2026-09-03T11:29:10","modified_gmt":"2026-09-03T09:29:10","slug":"mladih-umirovljenika-sve-je-manje-u-deset-godina-njihov-broj-pao-54-posto","status":"publish","type":"post","link":"https:\/\/www.mojevrijeme.hr\/magazin\/2026\/09\/mladih-umirovljenika-sve-je-manje-u-deset-godina-njihov-broj-pao-54-posto\/","title":{"rendered":"Mla\u0111ih umirovljenika sve je manje: U deset godina njihov broj pao 54 posto"},"content":{"rendered":"\n<p class=\"wp-block-paragraph\">Broj korisnika mirovina prema Zakonu o mirovinskom osiguranju (ZOMO) gotovo je isti kao prije deset godina, ali njihova dobna slika vi\u0161e nije. Mla\u0111ih od 65 godina danas je oko 54 posto manje nego deset godina ranije, dok je korisnika s 85 i vi\u0161e godina gotovo 47 posto vi\u0161e.<\/p>\n\n\n\n<p class=\"wp-block-paragraph\">Na kraju lipnja 2016. godine Hrvatski zavod za mirovinsko osiguranje (HZMO) evidentirao je ne\u0161to vi\u0161e od 1,13 milijuna korisnika mirovina prema ZOMO-u. Gotovo isti broj HZMO bilje\u017ei i deset godina poslije, no unutar pojedinih dobnih skupina dogodile su se velike promjene.<\/p>\n\n\n\n<div class=\"mv-tablica-wrap\">\n  <table class=\"mv-tablica\">\n    <thead>\n      <tr>\n        <th>Pokazatelj<\/th>\n        <th>lipanj 2016.<\/th>\n        <th>lipanj 2021.<\/th>\n        <th>lipanj 2026.<\/th>\n      <\/tr>\n    <\/thead>\n\n    <tbody>\n      <tr>\n        <td data-label=\"Pokazatelj\">Ukupno korisnika ZOMO-a<\/td>\n        <td data-label=\"lipanj 2016.\">1.138.222<\/td>\n        <td data-label=\"lipanj 2021.\">1.143.704<\/td>\n        <td data-label=\"lipanj 2026.\">1.136.948<\/td>\n      <\/tr>\n\n      <tr>\n        <td data-label=\"Pokazatelj\">Mla\u0111i od 65 godina<\/td>\n        <td data-label=\"lipanj 2016.\">296.313<\/td>\n        <td data-label=\"lipanj 2021.\">206.606<\/td>\n        <td data-label=\"lipanj 2026.\">136.423<\/td>\n      <\/tr>\n\n      <tr>\n        <td data-label=\"Pokazatelj\">Udio mla\u0111ih od 65<\/td>\n        <td data-label=\"lipanj 2016.\"><strong>26,0%<\/strong><\/td>\n        <td data-label=\"lipanj 2021.\"><strong>18,1%<\/strong><\/td>\n        <td data-label=\"lipanj 2026.\"><strong>12,0%<\/strong><\/td>\n      <\/tr>\n\n      <tr>\n        <td data-label=\"Pokazatelj\">85 godina i vi\u0161e<\/td>\n        <td data-label=\"lipanj 2016.\">85.325<\/td>\n        <td data-label=\"lipanj 2021.\">108.835<\/td>\n        <td data-label=\"lipanj 2026.\">125.814<\/td>\n      <\/tr>\n\n      <tr>\n        <td data-label=\"Pokazatelj\">Udio 85+<\/td>\n        <td data-label=\"lipanj 2016.\"><strong>7,5%<\/strong><\/td>\n        <td data-label=\"lipanj 2021.\"><strong>9,5%<\/strong><\/td>\n        <td data-label=\"lipanj 2026.\"><strong>11,1%<\/strong><\/td>\n      <\/tr>\n    <\/tbody>\n  <\/table>\n<\/div>\n\n<style>\n.mv-tablica-wrap {\n  width: 100%;\n  max-width: 100%;\n  margin: 24px 0;\n}\n\n.mv-tablica {\n  width: 100%;\n  border-collapse: separate;\n  border-spacing: 0;\n  overflow: hidden;\n  background: #fff;\n  border: 1px solid #ddd;\n  border-radius: 8px;\n  font-family: inherit;\n  font-size: inherit;\n  line-height: 1.45;\n}\n\n.mv-tablica th,\n.mv-tablica td {\n  padding: 14px;\n  border-right: 1px solid #ddd;\n  border-bottom: 1px solid #ddd;\n  text-align: center;\n  vertical-align: middle;\n}\n\n.mv-tablica th:last-child,\n.mv-tablica td:last-child {\n  border-right: 0;\n}\n\n.mv-tablica tbody tr:last-child td {\n  border-bottom: 0;\n}\n\n.mv-tablica th {\n  background: #db4848;\n  color: #fff;\n  font-weight: 700;\n}\n\n.mv-tablica th:first-child,\n.mv-tablica td:first-child {\n  text-align: left;\n  font-weight: 700;\n}\n\n.mv-tablica tbody tr:nth-child(even) {\n  background: #f8f8f8;\n}\n\n@media (max-width: 700px) {\n  .mv-tablica {\n    border: 0;\n    border-radius: 0;\n    background: transparent;\n  }\n\n  .mv-tablica,\n  .mv-tablica tbody,\n  .mv-tablica tr,\n  .mv-tablica td {\n    display: block;\n    width: 100%;\n    box-sizing: border-box;\n  }\n\n  .mv-tablica thead {\n    display: none;\n  }\n\n  .mv-tablica tr {\n    margin-bottom: 16px;\n    background: #fff;\n    border: 1px solid #ddd;\n    border-left: 5px solid #db4848;\n    border-radius: 7px;\n    overflow: hidden;\n  }\n\n  .mv-tablica tbody tr:nth-child(even) {\n    background: #fff;\n  }\n\n  .mv-tablica td {\n    display: flex;\n    justify-content: space-between;\n    align-items: center;\n    gap: 18px;\n    padding: 11px 14px;\n    border: 0;\n    border-bottom: 1px solid #eee;\n    text-align: right;\n  }\n\n  .mv-tablica td:last-child {\n    border-bottom: 0;\n  }\n\n  .mv-tablica td::before {\n    content: attr(data-label);\n    flex: 0 0 46%;\n    text-align: left;\n    font-weight: 700;\n  }\n\n  .mv-tablica td:first-child {\n    display: block;\n    padding: 13px 14px;\n    background: #f7f5f2;\n    color: #222;\n    text-align: left;\n  }\n\n  .mv-tablica td:first-child::before {\n    display: none;\n  }\n}\n<\/style>\n\n\n\n<p class=\"wp-block-paragraph\">Prije deset godina korisnici mla\u0111i od 65 \u010dinili su otprilike \u010detvrtinu svih korisnika ZOMO-a. Danas ih je 12 posto. Istodobno se udio onih s najmanje 85 godina pove\u0107ao sa 7,5 na 11,1 posto.<\/p>\n\n\n\n<h2 class=\"wp-block-heading\">\u017dene kasnije odlaze u mirovinu<\/h2>\n\n\n\n<p class=\"wp-block-paragraph\">Dobar dio pada me\u0111u mla\u0111im korisnicima mo\u017ee se povezati s postupnim podizanjem dobne granice za \u017eene. U 2016. godini \u017eena je redovnu starosnu mirovinu mogla ostvariti sa 61 godinom i \u0161est mjeseci. Do danas je ta dob postupno podignuta na 64 godine. To je pak povuklo za sobom i podizanje najni\u017ee dobi za prijevremenu starosnu mirovinu.<\/p>\n\n\n\n<p class=\"wp-block-paragraph\">To se vidi i me\u0111u korisnicama mla\u0111ima od 65 godina. Njih je 2016. godine bilo gotovo 177.000, pet godina poslije oko 121.000, a u lipnju ove godine ne\u0161to ih je manje od 74.000. U deset godina njihov se broj tako smanjio za gotovo 58 posto.<\/p>\n\n\n\n<h2 class=\"wp-block-heading\">Ali nije samo do \u017eena<\/h2>\n\n\n\n<p class=\"wp-block-paragraph\">Prijelazno razdoblje za \u017eene ipak nije cijelo obja\u0161njenje jer se i broj mu\u0161karaca mla\u0111ih od 65 godina jako smanjio. Njih je prije deset godina bilo 119.000, da bi danas ta skupina brojala tek ne\u0161to manje od 63.000. Na broj mla\u0111ih korisnika utje\u010du i uvjeti za prijevremene i invalidske mirovine te promjene u dobi u kojoj se odlazi s tr\u017ei\u0161ta rada.<\/p>\n\n\n\n<p class=\"wp-block-paragraph\">Koliko se dobna slika hrvatskih umirovljenika mijenja, govori usporedba broja najmla\u0111ih i najstarijih generacija. Prije deset godina mla\u0111ih od 65 bilo je oko 247 posto vi\u0161e nego korisnika s 85 i vi\u0161e godina, dok ih je danas tek oko 8 posto vi\u0161e.<\/p>\n","protected":false},"excerpt":{"rendered":"<p>Dobna struktura hrvatskih umirovljenika sna\u017eno se promijenila: mla\u0111ih od 65 je 54 posto manje, a korisnika s 85 i vi\u0161e godina 47 posto vi\u0161e.<\/p>\n","protected":false},"author":10,"featured_media":150027,"comment_status":"closed","ping_status":"closed","sticky":false,"template":"","format":"standard","meta":{"footnotes":""},"categories":[4947],"tags":[205,18,77],"class_list":["post-159639","post","type-post","status-publish","format-standard","has-post-thumbnail","hentry","category-mirovina","tag-demografija","tag-mirovine","tag-umirovljenici"],"_links":{"self":[{"href":"https:\/\/www.mojevrijeme.hr\/magazin\/wp-json\/wp\/v2\/posts\/159639","targetHints":{"allow":["GET"]}}],"collection":[{"href":"https:\/\/www.mojevrijeme.hr\/magazin\/wp-json\/wp\/v2\/posts"}],"about":[{"href":"https:\/\/www.mojevrijeme.hr\/magazin\/wp-json\/wp\/v2\/types\/post"}],"author":[{"embeddable":true,"href":"https:\/\/www.mojevrijeme.hr\/magazin\/wp-json\/wp\/v2\/users\/10"}],"replies":[{"embeddable":true,"href":"https:\/\/www.mojevrijeme.hr\/magazin\/wp-json\/wp\/v2\/comments?post=159639"}],"version-history":[{"count":7,"href":"https:\/\/www.mojevrijeme.hr\/magazin\/wp-json\/wp\/v2\/posts\/159639\/revisions"}],"predecessor-version":[{"id":159646,"href":"https:\/\/www.mojevrijeme.hr\/magazin\/wp-json\/wp\/v2\/posts\/159639\/revisions\/159646"}],"wp:featuredmedia":[{"embeddable":true,"href":"https:\/\/www.mojevrijeme.hr\/magazin\/wp-json\/wp\/v2\/media\/150027"}],"wp:attachment":[{"href":"https:\/\/www.mojevrijeme.hr\/magazin\/wp-json\/wp\/v2\/media?parent=159639"}],"wp:term":[{"taxonomy":"category","embeddable":true,"href":"https:\/\/www.mojevrijeme.hr\/magazin\/wp-json\/wp\/v2\/categories?post=159639"},{"taxonomy":"post_tag","embeddable":true,"href":"https:\/\/www.mojevrijeme.hr\/magazin\/wp-json\/wp\/v2\/tags?post=159639"}],"curies":[{"name":"wp","href":"https:\/\/api.w.org\/{rel}","templated":true}]}}