{"id":159663,"date":"2026-09-03T18:09:42","date_gmt":"2026-09-03T16:09:42","guid":{"rendered":"https:\/\/www.mojevrijeme.hr\/magazin\/?p=159663"},"modified":"2026-09-03T18:09:43","modified_gmt":"2026-09-03T16:09:43","slug":"milanovic-uz-prosvjednike-institucije-su-propustile-zastititi-licane","status":"publish","type":"post","link":"https:\/\/www.mojevrijeme.hr\/magazin\/2026\/09\/milanovic-uz-prosvjednike-institucije-su-propustile-zastititi-licane\/","title":{"rendered":"Milanovi\u0107 uz prosvjednike: Institucije su propustile za\u0161tititi Li\u010dane"},"content":{"rendered":"\n<p class=\"wp-block-paragraph\">Predsjednik Republike <strong>Zoran Milanovi\u0107 <\/strong>podr\u017eao je prosvjed &#8220;Hodaj za Liku, hodaj za Hrvatsku&#8221;, koji \u0107e se u subotu, 5. rujna, odr\u017eati u Zagrebu zbog nezakonito odlo\u017eenog otpada u Gospi\u0107u. Poru\u010dio je da su o\u010duvanje prirode, okoli\u0161a i zdravlja ljudi me\u0111u najvi\u0161im vrednotama hrvatskog ustavnog poretka.<\/p>\n\n\n\n<p class=\"wp-block-paragraph\">&#8220;Svako javno okupljanje i mirni prosvjed kojemu je cilj o\u010duvanje prirode, \u010dovjekova okoli\u0161a i zdravlja ljudi treba podr\u017eati, pogotovo u situaciji kada su institucije dr\u017eave propustile to u\u010diniti kao u slu\u010daju nezakonitog odlaganja opasnog otpada u Gospi\u0107u. Samo zahvaljuju\u0107i pojedincima i udrugama gra\u0111ana, koji su vi\u0161e od dvije godine upozoravali na problem, o tome se po\u010delo ozbiljno raspravljati.&#8221;<\/p>\n\n\n\n<p class=\"wp-block-paragraph\">Milanovi\u0107 je objavio da gra\u0111ani, a posebno Gospi\u0107ani i Li\u010dani, imaju pravo tra\u017eiti odgovore koje do danas nisu dobili. &#8220;Prosvjed u Zagrebu vidim kao poziv hrvatskih ljudi upu\u0107en odgovornim institucijama da br\u017ee i efikasnije po\u010dne rje\u0161avati problem opasnog otpada u Gospi\u0107u i drugim mjestima, ali i kao poziv da se utvrdi odgovornost sviju koji su omogu\u0107ili uvoz i nezakonito odlaganje opasnog otpada.&#8221;<\/p>\n\n\n\n<p class=\"wp-block-paragraph\">&#8220;Prosvjed koji tra\u017ei za\u0161titu prirode, \u010dovjekova okoli\u0161a i zdravlja ljudi, kao i odgovornost za kr\u0161enje zakona ima moju podr\u0161ku jer zapravo tra\u017ei o\u010duvanje vrednota hrvatskog ustavnog poretka \u010dija je za\u0161tita i moja du\u017enost&#8221;, ka\u017ee Milanovi\u0107.<\/p>\n\n\n\n<h2 class=\"wp-block-heading\">Prosvjed zbog otpada u Gospi\u0107u<\/h2>\n\n\n\n<p class=\"wp-block-paragraph\">Prosvjed 5. rujna organizira gra\u0111anska inicijativa &#8220;Gospi\u0107 je na\u0161 dom&#8221;, uz logisti\u010dku pomo\u0107 Li\u010dke ekolo\u0161ke akcije. Povod je nezakonito odlo\u017eeni otpad na prostoru biv\u0161eg PPK Velebit u Gospi\u0107u, gdje je utvr\u0111eno oko 37.000 tona otpada, od \u010dega je gotovo 33.000 tona zakopano.<\/p>\n\n\n\n<p class=\"wp-block-paragraph\">Organizatori tra\u017ee cjelovitu i hitnu sanaciju, jasan vremenski plan uklanjanja otpada, nadzor tla i voda te utvr\u0111ivanje odgovornosti za nezakonito odlaganje i postupanje institucija.<\/p>\n\n\n\n<p class=\"wp-block-paragraph\">Prosvjed su podr\u017eale brojne organizacije civilnog dru\u0161tva i javne osobe, kao i Savez samostalnih sindikata Hrvatske, Nezavisni hrvatski sindikati, Matica hrvatskih sindikata, Sindikat novinara Hrvatske i Udruga radni\u010dkih sindikata Hrvatske. Politi\u010dari mogu do\u0107i kao gra\u0111ani, ali za njih ne\u0107e biti mjesta za govornicom, ka\u017eu organizatori.<\/p>\n\n\n\n<p class=\"wp-block-paragraph\">Okupljanje po\u010dinje u subotu u 11 sati kod Glavnog kolodvora, odnosno na Trgu kralja Tomislava, nakon \u010dega povorka ide prema Trgu bana Josipa Jela\u010di\u0107a, gdje je sredi\u0161nji program predvi\u0111en u podne.<\/p>\n","protected":false},"excerpt":{"rendered":"<p>Zoran Milanovi\u0107 podr\u017eao je prosvjed za Liku 5. rujna u Zagrebu zbog nezakonito odlo\u017eenog otpada u Gospi\u0107u i zatra\u017eio br\u017eu sanaciju i odgovornost.<\/p>\n","protected":false},"author":9,"featured_media":159665,"comment_status":"closed","ping_status":"closed","sticky":false,"template":"","format":"standard","meta":{"footnotes":""},"categories":[9],"tags":[3601,605,687,300],"class_list":["post-159663","post","type-post","status-publish","format-standard","has-post-thumbnail","hentry","category-vijesti","tag-gospic","tag-otpad","tag-prosvjedi","tag-zoran-milanovic"],"_links":{"self":[{"href":"https:\/\/www.mojevrijeme.hr\/magazin\/wp-json\/wp\/v2\/posts\/159663","targetHints":{"allow":["GET"]}}],"collection":[{"href":"https:\/\/www.mojevrijeme.hr\/magazin\/wp-json\/wp\/v2\/posts"}],"about":[{"href":"https:\/\/www.mojevrijeme.hr\/magazin\/wp-json\/wp\/v2\/types\/post"}],"author":[{"embeddable":true,"href":"https:\/\/www.mojevrijeme.hr\/magazin\/wp-json\/wp\/v2\/users\/9"}],"replies":[{"embeddable":true,"href":"https:\/\/www.mojevrijeme.hr\/magazin\/wp-json\/wp\/v2\/comments?post=159663"}],"version-history":[{"count":2,"href":"https:\/\/www.mojevrijeme.hr\/magazin\/wp-json\/wp\/v2\/posts\/159663\/revisions"}],"predecessor-version":[{"id":159666,"href":"https:\/\/www.mojevrijeme.hr\/magazin\/wp-json\/wp\/v2\/posts\/159663\/revisions\/159666"}],"wp:featuredmedia":[{"embeddable":true,"href":"https:\/\/www.mojevrijeme.hr\/magazin\/wp-json\/wp\/v2\/media\/159665"}],"wp:attachment":[{"href":"https:\/\/www.mojevrijeme.hr\/magazin\/wp-json\/wp\/v2\/media?parent=159663"}],"wp:term":[{"taxonomy":"category","embeddable":true,"href":"https:\/\/www.mojevrijeme.hr\/magazin\/wp-json\/wp\/v2\/categories?post=159663"},{"taxonomy":"post_tag","embeddable":true,"href":"https:\/\/www.mojevrijeme.hr\/magazin\/wp-json\/wp\/v2\/tags?post=159663"}],"curies":[{"name":"wp","href":"https:\/\/api.w.org\/{rel}","templated":true}]}}