{"id":159670,"date":"2026-09-04T10:25:14","date_gmt":"2026-09-04T08:25:14","guid":{"rendered":"https:\/\/www.mojevrijeme.hr\/magazin\/?p=159670"},"modified":"2026-09-04T15:14:24","modified_gmt":"2026-09-04T13:14:24","slug":"draga-ksenija-tri-tjedna-je-ljetovao-kod-mene-ali-zet-nije-platio-ni-veceru","status":"publish","type":"post","link":"https:\/\/www.mojevrijeme.hr\/magazin\/2026\/09\/draga-ksenija-tri-tjedna-je-ljetovao-kod-mene-ali-zet-nije-platio-ni-veceru\/","title":{"rendered":"Draga Ksenija: Tri tjedna je ljetovao kod mene, ali zet nije platio ni ve\u010deru"},"content":{"rendered":"\n<p class=\"wp-block-paragraph\"><strong>Draga Ksenija<\/strong>, k\u0107i mi se nedavno udala, a ona i zet proveli su tri tjedna godi\u0161njeg odmora u na\u0161oj ku\u0107i na moru. Prije nego \u0161to su do\u0161li, napunila sam fri\u017eider i kupila hrane i pi\u0107a za vi\u0161e od sto eura, a k\u0107i je ove godine kupila novi stol i stolice za terasu. Kako sam u mirovini i znam da oboje puno rade, htjela sam da se odmore pa sam im svaki dan kuhala i ni\u0161ta nisam tra\u017eila zauzvrat.<\/p>\n\n\n\n<p class=\"wp-block-paragraph\">Zet se kod mene osje\u0107ao kao kod ku\u0107e. Jeo je i pio \u0161to je bilo u ku\u0107i, ali kad bi ne\u010dega nestalo, nije mu palo na pamet da ode u trgovinu i ne\u0161to kupi. Kad je nestalo mojeg piva, kupio je samo sebi novo. Sve sam to pre\u0161utjela jer nisam htjela sitni\u010dariti niti da tro\u0161e dok su kod mene.<\/p>\n\n\n\n<p class=\"wp-block-paragraph\">Na kraju odmora oti\u0161li su na ve\u010deru u restoran i kasnije sam slu\u010dajno saznala da su ra\u010dun podijelili napola. Znam da imaju odvojene financije i to me se ne ti\u010de, ali nakon tri tjedna u kojima sam ih poslu\u017eivala i sve im omogu\u0107ila, zasmetalo mi je \u0161to se zet nije sjetio barem jednom po\u010dastiti moju k\u0107er ili nas sve kao neku malu gestu zahvalnosti. Jesam li nepravedna \u0161to sam se naljutila i trebam li mu i\u0161ta re\u0107i ili je pametnije pre\u0161utjeti? <em>Ljutita punica<\/em><\/p>\n\n\n\n<h2 class=\"wp-block-heading\">&#8220;Mi smo druga\u010diji ljudi, ali to ne zna\u010di da je zet lo\u0161&#8221;<\/h2>\n\n\n\n<p class=\"wp-block-paragraph\"><strong>Draga Ljutita punice<\/strong>, pona\u0161anje va\u0161eg zeta mi se ne svi\u0111a. Ali, \u010dini mi se, mo\u017eda ste mu pripisali ve\u0107u odgovornost nego \u0161to treba. Ako va\u0161a k\u0107i zna kakva vam je mirovina i koliko ste se potrudili oko njih, onda je i ona mogla re\u0107i: mama, dosta si ti tro\u0161ila, sada \u0107emo mi. Ne bih zato cijelu pri\u010du svela na to je li zet trebao platiti jednu ve\u010deru. Iako mi nije sjelo ni dijeljenje ra\u010duna napola&#8230; u braku! Pa to je prava budala\u0161tina, ali dobro&#8230;<\/p>\n\n\n\n<p class=\"wp-block-paragraph\">I vi ja pripadamo ljudima koji sami osjete kada je red uzvratiti, ali moramo prihvatiti \u010dinjenicu da postoje i oni kojima to jednostavno ne padne na pamet. Gledala bih to ovako: \u017eeljeli ste ih po\u010dastiti i olak\u0161ati im odmor i to je to. Vi ste svoje napravili.<\/p>\n\n\n\n<p class=\"wp-block-paragraph\">Zet vam je dao lekciju da ubudu\u0107e ne morate ba\u0161 toliko davati od sebe. Ne zato da biste ih kaznili, nego zato \u0161to o\u010dito vi i oni nemate isti osje\u0107aj mjere. Ponekad nas ljudi najvi\u0161e razo\u010daraju upravo onda kada od njih o\u010dekujemo gestu koju oni uop\u0107e ne do\u017eivljavaju kao ne\u0161to \u0161to se podrazumijeva. Va\u0161 zet, vjerojatno, nije lo\u0161 \u010dovjek i, sigurna sam, ni ne zna gdje je pogrije\u0161io. <em>Ksenija<\/em><\/p>\n\n\n\n<p class=\"wp-block-paragraph\"><div id=\"crveno\"><\/p>\n\n\n\n<h3 class=\"wp-block-heading\">Pi\u0161ite Kseniji!<\/h3>\n\n\n\n<p class=\"wp-block-paragraph\">\u017delite li <strong>anonimno<\/strong> postaviti pitanje i posavjetovati se s na\u0161om kolumnisticom i \u017eivotnom savjetnicom Ksenijom Habunek ili samo ispri\u010dati svoju pri\u010du i vi\u0111enje ove teme, mo\u017eete to u\u010diniti putem internetskog obrasca klikom na <a href=\"https:\/\/www.mojevrijeme.hr\/magazin\/draga-ksenija\/\"><strong>ovu poveznicu<\/strong><\/a>.<\/p>\n\n\n\n<p class=\"wp-block-paragraph\">Ostala pitanja i Ksenijine odgovore potra\u017eite na <a href=\"https:\/\/www.mojevrijeme.hr\/magazin\/category\/povjerljivo\/draga-ksenija\/\"><strong>ovoj poveznici<\/strong><\/a>.<\/p>\n\n\n\n<p class=\"wp-block-paragraph\"><\/div><\/p>\n","protected":false},"excerpt":{"rendered":"<p>\u017divotna savjetnica Ksenija Habnunek odgovara punici koju je zasmetalo \u0161to zet tijekom trotjednog boravka kod nje nije pokazao gotovo nikakvu gestu zahvalnosti.<\/p>\n","protected":false},"author":11,"featured_media":120786,"comment_status":"closed","ping_status":"closed","sticky":false,"template":"","format":"standard","meta":{"footnotes":""},"categories":[4133],"tags":[585,1118,3569],"class_list":["post-159670","post","type-post","status-publish","format-standard","has-post-thumbnail","hentry","category-draga-ksenija","tag-ljetovanje","tag-skrtost","tag-zetovi-i-punice"],"_links":{"self":[{"href":"https:\/\/www.mojevrijeme.hr\/magazin\/wp-json\/wp\/v2\/posts\/159670","targetHints":{"allow":["GET"]}}],"collection":[{"href":"https:\/\/www.mojevrijeme.hr\/magazin\/wp-json\/wp\/v2\/posts"}],"about":[{"href":"https:\/\/www.mojevrijeme.hr\/magazin\/wp-json\/wp\/v2\/types\/post"}],"author":[{"embeddable":true,"href":"https:\/\/www.mojevrijeme.hr\/magazin\/wp-json\/wp\/v2\/users\/11"}],"replies":[{"embeddable":true,"href":"https:\/\/www.mojevrijeme.hr\/magazin\/wp-json\/wp\/v2\/comments?post=159670"}],"version-history":[{"count":9,"href":"https:\/\/www.mojevrijeme.hr\/magazin\/wp-json\/wp\/v2\/posts\/159670\/revisions"}],"predecessor-version":[{"id":159702,"href":"https:\/\/www.mojevrijeme.hr\/magazin\/wp-json\/wp\/v2\/posts\/159670\/revisions\/159702"}],"wp:featuredmedia":[{"embeddable":true,"href":"https:\/\/www.mojevrijeme.hr\/magazin\/wp-json\/wp\/v2\/media\/120786"}],"wp:attachment":[{"href":"https:\/\/www.mojevrijeme.hr\/magazin\/wp-json\/wp\/v2\/media?parent=159670"}],"wp:term":[{"taxonomy":"category","embeddable":true,"href":"https:\/\/www.mojevrijeme.hr\/magazin\/wp-json\/wp\/v2\/categories?post=159670"},{"taxonomy":"post_tag","embeddable":true,"href":"https:\/\/www.mojevrijeme.hr\/magazin\/wp-json\/wp\/v2\/tags?post=159670"}],"curies":[{"name":"wp","href":"https:\/\/api.w.org\/{rel}","templated":true}]}}