{"id":159757,"date":"2026-09-06T10:15:00","date_gmt":"2026-09-06T08:15:00","guid":{"rendered":"https:\/\/www.mojevrijeme.hr\/magazin\/?p=159757"},"modified":"2026-09-06T10:15:08","modified_gmt":"2026-09-06T08:15:08","slug":"upozorenje-iz-koreje-do-2050-vise-od-11-posto-starijih-moglo-bi-imati-demenciju","status":"publish","type":"post","link":"https:\/\/www.mojevrijeme.hr\/magazin\/2026\/09\/upozorenje-iz-koreje-do-2050-vise-od-11-posto-starijih-moglo-bi-imati-demenciju\/","title":{"rendered":"Upozorenje iz Koreje: do 2050. vi\u0161e od 11 posto starijih moglo bi imati demenciju"},"content":{"rendered":"\n<p class=\"wp-block-paragraph\">Ju\u017ena Koreja procjenjuje da bi do 2040. godine vi\u0161e od deset posto stanovnika starijih od 65 godina moglo imati demenciju. Posljedi\u010dno, ve\u0107 sad rastu i tro\u0161kovi lije\u010denja, koji su se u samo deset godina vi\u0161e nego udvostru\u010dili.<\/p>\n\n\n\n<h2 class=\"wp-block-heading\">Do 2050. vi\u0161e od 2,2 milijuna oboljelih<\/h2>\n\n\n\n<p class=\"wp-block-paragraph\">Prema podacima ju\u017enokorejskog Ministarstva zdravstva i socijalne skrbi, prevalencija demencije me\u0111u osobama od 65 godina navi\u0161e trebala bi 2040. godine dosegnuti 10,34 posto. Projekcija je izra\u0111ena na temelju nacionalnih demografskih projekcija i rezultata epidemiolo\u0161kog istra\u017eivanja demencije.<\/p>\n\n\n\n<p class=\"wp-block-paragraph\">Do 2050. godine udio bi mogao porasti na 11,81 posto. Ju\u017ena Koreja tada bi trebala imati oko 18,91 milijun stanovnika u dobi od najmanje 65 godina, me\u0111u kojima bi pribli\u017eno 2,23 milijuna \u017eivjelo s demencijom. Prevalencija je 2020. godine iznosila 9,17 posto, a 2025. godine 9,09 posto.<\/p>\n\n\n\n<h2 class=\"wp-block-heading\">Tro\u0161kovi su ve\u0107 prema\u0161ili dvije milijarde eura<\/h2>\n\n\n\n<p class=\"wp-block-paragraph\">Rast broja oboljelih ve\u0107 prati velik rast zdravstvenih tro\u0161kova. Tro\u0161kovi lije\u010denja demencije me\u0111u osobama starijima od 40 godina u Ju\u017enoj Koreji 2023. godine iznosili su 3,337 bilijuna wona, odnosno oko 2,1 milijardu eura prema aktualnom te\u010daju. To je 141,4 posto vi\u0161e nego deset godina ranije. Do 2030. bi tro\u0161ak mogao porasti na 2,8 milijardi eura.<\/p>\n\n\n\n<h2 class=\"wp-block-heading\">U Hrvatskoj oko 73.800 oboljelih<\/h2>\n\n\n\n<p class=\"wp-block-paragraph\">Prema podacima Hrvatskog zavoda za javno zdravstvo iz 2025. godine, u Hrvatskoj s demencijom \u017eivi vi\u0161e od 50.000 osoba, dok novija procjena organizacije Alzheimer Europe za 2025. govori o oko 73.800 oboljelih. Do 2050. njihov bi broj mogao porasti na pribli\u017eno 99.200.<\/p>\n\n\n\n<p class=\"wp-block-paragraph\">Prema istoj europskoj procjeni, demencija bi 2050. godini mogla zahva\u0107ati oko 3,07 posto ukupnog hrvatskog stanovni\u0161tva, u usporedbi s 1,92 posto 2025. godine. Me\u0111u stanovnicima starijima od 65 godina udio bi mogao porasti s pribli\u017eno 7,7 na oko 9,7 posto.<\/p>\n\n\n\n<p class=\"wp-block-paragraph\">Korejske i hrvatske brojke nisu izravno usporedive jer su projekcije izra\u0111ene razli\u010ditim metodama, no upozoravaju da \u0107e starenje stanovni\u0161tva pove\u0107ati broj oboljelih, tro\u0161kove lije\u010denja te potrebu za institucionalnom i ku\u0107nom skrbi.<\/p>\n","protected":false},"excerpt":{"rendered":"<p>Ju\u017ena Koreja procjenjuje da bi do 2040. vi\u0161e od deset posto starijih od 65 godina moglo imati demenciju, dok bi Hrvatska do 2050. mogla imati gotovo 100.000 oboljelih.<\/p>\n","protected":false},"author":9,"featured_media":157274,"comment_status":"closed","ping_status":"closed","sticky":false,"template":"","format":"standard","meta":{"footnotes":""},"categories":[3],"tags":[34,4909],"class_list":["post-159757","post","type-post","status-publish","format-standard","has-post-thumbnail","hentry","category-zdravlje","tag-demencija","tag-juzna-koreja"],"_links":{"self":[{"href":"https:\/\/www.mojevrijeme.hr\/magazin\/wp-json\/wp\/v2\/posts\/159757","targetHints":{"allow":["GET"]}}],"collection":[{"href":"https:\/\/www.mojevrijeme.hr\/magazin\/wp-json\/wp\/v2\/posts"}],"about":[{"href":"https:\/\/www.mojevrijeme.hr\/magazin\/wp-json\/wp\/v2\/types\/post"}],"author":[{"embeddable":true,"href":"https:\/\/www.mojevrijeme.hr\/magazin\/wp-json\/wp\/v2\/users\/9"}],"replies":[{"embeddable":true,"href":"https:\/\/www.mojevrijeme.hr\/magazin\/wp-json\/wp\/v2\/comments?post=159757"}],"version-history":[{"count":3,"href":"https:\/\/www.mojevrijeme.hr\/magazin\/wp-json\/wp\/v2\/posts\/159757\/revisions"}],"predecessor-version":[{"id":159760,"href":"https:\/\/www.mojevrijeme.hr\/magazin\/wp-json\/wp\/v2\/posts\/159757\/revisions\/159760"}],"wp:featuredmedia":[{"embeddable":true,"href":"https:\/\/www.mojevrijeme.hr\/magazin\/wp-json\/wp\/v2\/media\/157274"}],"wp:attachment":[{"href":"https:\/\/www.mojevrijeme.hr\/magazin\/wp-json\/wp\/v2\/media?parent=159757"}],"wp:term":[{"taxonomy":"category","embeddable":true,"href":"https:\/\/www.mojevrijeme.hr\/magazin\/wp-json\/wp\/v2\/categories?post=159757"},{"taxonomy":"post_tag","embeddable":true,"href":"https:\/\/www.mojevrijeme.hr\/magazin\/wp-json\/wp\/v2\/tags?post=159757"}],"curies":[{"name":"wp","href":"https:\/\/api.w.org\/{rel}","templated":true}]}}