{"id":159761,"date":"2026-09-06T11:11:27","date_gmt":"2026-09-06T09:11:27","guid":{"rendered":"https:\/\/www.mojevrijeme.hr\/magazin\/?p=159761"},"modified":"2026-09-06T11:12:12","modified_gmt":"2026-09-06T09:12:12","slug":"draga-ksenija-buduca-punica-me-izbacila-iz-svih-priprema-za-sinovljevu-svadbu","status":"publish","type":"post","link":"https:\/\/www.mojevrijeme.hr\/magazin\/2026\/09\/draga-ksenija-buduca-punica-me-izbacila-iz-svih-priprema-za-sinovljevu-svadbu\/","title":{"rendered":"Draga Ksenija: Budu\u0107a punica me izbacila iz svih priprema za sinovljevu svadbu"},"content":{"rendered":"\n<p class=\"wp-block-paragraph\"><strong>Draga Ksenija,&nbsp;<\/strong>sin mi se \u017eeni krajem rujna, a ja se ve\u0107 sad na tom vjen\u010danju osje\u0107am glupo i suvi\u0161no. Snahina majka i njezine dvije sestre preuzele su svu organizaciju, a ja ne smijem ni prismrditi dogovorima i pripremama.<\/p>\n\n\n\n<p class=\"wp-block-paragraph\">Kad sam jednom poku\u0161ala ne\u0161to predlo\u017eiti, snahina majka mi je rekla: &#8220;Ti samo poma\u017ei kad ti mi ne\u0161to ka\u017eemo. Budi sretna da ne treba\u0161 previ\u0161e raditi.&#8221; To me jako povrijedilo. \u017deni se moj sin i mislila sam da se barem ne\u0161to mene pita, a ne da \u0107u sjediti u zape\u0107ku i \u010dekati da mi netko da nare\u0111enje \u0161to da radim. Zato sam se skroz povukla i vi\u0161e ne pitam i ne sudjelujem.<\/p>\n\n\n\n<p class=\"wp-block-paragraph\">Sin ka\u017ee da on svadbu nije ni htio i da se zato ne\u0107e mije\u0161ati u organizaciju. Meni se, me\u0111utim, \u010dini da ga je budu\u0107a punica ve\u0107 potpuno stavila pod svoje. Zato&nbsp;razmi\u0161ljam da uop\u0107e ne odem na to vjen\u010danje. Ima li vam to smisla? <em>Odba\u010dena majka<\/em><\/p>\n\n\n\n<h2 class=\"wp-block-heading\">&#8220;Nitko vam ne mo\u017ee oduzeti mjesto mlado\u017eenjine majke&#8221;<\/h2>\n\n\n\n<p class=\"wp-block-paragraph\"><strong>Draga Odba\u010dena<\/strong>, nemojte mi zamjeriti \u0161to sam skratila va\u0161e pismo. Mislim da je bolje suzdr\u017eati se od te\u0161kih rije\u010di i detalja koji bi vam mogli dodatno nagrditi odnos sa sinom i snahinom obitelji. A sada \u0107u odgovoriti na va\u0161u situaciju.<\/p>\n\n\n\n<p class=\"wp-block-paragraph\">Budu\u0107a punica se pona\u0161a neprihvatljivo, a staviti vas u ulogu neke slu\u0161kinje ili lijevog smetala je grubo, sebi\u010dno i neodgojeno. Razumno je da ste se povukli i svatko iole normalan razumije va\u0161u povrije\u0111enost. Tu ste u pravu.<\/p>\n\n\n\n<p class=\"wp-block-paragraph\">Ali! Ne bih bila tako sigurna da je budu\u0107a punica va\u0161eg sina ve\u0107 \u201estavila pod svoje\u201c. Mo\u017eda je njegov stav upravo na\u010din prosvjeda protiv ne\u010dega \u0161to mu se otelo iz ruku. Mo\u017eda je zami\u0161ljao malo, intimno vjen\u010danje s roditeljima i kumovima, mo\u017eda je i njemu svega preko glave i ne \u017eeli se boriti protiv onoga \u0161to nije \u017eelio. Poku\u0161ajte i njega razumjeti, iako me zanima za\u0161to je pristao na ne\u0161to \u0161to o\u010dito ne \u017eeli.<\/p>\n\n\n\n<p class=\"wp-block-paragraph\">Na svadbu morate oti\u0107i. Tamo idete kao majka mlado\u017eenje i to vam nitko ne mo\u017ee oduzeti. Nemojte si zbog tu\u0111e grubosti uskratiti dan koji \u0107ete pamtiti cijeli \u017eivot, a nemojte ni svom sinu uskratiti majku na njegovu vjen\u010danju.<\/p>\n\n\n\n<p class=\"wp-block-paragraph\">Na kraju, ja ne bih dala ni zadovoljstvo onima koji bi mo\u017eda najradije da vas tamo nema. Do\u0111ite dostojanstveno, budite uz sina, veselite se koliko mo\u017eete i budite bolje i pristojnije ljudsko bi\u0107e od snahine majke. To bar nije te\u0161ko. <em>Ksenija<\/em><\/p>\n\n\n\n<p class=\"wp-block-paragraph\"><div id=\"crveno\"><\/p>\n\n\n\n<h3 class=\"wp-block-heading\">Pi\u0161ite Kseniji!<\/h3>\n\n\n\n<p class=\"wp-block-paragraph\">\u017delite li <strong>anonimno<\/strong> postaviti pitanje i posavjetovati se s na\u0161om kolumnisticom i \u017eivotnom savjetnicom Ksenijom Habunek ili samo ispri\u010dati svoju pri\u010du i vi\u0111enje ove teme, mo\u017eete to u\u010diniti putem internetskog obrasca klikom na <a href=\"https:\/\/www.mojevrijeme.hr\/magazin\/draga-ksenija\/\"><strong>ovu poveznicu<\/strong><\/a>.<\/p>\n\n\n\n<p class=\"wp-block-paragraph\">Ostala pitanja i Ksenijine odgovore potra\u017eite na <a href=\"https:\/\/www.mojevrijeme.hr\/magazin\/category\/povjerljivo\/draga-ksenija\/\"><strong>ovoj poveznici<\/strong><\/a>.<\/p>\n\n\n\n<p class=\"wp-block-paragraph\"><\/div><\/p>\n","protected":false},"excerpt":{"rendered":"<p>Majka mlado\u017eenje osje\u0107a se izba\u010deno iz priprema za sinovljevu svadbu. \u017divotna savjetnica Ksenija Habunek savjetuje da ipak ode i ne dopusti da joj tu\u0111a grubost uzme taj dan.<\/p>\n","protected":false},"author":11,"featured_media":159766,"comment_status":"closed","ping_status":"closed","sticky":false,"template":"","format":"standard","meta":{"footnotes":""},"categories":[4133],"tags":[1067,4868,1041],"class_list":["post-159761","post","type-post","status-publish","format-standard","has-post-thumbnail","hentry","category-draga-ksenija","tag-punice","tag-svadbe","tag-vjencanja"],"_links":{"self":[{"href":"https:\/\/www.mojevrijeme.hr\/magazin\/wp-json\/wp\/v2\/posts\/159761","targetHints":{"allow":["GET"]}}],"collection":[{"href":"https:\/\/www.mojevrijeme.hr\/magazin\/wp-json\/wp\/v2\/posts"}],"about":[{"href":"https:\/\/www.mojevrijeme.hr\/magazin\/wp-json\/wp\/v2\/types\/post"}],"author":[{"embeddable":true,"href":"https:\/\/www.mojevrijeme.hr\/magazin\/wp-json\/wp\/v2\/users\/11"}],"replies":[{"embeddable":true,"href":"https:\/\/www.mojevrijeme.hr\/magazin\/wp-json\/wp\/v2\/comments?post=159761"}],"version-history":[{"count":5,"href":"https:\/\/www.mojevrijeme.hr\/magazin\/wp-json\/wp\/v2\/posts\/159761\/revisions"}],"predecessor-version":[{"id":159770,"href":"https:\/\/www.mojevrijeme.hr\/magazin\/wp-json\/wp\/v2\/posts\/159761\/revisions\/159770"}],"wp:featuredmedia":[{"embeddable":true,"href":"https:\/\/www.mojevrijeme.hr\/magazin\/wp-json\/wp\/v2\/media\/159766"}],"wp:attachment":[{"href":"https:\/\/www.mojevrijeme.hr\/magazin\/wp-json\/wp\/v2\/media?parent=159761"}],"wp:term":[{"taxonomy":"category","embeddable":true,"href":"https:\/\/www.mojevrijeme.hr\/magazin\/wp-json\/wp\/v2\/categories?post=159761"},{"taxonomy":"post_tag","embeddable":true,"href":"https:\/\/www.mojevrijeme.hr\/magazin\/wp-json\/wp\/v2\/tags?post=159761"}],"curies":[{"name":"wp","href":"https:\/\/api.w.org\/{rel}","templated":true}]}}