{"id":16000,"date":"2018-06-09T20:47:38","date_gmt":"2018-06-09T18:47:38","guid":{"rendered":"https:\/\/www.mojevrijeme.hr\/magazin\/?p=16000"},"modified":"2018-06-09T20:57:36","modified_gmt":"2018-06-09T18:57:36","slug":"slavenka-drakulic-kome-vise-treba-mudrost-starih-ljudi","status":"publish","type":"post","link":"https:\/\/www.mojevrijeme.hr\/magazin\/2018\/06\/slavenka-drakulic-kome-vise-treba-mudrost-starih-ljudi\/","title":{"rendered":"Slavenka Drakuli\u0107: Kome vi\u0161e treba mudrost starih ljudi?"},"content":{"rendered":"<p>Jedna od najpriznatijih hrvatskih knji\u017eevnica, publicistkinja i feministkinja\u00a0<strong>Slavena Drakuli\u0107<\/strong> (68) objavila je zbirku pri\u010da o starosti pod nazivom \u201eNevidljiva \u017eena\u201c. S <a href=\"https:\/\/www.jutarnji.hr\/kultura\/knjizevnost\/slavenka-drakulic-za-jutarnji-ne-bojim-se-starosti-danas-zivim-bolje-nego-prije-15-godina\/7449696\/\" target=\"_blank\" rel=\"noopener\">Jutarnjim listom<\/a> je podijelila neka razmi\u0161ljanja o starosti i starenju.<\/p>\n<p>Na pitanje \u0161to \u017eena od 70 godina mo\u017ee ponuditi onoj mla\u0111oj, Drakuli\u0107 ne nudi optimisti\u010dan odgovor: \u201cBojim se da je ta vrsta me\u0111ugeneracijske \u017eenske komunikacije vrlo slaba. Ove mla\u0111e nemaju ni vremena ni volje slu\u0161ati pri\u010de, a jo\u0161 manje savjete. To je doba kad mislite da sve znate bolje od starijih, zapravo najbolje. Starenje vam se \u010dini daleko i strano, a cijela okolina, naro\u010dito mediji, idu vam na ruku jer vas uvjeravaju kako nikada ne\u0107ete ostarjeti, samo ako se pravilno hranite, vje\u017ebate, uzimate vitamine, ma\u017eete lice ovom ili onom kremom protiv bora, strija, celulita&#8230; itd. Danas, uz sve te bezbrojne mogu\u0107nosti koje nudi industrija ljepote, skoro je sramota biti star!\u201d<\/p>\n<p>Ka\u017ee, nije joj bila namjera opisati sve aspekte starenja i starosti, a u knjigu je utkala pri\u010de ljudi koji ju okru\u017euju, prijateljica i poznanica. \u201eUvjerila sam se da ipak postoji potreba za potvrdom, u smislu da niste sami sa svojim osje\u0107ajima nevidljivosti i gubitka. Kad bismo mogli izmjeriti dobre i lo\u0161e strane starosti &#8211; a to nije mogu\u0107e &#8211; bojim se da bi prevagnuo osje\u0107aj gubitka i suvi\u0161nosti a ne ispunjenja. Da, stariji ljudi vjerojatno posjeduju zrelost, pa \u010dak i mudrost, ali kome to treba?\u201d<\/p><div id=\"mojev-238187248\" class=\"mojev-u-tekstu mojev-entity-placement\" style=\"margin-left: auto;margin-right: auto;text-align: center;\"><div class=\"mojev-adlabel\">oglas<\/div><div style=\"height: 250px;\"><script async src=\"https:\/\/pagead2.googlesyndication.com\/pagead\/js\/adsbygoogle.js?client=ca-pub-8106111766207173\"\r\n     crossorigin=\"anonymous\"><\/script>\r\n<!-- Prikazni 1 u tekstu -->\r\n<ins class=\"adsbygoogle\"\r\n     style=\"display:block\"\r\n     data-ad-client=\"ca-pub-8106111766207173\"\r\n     data-ad-slot=\"8535551207\"\r\n     data-ad-format=\"auto\"\r\n     data-full-width-responsive=\"true\"><\/ins>\r\n<script>\r\n     (adsbygoogle = window.adsbygoogle || []).push({});\r\n<\/script><\/div><\/div><br style=\"clear: both; display: block; float: none;\"\/>\n<p>Drakuli\u0107 zaklju\u010duje da je sretna \u0161to je do\u010dekala svoje godine. \u201eMo\u017eda mi je moja osobna situacija nekoga tko se vrlo rano suo\u010dio s opasnom kroni\u010dnom bole\u0161\u0107u, dijalizom i dvije transplantacije bubrega omogu\u0107ila da na starost gledam druga\u010dije. Da se, na primjer, ne bojim starenja, da u\u017eivam u onome \u0161to mi je danas dano, a to je relativno stabilna zdravstvena situacija. Jer moj \u017eivot je ustvari bolji nego prije petnaest godina, dapa\u010de. Pi\u0161em i putujem. Mo\u017eda se malo vi\u0161e umaram, ali ustvari sam dobro i sasvim sigurno nisam nevidljiva ljudima do kojih mi je stalo.\u201c<\/p>\n<div id=\"mojev-2718998602\" class=\"mojev-kraj-teksta mojev-entity-placement\" style=\"margin-bottom: 20px;margin-left: auto;margin-right: auto;text-align: center;\"><div class=\"mojev-adlabel\">oglas<\/div><div style=\"height: 250px;\"><script async src=\"https:\/\/pagead2.googlesyndication.com\/pagead\/js\/adsbygoogle.js?client=ca-pub-8106111766207173\"\r\n     crossorigin=\"anonymous\"><\/script>\r\n<!-- Display-1 -->\r\n<ins class=\"adsbygoogle\"\r\n     style=\"display:block\"\r\n     data-ad-client=\"ca-pub-8106111766207173\"\r\n     data-ad-slot=\"1465712950\"\r\n     data-ad-format=\"auto\"\r\n     data-full-width-responsive=\"true\"><\/ins>\r\n<script>\r\n     (adsbygoogle = window.adsbygoogle || []).push({});\r\n<\/script><\/div><\/div>","protected":false},"excerpt":{"rendered":"<p>Kad ste mladi, starenje vam se \u010dini daleko i strano, a cijela okolina, naro\u010dito mediji, idu vam na ruku jer vas uvjeravaju kako nikada ne\u0107ete ostarjeti, samo ako se pravilno hranite, vje\u017ebate, uzimate vitamine, ma\u017eete lice ovom ili onom kremom protiv bora, strija, celulita&#8230;<\/p>\n","protected":false},"author":1,"featured_media":16001,"comment_status":"closed","ping_status":"closed","sticky":false,"template":"","format":"standard","meta":{"footnotes":""},"categories":[2],"tags":[786,1272,80],"class_list":["post-16000","post","type-post","status-publish","format-standard","has-post-thumbnail","hentry","category-mozaik","tag-knjizevnost","tag-slavenka-drakulic","tag-starenje"],"_links":{"self":[{"href":"https:\/\/www.mojevrijeme.hr\/magazin\/wp-json\/wp\/v2\/posts\/16000","targetHints":{"allow":["GET"]}}],"collection":[{"href":"https:\/\/www.mojevrijeme.hr\/magazin\/wp-json\/wp\/v2\/posts"}],"about":[{"href":"https:\/\/www.mojevrijeme.hr\/magazin\/wp-json\/wp\/v2\/types\/post"}],"author":[{"embeddable":true,"href":"https:\/\/www.mojevrijeme.hr\/magazin\/wp-json\/wp\/v2\/users\/1"}],"replies":[{"embeddable":true,"href":"https:\/\/www.mojevrijeme.hr\/magazin\/wp-json\/wp\/v2\/comments?post=16000"}],"version-history":[{"count":0,"href":"https:\/\/www.mojevrijeme.hr\/magazin\/wp-json\/wp\/v2\/posts\/16000\/revisions"}],"wp:featuredmedia":[{"embeddable":true,"href":"https:\/\/www.mojevrijeme.hr\/magazin\/wp-json\/wp\/v2\/media\/16001"}],"wp:attachment":[{"href":"https:\/\/www.mojevrijeme.hr\/magazin\/wp-json\/wp\/v2\/media?parent=16000"}],"wp:term":[{"taxonomy":"category","embeddable":true,"href":"https:\/\/www.mojevrijeme.hr\/magazin\/wp-json\/wp\/v2\/categories?post=16000"},{"taxonomy":"post_tag","embeddable":true,"href":"https:\/\/www.mojevrijeme.hr\/magazin\/wp-json\/wp\/v2\/tags?post=16000"}],"curies":[{"name":"wp","href":"https:\/\/api.w.org\/{rel}","templated":true}]}}