{"id":16228,"date":"2018-06-19T10:13:57","date_gmt":"2018-06-19T08:13:57","guid":{"rendered":"https:\/\/www.mojevrijeme.hr\/magazin\/?p=16228"},"modified":"2018-06-19T10:15:30","modified_gmt":"2018-06-19T08:15:30","slug":"drzava-uvozi-radnu-snagu-a-umirovljenike-tjera-u-radnu-ilegalu","status":"publish","type":"post","link":"https:\/\/www.mojevrijeme.hr\/magazin\/2018\/06\/drzava-uvozi-radnu-snagu-a-umirovljenike-tjera-u-radnu-ilegalu\/","title":{"rendered":"Dr\u017eava uvozi radnu snagu, a umirovljenike tjera u radnu ilegalu"},"content":{"rendered":"<p>\u0110akov\u010danka Dubravka M. (60) od prije dvije godine u prijevremenoj je mirovini. Voljna je i dalje raditi, no u ovoj kategoriji umirovljenika to nije mogu\u0107e, pi\u0161e <strong><a href=\"http:\/\/www.glas-slavonije.hr\/366788\/1\/Po-odlasku-u-mirovinu-radi-samo-10000-umirovljenika\" target=\"_blank\" rel=\"noopener\">Glas Slavonije<\/a><\/strong>.<\/p>\n<p>\u201eOvo pitanje regulirano je za sve druge skupine, svi mogu raditi osim mene zato \u0161to sam u prijevremenoj mirovini, a nisam u nju oti\u0161la svojom, nego voljom poslodavca. Ispada da ja sa 60 godina ne mogu raditi u mirovini, a onaj sa 65 mo\u017ee\u201c, \u017eali se \u0110akov\u010danka i dodaje da raditi mogu i oni u starosnoj, invalidskoj i braniteljskoj mirovini.<\/p>\n<p>\u201eOsim, \u0161to je ova kategorija natjerana da ode u prijevremenu mirovinu te ka\u017enjena umanjenim iznosima takve mirovine, ka\u017enjena je i ovom diskriminacijom ustege prava na rad\u201c, ka\u017ee <strong>Kre\u0161imir Sever<\/strong>, predsjednik Nezavisnih hrvatskih sindikata (NHS). U praksi mno\u0161tvo umirovljenika radi na crno pa se kroz kvalitetnije rje\u0161enje ove problematike rje\u0161ava i siva zona. Najkriti\u010dniji upozoravaju da umirovljenici postaju konkurencija mladim i mla\u0111im generacijama na tr\u017ei\u0161tu rada, no umirovljeni\u010dke udruge i sindikati to odbacuju. Iritira ih \u0161to dr\u017eava podi\u017ee kvote uvoznih radnika \u2013 sada je ta kvota podignuta na <strong>35.500 stranaca<\/strong>, a me\u0111u ovom populacijom, isti\u010du, itekako je radnog \u017eara, znanja i iskustva.<\/p><div id=\"mojev-3248943114\" class=\"mojev-u-tekstu mojev-entity-placement\" style=\"margin-left: auto;margin-right: auto;text-align: center;\"><div class=\"mojev-adlabel\">oglas<\/div><div style=\"height: 250px;\"><script async src=\"https:\/\/pagead2.googlesyndication.com\/pagead\/js\/adsbygoogle.js?client=ca-pub-8106111766207173\"\r\n     crossorigin=\"anonymous\"><\/script>\r\n<!-- Prikazni 1 u tekstu -->\r\n<ins class=\"adsbygoogle\"\r\n     style=\"display:block\"\r\n     data-ad-client=\"ca-pub-8106111766207173\"\r\n     data-ad-slot=\"8535551207\"\r\n     data-ad-format=\"auto\"\r\n     data-full-width-responsive=\"true\"><\/ins>\r\n<script>\r\n     (adsbygoogle = window.adsbygoogle || []).push({});\r\n<\/script><\/div><\/div><br style=\"clear: both; display: block; float: none;\"\/>\n<p>Prema podacima HZMO-a, korisnika starosne mirovine, ostvarene prema op\u0107em propisu, koji ne gube pravo na mirovinu, niti im se obustavlja njezina isplata ako se zaposle i rade do polovice punog radnog vremena, zaklju\u010dno s krajem svibnja, bilo je 4651. \u0160to se ti\u010de korisnika invalidske mirovine zbog profesionalne nesposobnosti za rad (djelomi\u010dni gubitak radne sposobnosti) ostvarene prema op\u0107em propisu, a zaklju\u010dno s 31. svibnja, je 5253, isti\u010du u HZMO-u.<\/p>\n<p>Zna\u010di, u mirovini, a bez obustave njezine isplate, trenutno radi <strong>manje od 10.000 umirovljenika<\/strong> \u0161to predsjednica SUH-a<strong> Jasna A. Petrovi\u0107<\/strong> ocjenjuje niskom razinom zaposlenosti me\u0111u starijim osobama. Pravo svih umirovljenika na rad, pa i onih u prijevremenoj mirovini, SUH i Matica umirovljenika istaknuli su kao jedan od zahtjeva za mirovinsku reformu.<\/p>\n<p>\u201cTo bi zna\u010dio rad bez ustege mirovine za sve kategorije umirovljenika pod istim uvjetima, kao \u0161to je omogu\u0107eno svim kategorijama branitelja. U slu\u010daju nastavka diskriminatornog isklju\u010divanja prijevremenih starosnih umirovljenika iz prava na rad, osobito stoga \u0161to je u Hrvatskoj vrlo niska stopa radne aktivnosti starijih osoba, jo\u0161 vi\u0161e \u0107e bujati rad na crno. K tome, nema vjerodostojnog opravdanja isklju\u010divanja prijevremenih starosnih umirovljenika iz prava na rad naspram omogu\u0107enog rada za tzv. starosne umirovljenike jer prijevremeni imaju \u010detiri godine sta\u017ea i pla\u0107anja doprinosa vi\u0161e nego starosni umirovljenici, a prosje\u010dno su mla\u0111i 8 godina. Naposljetku, Hrvatska bi umjesto prekarnog rada za mla\u0111e radnike, mogla dopuniti potrebe tr\u017ei\u0161ta za takvim oblicima rada zapo\u0161ljavanjem umirovljenika, umjesto uvozom radne snage\u201c, navode u zahtjevima u ime Matice i Sindikata umirovljenika njihove predsjednice Vi\u0161nja Fortuna i Jasna A. Petrovi\u0107.<\/p>\n<p>\u201e\u017delimo zaustaviti non-stop guranje starije populacije u ilegalu jer oni rade i sada \u2013 kuhaju, peru, \u010diste, \u010duvaju djecu, pletu, prodaju. Ve\u0107ina radi na crno i \u017eive u svojevrsnoj ilegali i u strahu. Motiv nam je da oni koji su dostojanteno zaradili svoj sta\u017e i mirovinu ne trebaju se osje\u0107ati kao kriminalci ako rade. Treba im omogu\u0107iti rad kao i u drugim zemljama\u201c, ka\u017ee Petrovi\u0107 za <a href=\"http:\/\/www.glas-slavonije.hr\/366788\/1\/Po-odlasku-u-mirovinu-radi-samo-10000-umirovljenika\" target=\"_blank\" rel=\"noopener\">Glas Slavonije<\/a>.<\/p>\n<div id=\"mojev-2270680933\" class=\"mojev-kraj-teksta mojev-entity-placement\" style=\"margin-bottom: 20px;margin-left: auto;margin-right: auto;text-align: center;\"><div class=\"mojev-adlabel\">oglas<\/div><div style=\"height: 250px;\"><script async src=\"https:\/\/pagead2.googlesyndication.com\/pagead\/js\/adsbygoogle.js?client=ca-pub-8106111766207173\"\r\n     crossorigin=\"anonymous\"><\/script>\r\n<!-- Display-1 -->\r\n<ins class=\"adsbygoogle\"\r\n     style=\"display:block\"\r\n     data-ad-client=\"ca-pub-8106111766207173\"\r\n     data-ad-slot=\"1465712950\"\r\n     data-ad-format=\"auto\"\r\n     data-full-width-responsive=\"true\"><\/ins>\r\n<script>\r\n     (adsbygoogle = window.adsbygoogle || []).push({});\r\n<\/script><\/div><\/div>","protected":false},"excerpt":{"rendered":"<p>\u017delimo zaustaviti non-stop guranje starije populacije u ilegalu jer oni rade i sada \u2013 kuhaju, peru, \u010diste, \u010duvaju djecu, pletu, prodaju. Ve\u0107ina radi na crno i \u017eive u svojevrsnoj ilegali i u strahu. <\/p>\n","protected":false},"author":1,"featured_media":622,"comment_status":"closed","ping_status":"closed","sticky":false,"template":"","format":"standard","meta":{"footnotes":""},"categories":[9],"tags":[476,167,964,77],"class_list":["post-16228","post","type-post","status-publish","format-standard","has-post-thumbnail","hentry","category-vijesti","tag-diskriminacija","tag-sindikat-umirovljenika","tag-trziste-rada","tag-umirovljenici"],"_links":{"self":[{"href":"https:\/\/www.mojevrijeme.hr\/magazin\/wp-json\/wp\/v2\/posts\/16228","targetHints":{"allow":["GET"]}}],"collection":[{"href":"https:\/\/www.mojevrijeme.hr\/magazin\/wp-json\/wp\/v2\/posts"}],"about":[{"href":"https:\/\/www.mojevrijeme.hr\/magazin\/wp-json\/wp\/v2\/types\/post"}],"author":[{"embeddable":true,"href":"https:\/\/www.mojevrijeme.hr\/magazin\/wp-json\/wp\/v2\/users\/1"}],"replies":[{"embeddable":true,"href":"https:\/\/www.mojevrijeme.hr\/magazin\/wp-json\/wp\/v2\/comments?post=16228"}],"version-history":[{"count":0,"href":"https:\/\/www.mojevrijeme.hr\/magazin\/wp-json\/wp\/v2\/posts\/16228\/revisions"}],"wp:featuredmedia":[{"embeddable":true,"href":"https:\/\/www.mojevrijeme.hr\/magazin\/wp-json\/wp\/v2\/media\/622"}],"wp:attachment":[{"href":"https:\/\/www.mojevrijeme.hr\/magazin\/wp-json\/wp\/v2\/media?parent=16228"}],"wp:term":[{"taxonomy":"category","embeddable":true,"href":"https:\/\/www.mojevrijeme.hr\/magazin\/wp-json\/wp\/v2\/categories?post=16228"},{"taxonomy":"post_tag","embeddable":true,"href":"https:\/\/www.mojevrijeme.hr\/magazin\/wp-json\/wp\/v2\/tags?post=16228"}],"curies":[{"name":"wp","href":"https:\/\/api.w.org\/{rel}","templated":true}]}}