{"id":16317,"date":"2018-06-22T14:34:23","date_gmt":"2018-06-22T12:34:23","guid":{"rendered":"https:\/\/www.mojevrijeme.hr\/magazin\/?p=16317"},"modified":"2018-06-22T14:35:02","modified_gmt":"2018-06-22T12:35:02","slug":"francuska-gradi-alzheimerovo-selo-za-pacijente-i-znanstvenike","status":"publish","type":"post","link":"https:\/\/www.mojevrijeme.hr\/magazin\/2018\/06\/francuska-gradi-alzheimerovo-selo-za-pacijente-i-znanstvenike\/","title":{"rendered":"Francuska gradi &#8216;Alzheimerovo selo&#8217; za pacijente i znanstvenike"},"content":{"rendered":"<p>Na sjeveru Francuske trenutno je u procesu izgradnje posebno mjesto osmi\u0161ljeno kako bi se olak\u0161ao \u017eivot osobama kojima je dijagnosticirana Alzheimerova bolest. Mjesto se zove Landais Alzheimer, a glavni cilj mu je da se oboljele osobe osje\u0107aju ugodnije i &#8220;kao kod ku\u0107e&#8221;, naspram onoga kako se osje\u0107aju u bolni\u010dkom okru\u017eenju. Dizajn ovog mjesta potpisuje arhitektonski studio\u00a0Nord Architects, pi\u0161e <a href=\"https:\/\/www.jutarnji.hr\/domidizajn\/eksterijeri\/grad-koji-je-posebno-osmisljen-za-osobe-koje-boluju-od-alzheimera\/7507674\/\" target=\"_blank\" rel=\"noopener\">Jutarnji.hr<\/a>.<\/p>\n<p>Ovo mjesto je zapravo veli\u010dine manjeg grada. Prote\u017ee se na oko 7 500 kvadrata i ima smje\u0161tajni kapacitet za 120 pacijenata, 100 njegovatelja, 12 volontera i tim znanstvenih istra\u017eiva\u010da. Za njegovatelje i istra\u017eiva\u010de je predvi\u0111eno da bi sa svojim obiteljima \u017eivjeli u ovom mjestu.<\/p>\n<p>Istra\u017eiva\u010dima bi bio omogu\u0107en prostor i resursi za znanstvena istra\u017eivanja na temu Alzheimerove bolesti u svrhu podizanja kvalitete \u017eivota stanovnika\/pacijenata. Istra\u017eiva\u010di \u0107e uspore\u0111ivati brigu za pacijente unutar ovog okru\u017eenja s onom unutar tradicionalnog bolni\u010dkog okru\u017eenja.<\/p><div id=\"mojev-346013239\" class=\"mojev-u-tekstu mojev-entity-placement\" style=\"margin-left: auto;margin-right: auto;text-align: center;\"><div class=\"mojev-adlabel\">oglas<\/div><div style=\"height: 250px;\"><script async src=\"https:\/\/pagead2.googlesyndication.com\/pagead\/js\/adsbygoogle.js?client=ca-pub-8106111766207173\"\r\n     crossorigin=\"anonymous\"><\/script>\r\n<!-- Prikazni 1 u tekstu -->\r\n<ins class=\"adsbygoogle\"\r\n     style=\"display:block\"\r\n     data-ad-client=\"ca-pub-8106111766207173\"\r\n     data-ad-slot=\"8535551207\"\r\n     data-ad-format=\"auto\"\r\n     data-full-width-responsive=\"true\"><\/ins>\r\n<script>\r\n     (adsbygoogle = window.adsbygoogle || []).push({});\r\n<\/script><\/div><\/div><br style=\"clear: both; display: block; float: none;\"\/>\n<p>Cijeli ovaj eksterijer podsje\u0107at \u0107e na srednjovjekovna sela po kojima je ovaj dio Francuske (Landais) prepoznatljiv. Stanovnici \u0107e biti raspore\u0111eni u \u010detiri susjedstva od kojih \u0107e svako imati ambulatntu, trgovinu, knji\u017enicu, zemlju za obra\u0111ivanje i mjesta za dru\u017eenja. Ideja iza svega ovoga jest da se stvori usko povezana i jednostavno organizirana zajednica kako bi se pacijenti osje\u0107ali \u0161to ugodnije u njenom okru\u017eenju.<\/p>\n<p>Cijeli projekt Landais Alzheimer ko\u0161tat \u0107e otprilike 34 milijuna dolara, a zavr\u0161etak je planiran do kraja 2019. godine.<\/p>\n<p><iframe loading=\"lazy\" src=\"https:\/\/www.youtube.com\/embed\/ji7zo5cczns?rel=0\" width=\"648\" height=\"420\" frameborder=\"0\" allowfullscreen=\"allowfullscreen\"><span data-mce-type=\"bookmark\" style=\"display: inline-block; width: 0px; overflow: hidden; line-height: 0;\" class=\"mce_SELRES_start\">\ufeff<\/span><\/iframe><\/p>\n<div id=\"mojev-1829361400\" class=\"mojev-kraj-teksta mojev-entity-placement\" style=\"margin-bottom: 20px;margin-left: auto;margin-right: auto;text-align: center;\"><div class=\"mojev-adlabel\">oglas<\/div><div style=\"height: 250px;\"><script async src=\"https:\/\/pagead2.googlesyndication.com\/pagead\/js\/adsbygoogle.js?client=ca-pub-8106111766207173\"\r\n     crossorigin=\"anonymous\"><\/script>\r\n<!-- Display-1 -->\r\n<ins class=\"adsbygoogle\"\r\n     style=\"display:block\"\r\n     data-ad-client=\"ca-pub-8106111766207173\"\r\n     data-ad-slot=\"1465712950\"\r\n     data-ad-format=\"auto\"\r\n     data-full-width-responsive=\"true\"><\/ins>\r\n<script>\r\n     (adsbygoogle = window.adsbygoogle || []).push({});\r\n<\/script><\/div><\/div>","protected":false},"excerpt":{"rendered":"<p>Cijeli ovaj eksterijer podsje\u0107at \u0107e na srednjovjekovna sela po kojima je ovaj dio Francuske prepoznatljiv. Stanovnici \u0107e biti raspore\u0111eni u \u010detiri susjedstva od kojih \u0107e svako imati ambulatntu, trgovinu, knji\u017enicu, zemlju za obra\u0111ivanje i mjesta za dru\u017eenja. <\/p>\n","protected":false},"author":1,"featured_media":16318,"comment_status":"closed","ping_status":"closed","sticky":false,"template":"","format":"standard","meta":{"footnotes":""},"categories":[9],"tags":[138,734],"class_list":["post-16317","post","type-post","status-publish","format-standard","has-post-thumbnail","hentry","category-vijesti","tag-alzheimerova-bolest","tag-francuska"],"_links":{"self":[{"href":"https:\/\/www.mojevrijeme.hr\/magazin\/wp-json\/wp\/v2\/posts\/16317","targetHints":{"allow":["GET"]}}],"collection":[{"href":"https:\/\/www.mojevrijeme.hr\/magazin\/wp-json\/wp\/v2\/posts"}],"about":[{"href":"https:\/\/www.mojevrijeme.hr\/magazin\/wp-json\/wp\/v2\/types\/post"}],"author":[{"embeddable":true,"href":"https:\/\/www.mojevrijeme.hr\/magazin\/wp-json\/wp\/v2\/users\/1"}],"replies":[{"embeddable":true,"href":"https:\/\/www.mojevrijeme.hr\/magazin\/wp-json\/wp\/v2\/comments?post=16317"}],"version-history":[{"count":0,"href":"https:\/\/www.mojevrijeme.hr\/magazin\/wp-json\/wp\/v2\/posts\/16317\/revisions"}],"wp:featuredmedia":[{"embeddable":true,"href":"https:\/\/www.mojevrijeme.hr\/magazin\/wp-json\/wp\/v2\/media\/16318"}],"wp:attachment":[{"href":"https:\/\/www.mojevrijeme.hr\/magazin\/wp-json\/wp\/v2\/media?parent=16317"}],"wp:term":[{"taxonomy":"category","embeddable":true,"href":"https:\/\/www.mojevrijeme.hr\/magazin\/wp-json\/wp\/v2\/categories?post=16317"},{"taxonomy":"post_tag","embeddable":true,"href":"https:\/\/www.mojevrijeme.hr\/magazin\/wp-json\/wp\/v2\/tags?post=16317"}],"curies":[{"name":"wp","href":"https:\/\/api.w.org\/{rel}","templated":true}]}}