{"id":16383,"date":"2018-06-25T10:59:24","date_gmt":"2018-06-25T08:59:24","guid":{"rendered":"https:\/\/www.mojevrijeme.hr\/magazin\/?p=16383"},"modified":"2018-06-25T10:59:24","modified_gmt":"2018-06-25T08:59:24","slug":"ove-godine-8490-branitelja-zatrazilo-je-status-ratnog-vojnog-invalida","status":"publish","type":"post","link":"https:\/\/www.mojevrijeme.hr\/magazin\/2018\/06\/ove-godine-8490-branitelja-zatrazilo-je-status-ratnog-vojnog-invalida\/","title":{"rendered":"Ove godine 8490 branitelja zatra\u017eilo je status ratnog vojnog invalida"},"content":{"rendered":"<p>U prvih pet mjeseci od dono\u0161enja <strong>Zakona o hrvatskim braniteljima<\/strong> iz Domovinskog rata, koji je stupio na snagu potkraj prosinca, za priznavanje statusa hrvatskog ratnog vojnog invalida, zaklju\u010dno s 31. svibnja 2018., u nadle\u017enim uredima dr\u017eavne uprave zaprimljeno je ukupno 8490 zahtjeva.<\/p>\n<p>Ti su zahtjevi podneseni po osnovi bolesti, pogor\u0161anja bolesti, odnosno pojave bolesti kao posljedice sudjelovanja u obrani suvereniteta RH, koji se obra\u0111uju i kompletiraju kako bi mogli biti upu\u0107eni na stru\u010dnu procjenu u ovla\u0161tene zdravstvene ustanove, pi\u0161e\u00a0<a href=\"https:\/\/www.vecernji.hr\/vijesti\/u-pet-mjeseci-8490-branitelja-zatrazilo-status-ratnog-invalida-1254182\" target=\"_blank\" rel=\"noopener\"><strong>Ve\u010dernji list<\/strong><\/a>.<\/p>\n<p>Iz Ministarstva branitelja napominju da je, usprkos relativno visokom broju zahtjeva, tek 4239 predmeta kompletirano, \u0161to zna\u010di da je za svakog pojedina\u010dnog podnositelja zahtjeva prikupljena cjelovita medicinska dokumentacija, \u0161to podrazumijeva izvorne dokumente vezane za pojedine bolesti, temeljem kojih se tra\u017ei ostvarivanje prava, te opis ratnog puta, okolnosti stradavanja, sudjelovanje u Domovinskom ratu i sli\u010dno.<\/p><div id=\"mojev-3019575294\" class=\"mojev-u-tekstu mojev-entity-placement\" style=\"margin-left: auto;margin-right: auto;text-align: center;\"><div class=\"mojev-adlabel\">oglas<\/div><div style=\"height: 250px;\"><script async src=\"https:\/\/pagead2.googlesyndication.com\/pagead\/js\/adsbygoogle.js?client=ca-pub-8106111766207173\"\r\n     crossorigin=\"anonymous\"><\/script>\r\n<!-- Prikazni 1 u tekstu -->\r\n<ins class=\"adsbygoogle\"\r\n     style=\"display:block\"\r\n     data-ad-client=\"ca-pub-8106111766207173\"\r\n     data-ad-slot=\"8535551207\"\r\n     data-ad-format=\"auto\"\r\n     data-full-width-responsive=\"true\"><\/ins>\r\n<script>\r\n     (adsbygoogle = window.adsbygoogle || []).push({});\r\n<\/script><\/div><\/div><br style=\"clear: both; display: block; float: none;\"\/>\n<p>Tako\u0111er, isti\u010du kako je broj podnesenih zahtjeva u skladu s o\u010dekivanjima i planiranim financijskim projekcijama. Nadalje, iz resornog ministarstva isti\u010du kako je broj podnesenih zahtjeva za priznanje statusa HRVI-ja u skladu s o\u010dekivanjima i zbog \u010dinjenice da hrvatski branitelji iz Domovinskog rata u proteklih 12 godina nisu mogli podnositi zahtjeve temeljem bolesti kao i da je nakon 1. sije\u010dnja 2006. godine izvan zakonskog roka podneseno oko 7000 zahtjeva za utvr\u0111ivanje statusa HRVI-ja, a koji su u upravnom postupku odbijeni, odnosno odba\u010deni upravo zato \u0161to su podneseni izvan roka.<\/p>\n<p>&#8220;To zna\u010di da u ukupnom broju podnesenih zahtjeva u odre\u0111enom broju participiraju i podnositelji zahtjeva iz gore navedene broj\u010dane skupine koji stupanjem na snagu novog Zakona, iznova podnose zahtjeve&#8221;, poru\u010dili su iz Ministarstva.<\/p>\n<div id=\"attachment_16321\" style=\"width: 646px\" class=\"wp-caption aligncenter\"><a href=\"https:\/\/www.mojevrijeme.hr\/magazin\/2018\/06\/broj-partizanskih-i-ustaskih-mirovina-u-slobodnom-padu-branitelji-rastu\/\"><img loading=\"lazy\" decoding=\"async\" aria-describedby=\"caption-attachment-16321\" class=\"wp-image-16321 size-medium\" src=\"https:\/\/www.mojevrijeme.hr\/magazin\/wp-content\/uploads\/2018\/06\/povlastene-mirovine-ozujak-2018-branitelji-636x352.png\" alt=\"Kako dobiti braniteljsku mirovinu?\" width=\"636\" height=\"352\" srcset=\"https:\/\/www.mojevrijeme.hr\/magazin\/wp-content\/uploads\/2018\/06\/povlastene-mirovine-ozujak-2018-branitelji-636x352.png 636w, https:\/\/www.mojevrijeme.hr\/magazin\/wp-content\/uploads\/2018\/06\/povlastene-mirovine-ozujak-2018-branitelji.png 740w\" sizes=\"auto, (max-width: 636px) 100vw, 636px\" \/><\/a><p id=\"caption-attachment-16321\" class=\"wp-caption-text\">foto: MojeVrijeme.hr<\/p><\/div>\n<div id=\"mojev-1622355638\" class=\"mojev-kraj-teksta mojev-entity-placement\" style=\"margin-bottom: 20px;margin-left: auto;margin-right: auto;text-align: center;\"><div class=\"mojev-adlabel\">oglas<\/div><div style=\"height: 250px;\"><script async src=\"https:\/\/pagead2.googlesyndication.com\/pagead\/js\/adsbygoogle.js?client=ca-pub-8106111766207173\"\r\n     crossorigin=\"anonymous\"><\/script>\r\n<!-- Display-1 -->\r\n<ins class=\"adsbygoogle\"\r\n     style=\"display:block\"\r\n     data-ad-client=\"ca-pub-8106111766207173\"\r\n     data-ad-slot=\"1465712950\"\r\n     data-ad-format=\"auto\"\r\n     data-full-width-responsive=\"true\"><\/ins>\r\n<script>\r\n     (adsbygoogle = window.adsbygoogle || []).push({});\r\n<\/script><\/div><\/div>","protected":false},"excerpt":{"rendered":"<p>Ti su zahtjevi podneseni po osnovi bolesti, pogor\u0161anja bolesti, odnosno pojave bolesti kao posljedice sudjelovanja u obrani suvereniteta RH, koji se obra\u0111uju i kompletiraju kako bi mogli biti upu\u0107eni na stru\u010dnu procjenu u ovla\u0161tene zdravstvene ustanove. <\/p>\n","protected":false},"author":1,"featured_media":15741,"comment_status":"closed","ping_status":"closed","sticky":false,"template":"","format":"standard","meta":{"footnotes":""},"categories":[9],"tags":[627,934,1283,1284],"class_list":["post-16383","post","type-post","status-publish","format-standard","has-post-thumbnail","hentry","category-vijesti","tag-branitelji","tag-povlastene-mirovine","tag-ratni-invalidi","tag-tomo-medved"],"_links":{"self":[{"href":"https:\/\/www.mojevrijeme.hr\/magazin\/wp-json\/wp\/v2\/posts\/16383","targetHints":{"allow":["GET"]}}],"collection":[{"href":"https:\/\/www.mojevrijeme.hr\/magazin\/wp-json\/wp\/v2\/posts"}],"about":[{"href":"https:\/\/www.mojevrijeme.hr\/magazin\/wp-json\/wp\/v2\/types\/post"}],"author":[{"embeddable":true,"href":"https:\/\/www.mojevrijeme.hr\/magazin\/wp-json\/wp\/v2\/users\/1"}],"replies":[{"embeddable":true,"href":"https:\/\/www.mojevrijeme.hr\/magazin\/wp-json\/wp\/v2\/comments?post=16383"}],"version-history":[{"count":0,"href":"https:\/\/www.mojevrijeme.hr\/magazin\/wp-json\/wp\/v2\/posts\/16383\/revisions"}],"wp:featuredmedia":[{"embeddable":true,"href":"https:\/\/www.mojevrijeme.hr\/magazin\/wp-json\/wp\/v2\/media\/15741"}],"wp:attachment":[{"href":"https:\/\/www.mojevrijeme.hr\/magazin\/wp-json\/wp\/v2\/media?parent=16383"}],"wp:term":[{"taxonomy":"category","embeddable":true,"href":"https:\/\/www.mojevrijeme.hr\/magazin\/wp-json\/wp\/v2\/categories?post=16383"},{"taxonomy":"post_tag","embeddable":true,"href":"https:\/\/www.mojevrijeme.hr\/magazin\/wp-json\/wp\/v2\/tags?post=16383"}],"curies":[{"name":"wp","href":"https:\/\/api.w.org\/{rel}","templated":true}]}}