{"id":16422,"date":"2018-06-26T15:33:33","date_gmt":"2018-06-26T13:33:33","guid":{"rendered":"https:\/\/www.mojevrijeme.hr\/magazin\/?p=16422"},"modified":"2018-06-26T16:55:26","modified_gmt":"2018-06-26T14:55:26","slug":"branitelji-traze-invaliditet-i-zbog-bruha-dijabetesa-ili-ozlijede-noznog-prsta","status":"publish","type":"post","link":"https:\/\/www.mojevrijeme.hr\/magazin\/2018\/06\/branitelji-traze-invaliditet-i-zbog-bruha-dijabetesa-ili-ozlijede-noznog-prsta\/","title":{"rendered":"Branitelji tra\u017ee invaliditet i zbog bruha, dijabetesa ili ozljede prsta"},"content":{"rendered":"<p>Pet i po mjeseci nakon stupanja na snagu novog Zakona o braniteljima do kraja svibnja u Ministarstvo branitelja pristiglo je ukupno 8490 zahtjeva branitelja koji su zatra\u017eili status hrvatskog vojnog ratnog invalida. Naime, takozvani Medvedov zakon otvorio je bezgrani\u010dni rok u kojem branitelji mogu prijaviti zdravstvenu posljedicu sudjelovanja u obrani suvereniteta dr\u017eave, a samim time i utvr\u0111ivanje invalideteta, \u0161to im u kona\u010dnici nosi i ve\u0107u mirovinu.<\/p>\n<p>U tim zahtjevima mnogi su poku\u0161ali iskoristiti priliku kako bi se domogli invalidnine pa se me\u0111u zahtjevima, <a href=\"https:\/\/www.24sata.hr\/news\/zito-i-kukolj-operirao-sam-bruh-pa-bih-vojnu-mirovinu-579542\" target=\"_blank\" rel=\"noopener\">javlja <strong>portal 24sata<\/strong><\/a>, nalazi jedan od branitelja koji ima treskavicu ruku, operirao je herniju (bruh), ima \u010dak i jedan koji status tra\u017ei na osnovi ozljede no\u017enog prsta dok je bio u pri\u010duvi, a mnogo je onih koji tra\u017ee invalidninu na osnovi dijabetesa i kardiovaskularnih problema.<\/p>\n<p>&#8220;Prema dosada\u0161njem broju, oni su ipak manjina i \u010dine 30-ak posto zahtjeva. Ti zahtjevi \u0107e biti te\u0161ko odobreni iako su oni poku\u0161ali dobiti status i prikupili su svu dokumentaciju. Oni imaju bolesti koje su jednako prisutne i u op\u0107oj populaciji, a neki su zaista i\u0161li s apsurdnim zahtjevima&#8221;, kazao je za 24sata dobro upu\u0107en stru\u010dnjak kojemu su pro\u0161le stotine novih zahtjeva kroz ruke.<\/p><div id=\"mojev-1519017528\" class=\"mojev-u-tekstu mojev-entity-placement\" style=\"margin-left: auto;margin-right: auto;text-align: center;\"><div class=\"mojev-adlabel\">oglas<\/div><div style=\"height: 250px;\"><script async src=\"https:\/\/pagead2.googlesyndication.com\/pagead\/js\/adsbygoogle.js?client=ca-pub-8106111766207173\"\r\n     crossorigin=\"anonymous\"><\/script>\r\n<!-- Prikazni 1 u tekstu -->\r\n<ins class=\"adsbygoogle\"\r\n     style=\"display:block\"\r\n     data-ad-client=\"ca-pub-8106111766207173\"\r\n     data-ad-slot=\"8535551207\"\r\n     data-ad-format=\"auto\"\r\n     data-full-width-responsive=\"true\"><\/ins>\r\n<script>\r\n     (adsbygoogle = window.adsbygoogle || []).push({});\r\n<\/script><\/div><\/div><br style=\"clear: both; display: block; float: none;\"\/>\n<p>Nasuprot njih su oni koji imaju kontinuiranu povijest lije\u010denja, ljudi kojima je utvr\u0111en PTSP, ali se nisu prijavili u zadnjem roku, dio ljudi koji sad tra\u017ee status branitelja jer su ostali raditi, nisu tra\u017eili invalidnine, pa su time ostali o\u0161te\u0107eni nasuprot onih koji su rije\u0161ili svoj status, a takvi su, kako je objasnio stru\u010dnjak, ipak ve\u0107ina.<\/p>\n<p>\u010cak i u tom slu\u010daju oni s PTSP-om \u0107e, primjerice, dobiti tek privremeno rje\u0161enje koje \u0107e vrijediti tri godine. Dakle, svi koji su podnijeli zahtjev ne zna\u010di da \u0107e im na kraju biti i odobrena invalidnost, pi\u0161e 24sata.<\/p>\n<div id=\"attachment_16427\" style=\"width: 646px\" class=\"wp-caption aligncenter\"><img loading=\"lazy\" decoding=\"async\" aria-describedby=\"caption-attachment-16427\" class=\"size-medium wp-image-16427\" src=\"https:\/\/www.mojevrijeme.hr\/magazin\/wp-content\/uploads\/2018\/06\/predrag-matic-636x352.jpg\" alt=\"\" width=\"636\" height=\"352\" srcset=\"https:\/\/www.mojevrijeme.hr\/magazin\/wp-content\/uploads\/2018\/06\/predrag-matic-636x352.jpg 636w, https:\/\/www.mojevrijeme.hr\/magazin\/wp-content\/uploads\/2018\/06\/predrag-matic.jpg 740w\" sizes=\"auto, (max-width: 636px) 100vw, 636px\" \/><p id=\"caption-attachment-16427\" class=\"wp-caption-text\">Predrag Mati\u0107 (screenshot: N1)<\/p><\/div>\n<h3>Mati\u0107: &#8220;Ministar Medved je sindikalni povjerenik \u0161atora\u0161a&#8221;<\/h3>\n<p>Novonastalu situaciju komentirao je i biv\u0161i ministar branitelja iz Milanovi\u0107eve vlade <strong>Predrag Mati\u0107<\/strong>. \u201eO\u010dekivao sam to i govorio o tome u Saboru u raspravi. Moj glas je bio glas vapiju\u0107eg u pustinji, ali to je bilo uzalud. Poznam sve te ljude u glavu i tko je \u0161to u \u0161atora\u0161kom prosvjedu tra\u017eio. Vlada se tome nije uspjela oduprijeti. Ministar Medved je sindikalni povjerenik \u0161atora\u0161a, ono \u0161to oni po\u017eele, to on napravi. Plenkovi\u0107 nema snagu to odbiti jer ako odbije morao bi smijeniti ministra, a on bi se vratio u Sabor. A ministar je iz Karamarkove ekipe pa bi mu to ugrozilo ve\u0107inu. Oni prihva\u0107aju sve, iako je to neprovedivo\u201c, <a href=\"http:\/\/hr.n1info.com\/a312437\/Vijesti\/Predrag-Matic-o-Danu-drzavnosti-i-braniteljima.html\" target=\"_blank\" rel=\"noopener\">izjavio je za N1<\/a> Mati\u0107 uz rije\u010di kako je \u201etih 8 i pol tisu\u0107a ljudi tek vrh sante leda ili predvorje pakla\u201c.<\/p>\n<p>\u201eHDZ manipulira braniteljima ve\u0107 20 godina. Toliko su im zakomplicirali to priznavanje da, ili \u0107e to ostvariti svatko \u017eiv ili gotovo ne\u0107e nitko, odnosno ho\u0107e njihovi podobni. Pravi pakao po\u010dinje s 1. sije\u010dnja 2019. jer je gro odredbi mahom za financijske stvari. Taj dio branitelja nije tra\u017eio dostojanstvo, to nije ni bilo ugro\u017eeno, ugro\u017eeno je njihovim pona\u0161anjem. HDZ je zatvorio registar, a bit \u0107e novih branitelja. Invalida \u0107e biti kao u pri\u010di. Prosje\u010dni branitelj ima oko 56 godina kao ja. Svi koje bole le\u0111a, imaju i\u0161ijas, \u0107e tra\u017eiti prava. Psihijatrijske klinike su prepune tra\u017eitelja koji skupljaju dokumente. Njih \u0107e HDZ na kraju izigrati i dat \u0107e onim podobnima. Medved je u Saboru lakonski izjavio da \u0107e pro\u0107i samo 400 ljudi.<\/p>\n<p>Na 8500 dosad je prolaznost u Ministarstvu branitelja na temelju bolesti bila 75 posto. Neka sada bude 50 ili 25 posto. Izgleda da pacijenti koji su u komi, \u010dini se da za njih ima nade. Sjetiti se 30 godina nakon rata da je netko bio branitelj je nevjerojatna stvar, ali 25 godina se sjetiti da jo\u0161 ima\u0161 i neku bolest&#8230; Nije isklju\u010deno, ali je to jako malo\u201c, misli biv\u0161i ministar.<\/p>\n<div id=\"mojev-1072706694\" class=\"mojev-kraj-teksta mojev-entity-placement\" style=\"margin-bottom: 20px;margin-left: auto;margin-right: auto;text-align: center;\"><div class=\"mojev-adlabel\">oglas<\/div><div style=\"height: 250px;\"><script async src=\"https:\/\/pagead2.googlesyndication.com\/pagead\/js\/adsbygoogle.js?client=ca-pub-8106111766207173\"\r\n     crossorigin=\"anonymous\"><\/script>\r\n<!-- Display-1 -->\r\n<ins class=\"adsbygoogle\"\r\n     style=\"display:block\"\r\n     data-ad-client=\"ca-pub-8106111766207173\"\r\n     data-ad-slot=\"1465712950\"\r\n     data-ad-format=\"auto\"\r\n     data-full-width-responsive=\"true\"><\/ins>\r\n<script>\r\n     (adsbygoogle = window.adsbygoogle || []).push({});\r\n<\/script><\/div><\/div>","protected":false},"excerpt":{"rendered":"<p>Takozvani Medvedov zakon otvorio je bezgrani\u010dni rok u kojem branitelji mogu prijaviti zdravstvenu posljedicu sudjelovanja u obrani suvereniteta dr\u017eave, a samim time i utvr\u0111ivanje invalideteta, \u0161to im u kona\u010dnici nosi i ve\u0107u mirovinu.<\/p>\n","protected":false},"author":1,"featured_media":16423,"comment_status":"closed","ping_status":"closed","sticky":false,"template":"","format":"standard","meta":{"footnotes":""},"categories":[9],"tags":[627,934,1283],"class_list":["post-16422","post","type-post","status-publish","format-standard","has-post-thumbnail","hentry","category-vijesti","tag-branitelji","tag-povlastene-mirovine","tag-ratni-invalidi"],"_links":{"self":[{"href":"https:\/\/www.mojevrijeme.hr\/magazin\/wp-json\/wp\/v2\/posts\/16422","targetHints":{"allow":["GET"]}}],"collection":[{"href":"https:\/\/www.mojevrijeme.hr\/magazin\/wp-json\/wp\/v2\/posts"}],"about":[{"href":"https:\/\/www.mojevrijeme.hr\/magazin\/wp-json\/wp\/v2\/types\/post"}],"author":[{"embeddable":true,"href":"https:\/\/www.mojevrijeme.hr\/magazin\/wp-json\/wp\/v2\/users\/1"}],"replies":[{"embeddable":true,"href":"https:\/\/www.mojevrijeme.hr\/magazin\/wp-json\/wp\/v2\/comments?post=16422"}],"version-history":[{"count":0,"href":"https:\/\/www.mojevrijeme.hr\/magazin\/wp-json\/wp\/v2\/posts\/16422\/revisions"}],"wp:featuredmedia":[{"embeddable":true,"href":"https:\/\/www.mojevrijeme.hr\/magazin\/wp-json\/wp\/v2\/media\/16423"}],"wp:attachment":[{"href":"https:\/\/www.mojevrijeme.hr\/magazin\/wp-json\/wp\/v2\/media?parent=16422"}],"wp:term":[{"taxonomy":"category","embeddable":true,"href":"https:\/\/www.mojevrijeme.hr\/magazin\/wp-json\/wp\/v2\/categories?post=16422"},{"taxonomy":"post_tag","embeddable":true,"href":"https:\/\/www.mojevrijeme.hr\/magazin\/wp-json\/wp\/v2\/tags?post=16422"}],"curies":[{"name":"wp","href":"https:\/\/api.w.org\/{rel}","templated":true}]}}