{"id":16472,"date":"2018-05-24T19:59:26","date_gmt":"2018-05-24T17:59:26","guid":{"rendered":"https:\/\/www.mojevrijeme.hr\/magazin\/?p=16472"},"modified":"2018-06-28T20:02:17","modified_gmt":"2018-06-28T18:02:17","slug":"zagreb-je-dobio-novi-plan-gospodarenja-otpadom","status":"publish","type":"post","link":"https:\/\/www.mojevrijeme.hr\/magazin\/2018\/05\/zagreb-je-dobio-novi-plan-gospodarenja-otpadom\/","title":{"rendered":"Zagreb je dobio novi Plan gospodarenja otpadom"},"content":{"rendered":"<p>Zagreba\u010dka\u00a0Gradska\u00a0skup\u0161tina usvojila je Plan gospodarenja otpadom grada Zagreba za razdoblje od 2018.\u00a0do 2023. godine s 27 glasova za i 21 oporbenim glasom protiv, bez suzdr\u017eanih.\u00a0Ve\u0107inom glasova usvojen je i zaklju\u010dak tri kluba \u2013 HDZ-a, Neovisnih za Hrvatsku i stanke Bandi\u0107 Milan 365 \u2013 kojim se zadu\u017euje gradona\u010delnik na pokretanje postupka izmjena i dopuna Prostornog plana Grada Zagreba.<\/p>\n<p>Razlozi izmjena i dopuna Prostornog plana Grada Zagreba odre\u0111eni Odlukom o izradi izmjena i dopuna Prostornog plana Grada Zagreba su brisanje lokacije Obre\u0161\u010dica kao lokacije za postrojenje za obradu biootpada i lokacije Kostanjek kao lokacije za recikla\u017eno dvori\u0161te za gra\u0111evni otpad, te da se sukladno posebnim propisima istra\u017ee nove alternativne lokacije namijenjene gospodarenju otpadom od \u017eupanijskog i lokalnog zna\u010daja.\u00a0U raspravi je oporba kritizirala prijedlog Plana kao proma\u0161eni koncept.<\/p>\n<p>U ime Kluba gradskih zastupnika SDP-a, HSS-a i Naprijed Hrvatska! \u2013 Progresivni savez, Zvane Brumni\u0107 ocijenio je da je ovakav koncept Plana proma\u0161en.\u00a0\u201cOvaj i ovakav plan\u00a0se ni u \u010demu ne razlikuje od onoga kojeg smo dobili pro\u0161li put. Ove sve stvari koje se prebacuju u nekakvo budu\u0107e rje\u0161avanje \u0107e biti problemi koji \u0107e ponovno do\u0107i na Gradsku skup\u0161tinu i tada \u0107ete vi koji danas prihvatite Plan ponovno morati glasati jer \u0107e vam re\u0107i: To ste ve\u0107 jedanput izglasali, sada morate nastaviti glasati\u201d\u201d, kazao je Brumni\u0107.<\/p><div id=\"mojev-3305591519\" class=\"mojev-u-tekstu mojev-entity-placement\" style=\"margin-left: auto;margin-right: auto;text-align: center;\"><div class=\"mojev-adlabel\">oglas<\/div><div style=\"height: 250px;\"><script async src=\"https:\/\/pagead2.googlesyndication.com\/pagead\/js\/adsbygoogle.js?client=ca-pub-8106111766207173\"\r\n     crossorigin=\"anonymous\"><\/script>\r\n<!-- Prikazni 1 u tekstu -->\r\n<ins class=\"adsbygoogle\"\r\n     style=\"display:block\"\r\n     data-ad-client=\"ca-pub-8106111766207173\"\r\n     data-ad-slot=\"8535551207\"\r\n     data-ad-format=\"auto\"\r\n     data-full-width-responsive=\"true\"><\/ins>\r\n<script>\r\n     (adsbygoogle = window.adsbygoogle || []).push({});\r\n<\/script><\/div><\/div><br style=\"clear: both; display: block; float: none;\"\/>\n<p>Zastupnici su na sjednici ve\u0107inom glasova usvojili\u00a0izmjene i dopune Poslovnika zagreba\u010dke Gradske skup\u0161tine.<\/p>\n<div id=\"mojev-1932171113\" class=\"mojev-kraj-teksta mojev-entity-placement\" style=\"margin-bottom: 20px;margin-left: auto;margin-right: auto;text-align: center;\"><div class=\"mojev-adlabel\">oglas<\/div><div style=\"height: 250px;\"><script async src=\"https:\/\/pagead2.googlesyndication.com\/pagead\/js\/adsbygoogle.js?client=ca-pub-8106111766207173\"\r\n     crossorigin=\"anonymous\"><\/script>\r\n<!-- Display-1 -->\r\n<ins class=\"adsbygoogle\"\r\n     style=\"display:block\"\r\n     data-ad-client=\"ca-pub-8106111766207173\"\r\n     data-ad-slot=\"1465712950\"\r\n     data-ad-format=\"auto\"\r\n     data-full-width-responsive=\"true\"><\/ins>\r\n<script>\r\n     (adsbygoogle = window.adsbygoogle || []).push({});\r\n<\/script><\/div><\/div>","protected":false},"excerpt":{"rendered":"<p>Razlozi izmjena i dopuna Prostornog plana Grada Zagreba odre\u0111eni Odlukom o izradi izmjena i dopuna Prostornog plana Grada Zagreba su brisanje lokacije Obre\u0161\u010dica kao lokacije za postrojenje za obradu biootpada i lokacije Kostanjek kao lokacije za recikla\u017eno dvori\u0161te za gra\u0111evni otpad. <\/p>\n","protected":false},"author":1,"featured_media":11728,"comment_status":"closed","ping_status":"closed","sticky":false,"template":"","format":"standard","meta":{"footnotes":""},"categories":[9],"tags":[605,39],"class_list":["post-16472","post","type-post","status-publish","format-standard","has-post-thumbnail","hentry","category-vijesti","tag-otpad","tag-zagreb"],"_links":{"self":[{"href":"https:\/\/www.mojevrijeme.hr\/magazin\/wp-json\/wp\/v2\/posts\/16472","targetHints":{"allow":["GET"]}}],"collection":[{"href":"https:\/\/www.mojevrijeme.hr\/magazin\/wp-json\/wp\/v2\/posts"}],"about":[{"href":"https:\/\/www.mojevrijeme.hr\/magazin\/wp-json\/wp\/v2\/types\/post"}],"author":[{"embeddable":true,"href":"https:\/\/www.mojevrijeme.hr\/magazin\/wp-json\/wp\/v2\/users\/1"}],"replies":[{"embeddable":true,"href":"https:\/\/www.mojevrijeme.hr\/magazin\/wp-json\/wp\/v2\/comments?post=16472"}],"version-history":[{"count":0,"href":"https:\/\/www.mojevrijeme.hr\/magazin\/wp-json\/wp\/v2\/posts\/16472\/revisions"}],"wp:featuredmedia":[{"embeddable":true,"href":"https:\/\/www.mojevrijeme.hr\/magazin\/wp-json\/wp\/v2\/media\/11728"}],"wp:attachment":[{"href":"https:\/\/www.mojevrijeme.hr\/magazin\/wp-json\/wp\/v2\/media?parent=16472"}],"wp:term":[{"taxonomy":"category","embeddable":true,"href":"https:\/\/www.mojevrijeme.hr\/magazin\/wp-json\/wp\/v2\/categories?post=16472"},{"taxonomy":"post_tag","embeddable":true,"href":"https:\/\/www.mojevrijeme.hr\/magazin\/wp-json\/wp\/v2\/tags?post=16472"}],"curies":[{"name":"wp","href":"https:\/\/api.w.org\/{rel}","templated":true}]}}